{"id":9798,"date":"2019-09-26T08:50:00","date_gmt":"2019-09-26T05:50:00","guid":{"rendered":"https:\/\/www.kktavastia.fi\/ammattiopisto-tavastia\/?p=9798"},"modified":"2019-09-26T08:50:00","modified_gmt":"2019-09-26T05:50:00","slug":"tyoelaman-edustajat-tavastiaan-tutustumassa","status":"publish","type":"post","link":"https:\/\/www.kktavastia.fi\/ammattiopisto\/2019\/09\/26\/tyoelaman-edustajat-tavastiaan-tutustumassa\/","title":{"rendered":"Ty\u00f6el\u00e4m\u00e4n edustajat Tavastiaan tutustumassa"},"content":{"rendered":"<div id='gallery-1' class='gallery galleryid-9798 gallery-columns-3 gallery-size-thumbnail'><figure class='gallery-item'>\n\t\t\t<div class='gallery-icon landscape'>\n\t\t\t\t<a href='https:\/\/www.kktavastia.fi\/ammattiopisto\/2019\/09\/26\/tyoelaman-edustajat-tavastiaan-tutustumassa\/img_7355\/'><img loading=\"lazy\" decoding=\"async\" width=\"150\" height=\"150\" src=\"https:\/\/www.kktavastia.fi\/media\/sites\/2\/img_7355-150x150.jpg\" class=\"attachment-thumbnail size-thumbnail\" alt=\"\" aria-describedby=\"gallery-1-9799\" \/><\/a>\n\t\t\t<\/div>\n\t\t\t\t<figcaption class='wp-caption-text gallery-caption' id='gallery-1-9799'>\n\t\t\t\tTapahtuma alkoi aamiaisella ja Heini Kujalan ajankohtaiskatsauksella.\n\t\t\t\t<\/figcaption><\/figure><figure class='gallery-item'>\n\t\t\t<div class='gallery-icon portrait'>\n\t\t\t\t<a href='https:\/\/www.kktavastia.fi\/ammattiopisto\/2019\/09\/26\/tyoelaman-edustajat-tavastiaan-tutustumassa\/img_20190925_091312-2\/'><img loading=\"lazy\" decoding=\"async\" width=\"150\" height=\"150\" src=\"https:\/\/www.kktavastia.fi\/media\/sites\/2\/img_20190925_091312-1-150x150.jpg\" class=\"attachment-thumbnail size-thumbnail\" alt=\"\" aria-describedby=\"gallery-1-9809\" \/><\/a>\n\t\t\t<\/div>\n\t\t\t\t<figcaption class='wp-caption-text gallery-caption' id='gallery-1-9809'>\n\t\t\t\tKierroksille l\u00e4hdettiin matkailuopiskelijoiden johdolla.\n\t\t\t\t<\/figcaption><\/figure><figure class='gallery-item'>\n\t\t\t<div class='gallery-icon landscape'>\n\t\t\t\t<a href='https:\/\/www.kktavastia.fi\/ammattiopisto\/2019\/09\/26\/tyoelaman-edustajat-tavastiaan-tutustumassa\/img_7366\/'><img loading=\"lazy\" decoding=\"async\" width=\"150\" height=\"150\" src=\"https:\/\/www.kktavastia.fi\/media\/sites\/2\/img_7366-150x150.jpg\" class=\"attachment-thumbnail size-thumbnail\" alt=\"\" aria-describedby=\"gallery-1-9800\" \/><\/a>\n\t\t\t<\/div>\n\t\t\t\t<figcaption class='wp-caption-text gallery-caption' id='gallery-1-9800'>\n\t\t\t\tLeipomossa tehtiin lehtitaikinasta viinereit\u00e4 ja croissantteja.\n\t\t\t\t<\/figcaption><\/figure><figure class='gallery-item'>\n\t\t\t<div class='gallery-icon landscape'>\n\t\t\t\t<a href='https:\/\/www.kktavastia.fi\/ammattiopisto\/2019\/09\/26\/tyoelaman-edustajat-tavastiaan-tutustumassa\/img_7373\/'><img loading=\"lazy\" decoding=\"async\" width=\"150\" height=\"150\" src=\"https:\/\/www.kktavastia.fi\/media\/sites\/2\/img_7373-150x150.jpg\" class=\"attachment-thumbnail size-thumbnail\" alt=\"\" aria-describedby=\"gallery-1-9801\" \/><\/a>\n\t\t\t<\/div>\n\t\t\t\t<figcaption class='wp-caption-text gallery-caption' id='gallery-1-9801'>\n\t\t\t\tModistien taidonn\u00e4ytteit\u00e4.\n\t\t\t\t<\/figcaption><\/figure><figure class='gallery-item'>\n\t\t\t<div class='gallery-icon portrait'>\n\t\t\t\t<a href='https:\/\/www.kktavastia.fi\/ammattiopisto\/2019\/09\/26\/tyoelaman-edustajat-tavastiaan-tutustumassa\/img_20190925_102132-2\/'><img loading=\"lazy\" decoding=\"async\" width=\"150\" height=\"150\" src=\"https:\/\/www.kktavastia.fi\/media\/sites\/2\/img_20190925_102132-1-150x150.jpg\" class=\"attachment-thumbnail size-thumbnail\" alt=\"\" aria-describedby=\"gallery-1-9810\" \/><\/a>\n\t\t\t<\/div>\n\t\t\t\t<figcaption class='wp-caption-text gallery-caption' id='gallery-1-9810'>\n\t\t\t\tSuutarit k\u00e4ytt\u00e4v\u00e4t lestej\u00e4 kenkienteossa.\n\t\t\t\t<\/figcaption><\/figure><figure class='gallery-item'>\n\t\t\t<div class='gallery-icon portrait'>\n\t\t\t\t<a href='https:\/\/www.kktavastia.fi\/ammattiopisto\/2019\/09\/26\/tyoelaman-edustajat-tavastiaan-tutustumassa\/img_20190925_103352-2\/'><img loading=\"lazy\" decoding=\"async\" width=\"150\" height=\"150\" src=\"https:\/\/www.kktavastia.fi\/media\/sites\/2\/img_20190925_103352-1-150x150.jpg\" class=\"attachment-thumbnail size-thumbnail\" alt=\"\" aria-describedby=\"gallery-1-9811\" \/><\/a>\n\t\t\t<\/div>\n\t\t\t\t<figcaption class='wp-caption-text gallery-caption' id='gallery-1-9811'>\n\t\t\t\tYhdell\u00e4 kierroksella tutustuttin my\u00f6s el\u00e4myspuistoon ja ulkokuntosaliin.\n\t\t\t\t<\/figcaption><\/figure><figure class='gallery-item'>\n\t\t\t<div class='gallery-icon landscape'>\n\t\t\t\t<a href='https:\/\/www.kktavastia.fi\/ammattiopisto\/2019\/09\/26\/tyoelaman-edustajat-tavastiaan-tutustumassa\/img_20190925_104544\/'><img loading=\"lazy\" decoding=\"async\" width=\"150\" height=\"150\" src=\"https:\/\/www.kktavastia.fi\/media\/sites\/2\/img_20190925_104544-150x150.jpg\" class=\"attachment-thumbnail size-thumbnail\" alt=\"\" aria-describedby=\"gallery-1-9808\" \/><\/a>\n\t\t\t<\/div>\n\t\t\t\t<figcaption class='wp-caption-text gallery-caption' id='gallery-1-9808'>\n\t\t\t\tPunaportilla kokkiopiskelijat taikoivat lounasta.\n\t\t\t\t<\/figcaption><\/figure><figure class='gallery-item'>\n\t\t\t<div class='gallery-icon landscape'>\n\t\t\t\t<a href='https:\/\/www.kktavastia.fi\/ammattiopisto\/2019\/09\/26\/tyoelaman-edustajat-tavastiaan-tutustumassa\/img_7400\/'><img loading=\"lazy\" decoding=\"async\" width=\"150\" height=\"150\" src=\"https:\/\/www.kktavastia.fi\/media\/sites\/2\/img_7400-150x150.jpg\" class=\"attachment-thumbnail size-thumbnail\" alt=\"\" aria-describedby=\"gallery-1-9802\" \/><\/a>\n\t\t\t<\/div>\n\t\t\t\t<figcaption class='wp-caption-text gallery-caption' id='gallery-1-9802'>\n\t\t\t\tTurengista l\u00f6ytyy my\u00f6s ajoharjoittelusimulaattorit.\n\t\t\t\t<\/figcaption><\/figure><figure class='gallery-item'>\n\t\t\t<div class='gallery-icon landscape'>\n\t\t\t\t<a href='https:\/\/www.kktavastia.fi\/ammattiopisto\/2019\/09\/26\/tyoelaman-edustajat-tavastiaan-tutustumassa\/img_7411\/'><img loading=\"lazy\" decoding=\"async\" width=\"150\" height=\"150\" src=\"https:\/\/www.kktavastia.fi\/media\/sites\/2\/img_7411-150x150.jpg\" class=\"attachment-thumbnail size-thumbnail\" alt=\"\" aria-describedby=\"gallery-1-9803\" \/><\/a>\n\t\t\t<\/div>\n\t\t\t\t<figcaption class='wp-caption-text gallery-caption' id='gallery-1-9803'>\n\t\t\t\tPeruutusharjoituksia.\n\t\t\t\t<\/figcaption><\/figure><figure class='gallery-item'>\n\t\t\t<div class='gallery-icon landscape'>\n\t\t\t\t<a href='https:\/\/www.kktavastia.fi\/ammattiopisto\/2019\/09\/26\/tyoelaman-edustajat-tavastiaan-tutustumassa\/img_7412\/'><img loading=\"lazy\" decoding=\"async\" width=\"150\" height=\"150\" src=\"https:\/\/www.kktavastia.fi\/media\/sites\/2\/img_7412-150x150.jpg\" class=\"attachment-thumbnail size-thumbnail\" alt=\"\" \/><\/a>\n\t\t\t<\/div><\/figure>\n\t\t<\/div>\n\n<p>Ty\u00f6el\u00e4m\u00e4yhteisty\u00f6 on t\u00e4n\u00e4 p\u00e4iv\u00e4n\u00e4 Ammattiopisto Tavastialle ja ammattiin opiskeleville todella t\u00e4rke\u00e4\u00e4. Ammatillisen koulutuksen reformin my\u00f6t\u00e4 oppiminen tapahtuu yh\u00e4 enemm\u00e4n ty\u00f6paikoilla, ja opiskelijat antavat n\u00e4ytt\u00f6j\u00e4 osaamisestaan opettajien ja koulun sijaan ty\u00f6el\u00e4m\u00e4ss\u00e4.<\/p>\n<p>Ensimm\u00e4ist\u00e4 Tavastia tutuksi ty\u00f6el\u00e4m\u00e4lle -tapahtumaa vietettiin keskiviikkona 25.9.2019. Tapahtuman my\u00f6t\u00e4 haluttiin tuoda nykyaikaista ammatillista koulutusta tutummaksi ja kertoa tarkemmin, mit\u00e4 opettajien ja opiskelijoiden arki t\u00e4n\u00e4 p\u00e4iv\u00e4n\u00e4 on.<\/p>\n<p>Ty\u00f6el\u00e4m\u00e4tapahtuma alkoi Hattelmalantien kampuksella aamiaisella ja Ammattiopisto Tavastian rehtori <strong>Heini Kujalan<\/strong> katsauksella avainlukuihin ja opiskelun moniin muotoihin. Perinteisen peruskoulunsa p\u00e4\u00e4tt\u00e4ville suunnatun yhteishaun lis\u00e4ksi opiskelemaan voi hakea kuka tahansa jatkuvassa haussa ymp\u00e4ri vuoden, ja tutkintoa voi suorittaa my\u00f6s oppi- tai koulutussopimuksella. My\u00f6s erilaiset ty\u00f6voimakoulutukset ja t\u00e4ydennyskoulutukset ovat nyky\u00e4\u00e4n arkip\u00e4iv\u00e4\u00e4 lupa- ja korttikoulutusten rinnalla.<\/p>\n<p>Aamiaisen j\u00e4lkeen tapahtuman osallistujat l\u00e4htiv\u00e4t matkailualan opiskelijoiden johdolla kiert\u00e4m\u00e4\u00e4n kampusaluetta ennakkoon valitsemansa reittien mukaisesti. Mukana kierroksilla olivat my\u00f6s osastojen koulutusp\u00e4\u00e4llik\u00f6t, jotka kertoivat oman alansa opiskelusta ja esitteliv\u00e4t opetustiloja. Kierroksilla n\u00e4htiin ty\u00f6n touhussa olevia opiskelijoita ja opettajia. Nykyaikaiset ja erityisesti juuri remontoidut opetustilat kirvoittivat osallistujilta h\u00e4mm\u00e4styneit\u00e4 positiivisia kommentteja. Iltap\u00e4iv\u00e4ll\u00e4 tapahtuma jatkui viel\u00e4 Turengin yksik\u00f6ss\u00e4, jossa osallistujat p\u00e4\u00e4siv\u00e4t tutustumaan logistiikka-alan opetukseen.<\/p>\n<p>Tavastia tutuksi ty\u00f6el\u00e4m\u00e4lle -tapahtumasta aiotaan tehd\u00e4 perinne, joten ty\u00f6el\u00e4m\u00e4n edustajilla on jatkossakin mahdollisuus p\u00e4\u00e4st\u00e4 tutustumaan ammatillisen koulutuksen arkeen. Ollaan kuitenkin yhteydess\u00e4 puolin ja toisin my\u00f6s tapahtumien v\u00e4lill\u00e4!<\/p>\n","protected":false},"excerpt":{"rendered":"<p>Ty\u00f6el\u00e4m\u00e4yhteisty\u00f6 on t\u00e4n\u00e4 p\u00e4iv\u00e4n\u00e4 Ammattiopisto Tavastialle ja ammattiin opiskeleville todella t\u00e4rke\u00e4\u00e4. Ammatillisen koulutuksen reformin my\u00f6t\u00e4 oppiminen tapahtuu yh\u00e4 enemm\u00e4n ty\u00f6paikoilla, [&hellip;]<\/p>\n","protected":false},"author":6,"featured_media":9812,"comment_status":"closed","ping_status":"closed","sticky":false,"template":"","format":"standard","meta":{"_acf_changed":false,"_relevanssi_hide_post":"","_relevanssi_hide_content":"","_relevanssi_pin_for_all":"","_relevanssi_pin_keywords":"","_relevanssi_unpin_keywords":"","_relevanssi_related_keywords":"","_relevanssi_related_include_ids":"","_relevanssi_related_exclude_ids":"","_relevanssi_related_no_append":"","_relevanssi_related_not_related":"","_relevanssi_related_posts":"","_relevanssi_noindex_reason":"","footnotes":""},"categories":[1],"tags":[],"class_list":["post-9798","post","type-post","status-publish","format-standard","has-post-thumbnail","hentry","category-yleinen"],"acf":[],"yoast_head":"<title>Ty\u00f6el\u00e4m\u00e4n edustajat Tavastiaan tutustumassa - Ammattiopisto Tavastia<\/title>\n<meta name=\"robots\" content=\"index, follow, max-snippet:-1, max-image-preview:large, max-video-preview:-1\" \/>\n<link rel=\"canonical\" href=\"https:\/\/www.kktavastia.fi\/ammattiopisto\/2019\/09\/26\/tyoelaman-edustajat-tavastiaan-tutustumassa\/\" \/>\n<meta property=\"og:locale\" content=\"fi_FI\" \/>\n<meta property=\"og:type\" content=\"article\" \/>\n<meta property=\"og:title\" content=\"Ty\u00f6el\u00e4m\u00e4n edustajat Tavastiaan tutustumassa - Ammattiopisto Tavastia\" \/>\n<meta property=\"og:description\" content=\"Ty\u00f6el\u00e4m\u00e4yhteisty\u00f6 on t\u00e4n\u00e4 p\u00e4iv\u00e4n\u00e4 Ammattiopisto Tavastialle ja ammattiin opiskeleville todella t\u00e4rke\u00e4\u00e4. Ammatillisen koulutuksen reformin my\u00f6t\u00e4 oppiminen tapahtuu yh\u00e4 enemm\u00e4n ty\u00f6paikoilla, [&hellip;]\" \/>\n<meta property=\"og:url\" content=\"https:\/\/www.kktavastia.fi\/ammattiopisto\/2019\/09\/26\/tyoelaman-edustajat-tavastiaan-tutustumassa\/\" \/>\n<meta property=\"og:site_name\" content=\"Ammattiopisto Tavastia\" \/>\n<meta property=\"article:published_time\" content=\"2019-09-26T05:50:00+00:00\" \/>\n<meta property=\"og:image\" content=\"https:\/\/www.kktavastia.fi\/media\/sites\/2\/img_7400etusivu.jpg\" \/>\n\t<meta property=\"og:image:width\" content=\"2000\" \/>\n\t<meta property=\"og:image:height\" content=\"1333\" \/>\n\t<meta property=\"og:image:type\" content=\"image\/jpeg\" \/>\n<meta name=\"author\" content=\"saraseppala\" \/>\n<meta name=\"twitter:card\" content=\"summary_large_image\" \/>\n<script type=\"application\/ld+json\" class=\"yoast-schema-graph\">{\"@context\":\"https:\\\/\\\/schema.org\",\"@graph\":[{\"@type\":\"Article\",\"@id\":\"https:\\\/\\\/www.kktavastia.fi\\\/ammattiopisto\\\/2019\\\/09\\\/26\\\/tyoelaman-edustajat-tavastiaan-tutustumassa\\\/#article\",\"isPartOf\":{\"@id\":\"https:\\\/\\\/www.kktavastia.fi\\\/ammattiopisto\\\/2019\\\/09\\\/26\\\/tyoelaman-edustajat-tavastiaan-tutustumassa\\\/\"},\"author\":{\"name\":\"saraseppala\",\"@id\":\"https:\\\/\\\/www.kktavastia.fi\\\/ammattiopisto\\\/#\\\/schema\\\/person\\\/817cce3016d2f14b9a7ed273534dcf4d\"},\"headline\":\"Ty\u00f6el\u00e4m\u00e4n edustajat Tavastiaan tutustumassa\",\"datePublished\":\"2019-09-26T05:50:00+00:00\",\"mainEntityOfPage\":{\"@id\":\"https:\\\/\\\/www.kktavastia.fi\\\/ammattiopisto\\\/2019\\\/09\\\/26\\\/tyoelaman-edustajat-tavastiaan-tutustumassa\\\/\"},\"wordCount\":266,\"image\":{\"@id\":\"https:\\\/\\\/www.kktavastia.fi\\\/ammattiopisto\\\/2019\\\/09\\\/26\\\/tyoelaman-edustajat-tavastiaan-tutustumassa\\\/#primaryimage\"},\"thumbnailUrl\":\"https:\\\/\\\/www.kktavastia.fi\\\/media\\\/sites\\\/2\\\/img_7400etusivu.jpg\",\"inLanguage\":\"fi\"},{\"@type\":\"WebPage\",\"@id\":\"https:\\\/\\\/www.kktavastia.fi\\\/ammattiopisto\\\/2019\\\/09\\\/26\\\/tyoelaman-edustajat-tavastiaan-tutustumassa\\\/\",\"url\":\"https:\\\/\\\/www.kktavastia.fi\\\/ammattiopisto\\\/2019\\\/09\\\/26\\\/tyoelaman-edustajat-tavastiaan-tutustumassa\\\/\",\"name\":\"Ty\u00f6el\u00e4m\u00e4n edustajat Tavastiaan tutustumassa - Ammattiopisto Tavastia\",\"isPartOf\":{\"@id\":\"https:\\\/\\\/www.kktavastia.fi\\\/ammattiopisto\\\/#website\"},\"primaryImageOfPage\":{\"@id\":\"https:\\\/\\\/www.kktavastia.fi\\\/ammattiopisto\\\/2019\\\/09\\\/26\\\/tyoelaman-edustajat-tavastiaan-tutustumassa\\\/#primaryimage\"},\"image\":{\"@id\":\"https:\\\/\\\/www.kktavastia.fi\\\/ammattiopisto\\\/2019\\\/09\\\/26\\\/tyoelaman-edustajat-tavastiaan-tutustumassa\\\/#primaryimage\"},\"thumbnailUrl\":\"https:\\\/\\\/www.kktavastia.fi\\\/media\\\/sites\\\/2\\\/img_7400etusivu.jpg\",\"datePublished\":\"2019-09-26T05:50:00+00:00\",\"author\":{\"@id\":\"https:\\\/\\\/www.kktavastia.fi\\\/ammattiopisto\\\/#\\\/schema\\\/person\\\/817cce3016d2f14b9a7ed273534dcf4d\"},\"breadcrumb\":{\"@id\":\"https:\\\/\\\/www.kktavastia.fi\\\/ammattiopisto\\\/2019\\\/09\\\/26\\\/tyoelaman-edustajat-tavastiaan-tutustumassa\\\/#breadcrumb\"},\"inLanguage\":\"fi\",\"potentialAction\":[{\"@type\":\"ReadAction\",\"target\":[\"https:\\\/\\\/www.kktavastia.fi\\\/ammattiopisto\\\/2019\\\/09\\\/26\\\/tyoelaman-edustajat-tavastiaan-tutustumassa\\\/\"]}]},{\"@type\":\"ImageObject\",\"inLanguage\":\"fi\",\"@id\":\"https:\\\/\\\/www.kktavastia.fi\\\/ammattiopisto\\\/2019\\\/09\\\/26\\\/tyoelaman-edustajat-tavastiaan-tutustumassa\\\/#primaryimage\",\"url\":\"https:\\\/\\\/www.kktavastia.fi\\\/media\\\/sites\\\/2\\\/img_7400etusivu.jpg\",\"contentUrl\":\"https:\\\/\\\/www.kktavastia.fi\\\/media\\\/sites\\\/2\\\/img_7400etusivu.jpg\",\"width\":2000,\"height\":1333},{\"@type\":\"BreadcrumbList\",\"@id\":\"https:\\\/\\\/www.kktavastia.fi\\\/ammattiopisto\\\/2019\\\/09\\\/26\\\/tyoelaman-edustajat-tavastiaan-tutustumassa\\\/#breadcrumb\",\"itemListElement\":[{\"@type\":\"ListItem\",\"position\":1,\"name\":\"Home\",\"item\":\"https:\\\/\\\/www.kktavastia.fi\\\/ammattiopisto\\\/\"},{\"@type\":\"ListItem\",\"position\":2,\"name\":\"Ty\u00f6el\u00e4m\u00e4n edustajat Tavastiaan tutustumassa\"}]},{\"@type\":\"WebSite\",\"@id\":\"https:\\\/\\\/www.kktavastia.fi\\\/ammattiopisto\\\/#website\",\"url\":\"https:\\\/\\\/www.kktavastia.fi\\\/ammattiopisto\\\/\",\"name\":\"Ammattiopisto Tavastia\",\"description\":\"\",\"potentialAction\":[{\"@type\":\"SearchAction\",\"target\":{\"@type\":\"EntryPoint\",\"urlTemplate\":\"https:\\\/\\\/www.kktavastia.fi\\\/ammattiopisto\\\/?s={search_term_string}\"},\"query-input\":{\"@type\":\"PropertyValueSpecification\",\"valueRequired\":true,\"valueName\":\"search_term_string\"}}],\"inLanguage\":\"fi\"},{\"@type\":\"Person\",\"@id\":\"https:\\\/\\\/www.kktavastia.fi\\\/ammattiopisto\\\/#\\\/schema\\\/person\\\/817cce3016d2f14b9a7ed273534dcf4d\",\"name\":\"saraseppala\",\"image\":{\"@type\":\"ImageObject\",\"inLanguage\":\"fi\",\"@id\":\"https:\\\/\\\/secure.gravatar.com\\\/avatar\\\/478c9f0d13d5df0e5e3d2ec80a1d93afb10baa5bf0f981b9874b9ad1ff76cafc?s=96&d=mm&r=g\",\"url\":\"https:\\\/\\\/secure.gravatar.com\\\/avatar\\\/478c9f0d13d5df0e5e3d2ec80a1d93afb10baa5bf0f981b9874b9ad1ff76cafc?s=96&d=mm&r=g\",\"contentUrl\":\"https:\\\/\\\/secure.gravatar.com\\\/avatar\\\/478c9f0d13d5df0e5e3d2ec80a1d93afb10baa5bf0f981b9874b9ad1ff76cafc?s=96&d=mm&r=g\",\"caption\":\"saraseppala\"},\"url\":\"https:\\\/\\\/www.kktavastia.fi\\\/ammattiopisto\\\/author\\\/saraseppala\\\/\"}]}<\/script>","yoast_head_json":{"title":"Ty\u00f6el\u00e4m\u00e4n edustajat Tavastiaan tutustumassa - Ammattiopisto Tavastia","robots":{"index":"index","follow":"follow","max-snippet":"max-snippet:-1","max-image-preview":"max-image-preview:large","max-video-preview":"max-video-preview:-1"},"canonical":"https:\/\/www.kktavastia.fi\/ammattiopisto\/2019\/09\/26\/tyoelaman-edustajat-tavastiaan-tutustumassa\/","og_locale":"fi_FI","og_type":"article","og_title":"Ty\u00f6el\u00e4m\u00e4n edustajat Tavastiaan tutustumassa - Ammattiopisto Tavastia","og_description":"Ty\u00f6el\u00e4m\u00e4yhteisty\u00f6 on t\u00e4n\u00e4 p\u00e4iv\u00e4n\u00e4 Ammattiopisto Tavastialle ja ammattiin opiskeleville todella t\u00e4rke\u00e4\u00e4. Ammatillisen koulutuksen reformin my\u00f6t\u00e4 oppiminen tapahtuu yh\u00e4 enemm\u00e4n ty\u00f6paikoilla, [&hellip;]","og_url":"https:\/\/www.kktavastia.fi\/ammattiopisto\/2019\/09\/26\/tyoelaman-edustajat-tavastiaan-tutustumassa\/","og_site_name":"Ammattiopisto Tavastia","article_published_time":"2019-09-26T05:50:00+00:00","og_image":[{"width":2000,"height":1333,"url":"https:\/\/www.kktavastia.fi\/media\/sites\/2\/img_7400etusivu.jpg","type":"image\/jpeg"}],"author":"saraseppala","twitter_card":"summary_large_image","schema":{"@context":"https:\/\/schema.org","@graph":[{"@type":"Article","@id":"https:\/\/www.kktavastia.fi\/ammattiopisto\/2019\/09\/26\/tyoelaman-edustajat-tavastiaan-tutustumassa\/#article","isPartOf":{"@id":"https:\/\/www.kktavastia.fi\/ammattiopisto\/2019\/09\/26\/tyoelaman-edustajat-tavastiaan-tutustumassa\/"},"author":{"name":"saraseppala","@id":"https:\/\/www.kktavastia.fi\/ammattiopisto\/#\/schema\/person\/817cce3016d2f14b9a7ed273534dcf4d"},"headline":"Ty\u00f6el\u00e4m\u00e4n edustajat Tavastiaan tutustumassa","datePublished":"2019-09-26T05:50:00+00:00","mainEntityOfPage":{"@id":"https:\/\/www.kktavastia.fi\/ammattiopisto\/2019\/09\/26\/tyoelaman-edustajat-tavastiaan-tutustumassa\/"},"wordCount":266,"image":{"@id":"https:\/\/www.kktavastia.fi\/ammattiopisto\/2019\/09\/26\/tyoelaman-edustajat-tavastiaan-tutustumassa\/#primaryimage"},"thumbnailUrl":"https:\/\/www.kktavastia.fi\/media\/sites\/2\/img_7400etusivu.jpg","inLanguage":"fi"},{"@type":"WebPage","@id":"https:\/\/www.kktavastia.fi\/ammattiopisto\/2019\/09\/26\/tyoelaman-edustajat-tavastiaan-tutustumassa\/","url":"https:\/\/www.kktavastia.fi\/ammattiopisto\/2019\/09\/26\/tyoelaman-edustajat-tavastiaan-tutustumassa\/","name":"Ty\u00f6el\u00e4m\u00e4n edustajat Tavastiaan tutustumassa - Ammattiopisto Tavastia","isPartOf":{"@id":"https:\/\/www.kktavastia.fi\/ammattiopisto\/#website"},"primaryImageOfPage":{"@id":"https:\/\/www.kktavastia.fi\/ammattiopisto\/2019\/09\/26\/tyoelaman-edustajat-tavastiaan-tutustumassa\/#primaryimage"},"image":{"@id":"https:\/\/www.kktavastia.fi\/ammattiopisto\/2019\/09\/26\/tyoelaman-edustajat-tavastiaan-tutustumassa\/#primaryimage"},"thumbnailUrl":"https:\/\/www.kktavastia.fi\/media\/sites\/2\/img_7400etusivu.jpg","datePublished":"2019-09-26T05:50:00+00:00","author":{"@id":"https:\/\/www.kktavastia.fi\/ammattiopisto\/#\/schema\/person\/817cce3016d2f14b9a7ed273534dcf4d"},"breadcrumb":{"@id":"https:\/\/www.kktavastia.fi\/ammattiopisto\/2019\/09\/26\/tyoelaman-edustajat-tavastiaan-tutustumassa\/#breadcrumb"},"inLanguage":"fi","potentialAction":[{"@type":"ReadAction","target":["https:\/\/www.kktavastia.fi\/ammattiopisto\/2019\/09\/26\/tyoelaman-edustajat-tavastiaan-tutustumassa\/"]}]},{"@type":"ImageObject","inLanguage":"fi","@id":"https:\/\/www.kktavastia.fi\/ammattiopisto\/2019\/09\/26\/tyoelaman-edustajat-tavastiaan-tutustumassa\/#primaryimage","url":"https:\/\/www.kktavastia.fi\/media\/sites\/2\/img_7400etusivu.jpg","contentUrl":"https:\/\/www.kktavastia.fi\/media\/sites\/2\/img_7400etusivu.jpg","width":2000,"height":1333},{"@type":"BreadcrumbList","@id":"https:\/\/www.kktavastia.fi\/ammattiopisto\/2019\/09\/26\/tyoelaman-edustajat-tavastiaan-tutustumassa\/#breadcrumb","itemListElement":[{"@type":"ListItem","position":1,"name":"Home","item":"https:\/\/www.kktavastia.fi\/ammattiopisto\/"},{"@type":"ListItem","position":2,"name":"Ty\u00f6el\u00e4m\u00e4n edustajat Tavastiaan tutustumassa"}]},{"@type":"WebSite","@id":"https:\/\/www.kktavastia.fi\/ammattiopisto\/#website","url":"https:\/\/www.kktavastia.fi\/ammattiopisto\/","name":"Ammattiopisto Tavastia","description":"","potentialAction":[{"@type":"SearchAction","target":{"@type":"EntryPoint","urlTemplate":"https:\/\/www.kktavastia.fi\/ammattiopisto\/?s={search_term_string}"},"query-input":{"@type":"PropertyValueSpecification","valueRequired":true,"valueName":"search_term_string"}}],"inLanguage":"fi"},{"@type":"Person","@id":"https:\/\/www.kktavastia.fi\/ammattiopisto\/#\/schema\/person\/817cce3016d2f14b9a7ed273534dcf4d","name":"saraseppala","image":{"@type":"ImageObject","inLanguage":"fi","@id":"https:\/\/secure.gravatar.com\/avatar\/478c9f0d13d5df0e5e3d2ec80a1d93afb10baa5bf0f981b9874b9ad1ff76cafc?s=96&d=mm&r=g","url":"https:\/\/secure.gravatar.com\/avatar\/478c9f0d13d5df0e5e3d2ec80a1d93afb10baa5bf0f981b9874b9ad1ff76cafc?s=96&d=mm&r=g","contentUrl":"https:\/\/secure.gravatar.com\/avatar\/478c9f0d13d5df0e5e3d2ec80a1d93afb10baa5bf0f981b9874b9ad1ff76cafc?s=96&d=mm&r=g","caption":"saraseppala"},"url":"https:\/\/www.kktavastia.fi\/ammattiopisto\/author\/saraseppala\/"}]}},"_links":{"self":[{"href":"https:\/\/www.kktavastia.fi\/ammattiopisto\/wp-json\/wp\/v2\/posts\/9798","targetHints":{"allow":["GET"]}}],"collection":[{"href":"https:\/\/www.kktavastia.fi\/ammattiopisto\/wp-json\/wp\/v2\/posts"}],"about":[{"href":"https:\/\/www.kktavastia.fi\/ammattiopisto\/wp-json\/wp\/v2\/types\/post"}],"author":[{"embeddable":true,"href":"https:\/\/www.kktavastia.fi\/ammattiopisto\/wp-json\/wp\/v2\/users\/6"}],"replies":[{"embeddable":true,"href":"https:\/\/www.kktavastia.fi\/ammattiopisto\/wp-json\/wp\/v2\/comments?post=9798"}],"version-history":[{"count":0,"href":"https:\/\/www.kktavastia.fi\/ammattiopisto\/wp-json\/wp\/v2\/posts\/9798\/revisions"}],"wp:featuredmedia":[{"embeddable":true,"href":"https:\/\/www.kktavastia.fi\/ammattiopisto\/wp-json\/wp\/v2\/media\/9812"}],"wp:attachment":[{"href":"https:\/\/www.kktavastia.fi\/ammattiopisto\/wp-json\/wp\/v2\/media?parent=9798"}],"wp:term":[{"taxonomy":"category","embeddable":true,"href":"https:\/\/www.kktavastia.fi\/ammattiopisto\/wp-json\/wp\/v2\/categories?post=9798"},{"taxonomy":"post_tag","embeddable":true,"href":"https:\/\/www.kktavastia.fi\/ammattiopisto\/wp-json\/wp\/v2\/tags?post=9798"}],"curies":[{"name":"wp","href":"https:\/\/api.w.org\/{rel}","templated":true}]}}