{"id":9302,"date":"2019-05-27T13:10:19","date_gmt":"2019-05-27T10:10:19","guid":{"rendered":"https:\/\/www.kktavastia.fi\/ammattiopisto-tavastia\/?p=9302"},"modified":"2019-05-27T13:10:19","modified_gmt":"2019-05-27T10:10:19","slug":"opettajat-kevaisessa-vaikuttamispaivassa","status":"publish","type":"post","link":"https:\/\/www.kktavastia.fi\/ammattiopisto\/2019\/05\/27\/opettajat-kevaisessa-vaikuttamispaivassa\/","title":{"rendered":"Opettajat kev\u00e4isess\u00e4 vaikuttamisp\u00e4iv\u00e4ss\u00e4"},"content":{"rendered":"<div id='gallery-1' class='gallery galleryid-9302 gallery-columns-3 gallery-size-thumbnail'><figure class='gallery-item'>\n\t\t\t<div class='gallery-icon landscape'>\n\t\t\t\t<a href='https:\/\/www.kktavastia.fi\/ammattiopisto\/2019\/05\/27\/opettajat-kevaisessa-vaikuttamispaivassa\/img_6696\/'><img loading=\"lazy\" decoding=\"async\" width=\"150\" height=\"150\" src=\"https:\/\/www.kktavastia.fi\/media\/sites\/2\/img_6696-150x150.jpg\" class=\"attachment-thumbnail size-thumbnail\" alt=\"\" aria-describedby=\"gallery-1-9303\" \/><\/a>\n\t\t\t<\/div>\n\t\t\t\t<figcaption class='wp-caption-text gallery-caption' id='gallery-1-9303'>\n\t\t\t\tP\u00e4iv\u00e4n avaus Kiipulasalissa.\n\t\t\t\t<\/figcaption><\/figure><figure class='gallery-item'>\n\t\t\t<div class='gallery-icon landscape'>\n\t\t\t\t<a href='https:\/\/www.kktavastia.fi\/ammattiopisto\/2019\/05\/27\/opettajat-kevaisessa-vaikuttamispaivassa\/img_6827\/'><img loading=\"lazy\" decoding=\"async\" width=\"150\" height=\"150\" src=\"https:\/\/www.kktavastia.fi\/media\/sites\/2\/img_6827-150x150.jpg\" class=\"attachment-thumbnail size-thumbnail\" alt=\"\" aria-describedby=\"gallery-1-9308\" \/><\/a>\n\t\t\t<\/div>\n\t\t\t\t<figcaption class='wp-caption-text gallery-caption' id='gallery-1-9308'>\n\t\t\t\tMit\u00e4 hyv\u00e4 tiimi tarvitsee toimiakseen?\n\t\t\t\t<\/figcaption><\/figure><figure class='gallery-item'>\n\t\t\t<div class='gallery-icon portrait'>\n\t\t\t\t<a href='https:\/\/www.kktavastia.fi\/ammattiopisto\/2019\/05\/27\/opettajat-kevaisessa-vaikuttamispaivassa\/img_6829-2\/'><img loading=\"lazy\" decoding=\"async\" width=\"150\" height=\"150\" src=\"https:\/\/www.kktavastia.fi\/media\/sites\/2\/img_6829-1-150x150.jpg\" class=\"attachment-thumbnail size-thumbnail\" alt=\"\" aria-describedby=\"gallery-1-9313\" \/><\/a>\n\t\t\t<\/div>\n\t\t\t\t<figcaption class='wp-caption-text gallery-caption' id='gallery-1-9313'>\n\t\t\t\tHyv\u00e4n tiimin toimintaperiaatteita.\n\t\t\t\t<\/figcaption><\/figure><figure class='gallery-item'>\n\t\t\t<div class='gallery-icon landscape'>\n\t\t\t\t<a href='https:\/\/www.kktavastia.fi\/ammattiopisto\/2019\/05\/27\/opettajat-kevaisessa-vaikuttamispaivassa\/img_6755\/'><img loading=\"lazy\" decoding=\"async\" width=\"150\" height=\"150\" src=\"https:\/\/www.kktavastia.fi\/media\/sites\/2\/img_6755-150x150.jpg\" class=\"attachment-thumbnail size-thumbnail\" alt=\"\" aria-describedby=\"gallery-1-9305\" \/><\/a>\n\t\t\t<\/div>\n\t\t\t\t<figcaption class='wp-caption-text gallery-caption' id='gallery-1-9305'>\n\t\t\t\tOsaamiskartan pohdintaa ja t\u00e4ydent\u00e4mist\u00e4 Tiimin osaaminen -rastilla.\n\t\t\t\t<\/figcaption><\/figure><figure class='gallery-item'>\n\t\t\t<div class='gallery-icon landscape'>\n\t\t\t\t<a href='https:\/\/www.kktavastia.fi\/ammattiopisto\/2019\/05\/27\/opettajat-kevaisessa-vaikuttamispaivassa\/img_6705\/'><img loading=\"lazy\" decoding=\"async\" width=\"150\" height=\"150\" src=\"https:\/\/www.kktavastia.fi\/media\/sites\/2\/img_6705-150x150.jpg\" class=\"attachment-thumbnail size-thumbnail\" alt=\"\" aria-describedby=\"gallery-1-9304\" \/><\/a>\n\t\t\t<\/div>\n\t\t\t\t<figcaption class='wp-caption-text gallery-caption' id='gallery-1-9304'>\n\t\t\t\tT\u00e4rkeit\u00e4 teemoja muutoksen keskell\u00e4.\n\t\t\t\t<\/figcaption><\/figure><figure class='gallery-item'>\n\t\t\t<div class='gallery-icon landscape'>\n\t\t\t\t<a href='https:\/\/www.kktavastia.fi\/ammattiopisto\/2019\/05\/27\/opettajat-kevaisessa-vaikuttamispaivassa\/img_6871\/'><img loading=\"lazy\" decoding=\"async\" width=\"150\" height=\"150\" src=\"https:\/\/www.kktavastia.fi\/media\/sites\/2\/img_6871-150x150.jpg\" class=\"attachment-thumbnail size-thumbnail\" alt=\"\" aria-describedby=\"gallery-1-9310\" \/><\/a>\n\t\t\t<\/div>\n\t\t\t\t<figcaption class='wp-caption-text gallery-caption' id='gallery-1-9310'>\n\t\t\t\tLiikuntasalissa pohdittiin hyv\u00e4n koulutusp\u00e4\u00e4llik\u00f6n ominaisuuksia.\n\t\t\t\t<\/figcaption><\/figure><figure class='gallery-item'>\n\t\t\t<div class='gallery-icon portrait'>\n\t\t\t\t<a href='https:\/\/www.kktavastia.fi\/ammattiopisto\/2019\/05\/27\/opettajat-kevaisessa-vaikuttamispaivassa\/img_6792-2\/'><img loading=\"lazy\" decoding=\"async\" width=\"150\" height=\"150\" src=\"https:\/\/www.kktavastia.fi\/media\/sites\/2\/img_6792-1-150x150.jpg\" class=\"attachment-thumbnail size-thumbnail\" alt=\"\" aria-describedby=\"gallery-1-9311\" \/><\/a>\n\t\t\t<\/div>\n\t\t\t\t<figcaption class='wp-caption-text gallery-caption' id='gallery-1-9311'>\n\t\t\t\tOpettajan visio ammatillisena ohjaajana.\n\t\t\t\t<\/figcaption><\/figure><figure class='gallery-item'>\n\t\t\t<div class='gallery-icon portrait'>\n\t\t\t\t<a href='https:\/\/www.kktavastia.fi\/ammattiopisto\/2019\/05\/27\/opettajat-kevaisessa-vaikuttamispaivassa\/img_6797-2\/'><img loading=\"lazy\" decoding=\"async\" width=\"150\" height=\"150\" src=\"https:\/\/www.kktavastia.fi\/media\/sites\/2\/img_6797-1-150x150.jpg\" class=\"attachment-thumbnail size-thumbnail\" alt=\"\" aria-describedby=\"gallery-1-9312\" \/><\/a>\n\t\t\t<\/div>\n\t\t\t\t<figcaption class='wp-caption-text gallery-caption' id='gallery-1-9312'>\n\t\t\t\tOpettajan ty\u00f6n uhkakuvia.\n\t\t\t\t<\/figcaption><\/figure>\n\t\t<\/div>\n\n<p>Ammattiopisto Tavastian opetushenkil\u00f6st\u00f6 vietti perjantaina 24.5. kev\u00e4ist\u00e4 vaikuttamisp\u00e4iv\u00e4\u00e4 Kiipulassa. P\u00e4iv\u00e4 toimi samalla Ty\u00f6suojelurahaston rahoittaman Valmentava johtajuus, ammatillisesta opettajasta ohjaajaksi -hankkeen starttina ja sen my\u00f6t\u00e4 osallisti opettajia yhteiseen opettajuuden ja tiimity\u00f6skentelyn kehitt\u00e4miseen. P\u00e4iv\u00e4 tarjosi mahdollisuuden jakaa kollegojen kesken ajatuksia yli osastorajojen ja lis\u00e4t\u00e4 opettajien mahdollisuuksia vaikuttaa muutoksissa.<\/p>\n<p>Sekalaisiin ryhmiin jaettu v\u00e4ki kiersi p\u00e4iv\u00e4n aikana viidell\u00e4 rastilla, joiden teemat olivat<\/p>\n<ul>\n<li>Opiskelijal\u00e4ht\u00f6isyys ja opettajan ohjaava rooli<\/li>\n<li>Opettajan voimavarat<\/li>\n<li>Tiimiopettajuus, tiimi, Kiltakoulu-malli<\/li>\n<li>Koulutusp\u00e4\u00e4llikk\u00f6 valmentajana<\/li>\n<li>Tiimin osaaminen<\/li>\n<\/ul>\n<p>Rasteilla pohdittiin pienryhmiss\u00e4 keskustelun kautta kutakin teemaa ja kirjattiin ajatuksia yl\u00f6s. Opiskelijal\u00e4ht\u00f6isyys ja opettajan ohjaava rooli -rastilla k\u00e4ytiin l\u00e4pi sit\u00e4, millainen voisi olla opettajan visio ja lupaus opiskelijan ohjaajana ja toisaalta my\u00f6s ep\u00e4ilyksi\u00e4 ja n\u00e4ihin pystymisen mahdollisuuksia. Lis\u00e4ksi k\u00e4siteltiin opiskelijoiden toiveita opettajan suhteen opettajien n\u00e4k\u00f6kulmasta. Esiin nousivat ainakin opettajien ajan rajallisuus ja pohdinta siit\u00e4, mihin vet\u00e4\u00e4 raja: olenko opettaja vai el\u00e4m\u00e4nohjaaja? Lis\u00e4ksi muistutettiin jokap\u00e4iv\u00e4isen tavallisen huomioinnin t\u00e4rkeydest\u00e4, pit\u00e4\u00e4 muistaa sanoa huomenta ja kysy\u00e4, mit\u00e4 kuuluu.<\/p>\n<p>Opettajan voimavarat -rastilla mietittiin, miten tukea omaa ja kollegojen hyvinvointia, miten toimia muutostilanteessa ja haettiin my\u00f6s uusia ideoita opettajien tukemiseen. Tuloksiksi saatiin ainakin keskusteleva ja kuunteleva kulttuuri, yhteisten ratkaisujen hakeminen ja toisten auttaminen muun muassa osaamista jakamalla.<\/p>\n<p>Tiimi-rastilla pohdittiin, mit\u00e4 hyv\u00e4 tiimi tarvitsee toimiakseen. Vastausten perusteella hyv\u00e4 tiimi tarvitsee yhteisen p\u00e4\u00e4m\u00e4\u00e4r\u00e4n, toimivaa kommunikointia ja luottamusta, yhteiset pelis\u00e4\u00e4nn\u00f6t sek\u00e4 sitoutumista, mutta my\u00f6s erilaisia persoonia, jotka voivat hy\u00f6dynt\u00e4\u00e4 omia vahvuuksiaan.<\/p>\n<p>Koulutusp\u00e4\u00e4llikk\u00f6 valmentajana -rastilla keskusteltiin siit\u00e4, millainen on hyv\u00e4 koulutusp\u00e4\u00e4llikk\u00f6 ja millaisia ominaisuuksia h\u00e4n tarvitsee. K\u00e4vi ilmi, ett\u00e4 koulutusp\u00e4\u00e4llikk\u00f6 tarvitsee monenlaisia esimiestaitoja ja kyky\u00e4 kohdata alaiset yksil\u00f6in\u00e4. Jopa kameleontin ominaisuuksista puhuttiin.<\/p>\n<p>Tiimin osaamisen rastilla k\u00e4ytiin l\u00e4pi Ammattiopisto Tavastian uutta opettajille ty\u00f6stett\u00e4v\u00e4\u00e4 osaamiskarttaa ja kommentoitiin sit\u00e4. Opettajat painottivat muun muassa selkeiden tavoitteiden, tiedonkulun, tasapainon, t\u00e4ydennyskoulutuksen ja ty\u00f6el\u00e4m\u00e4yhteisty\u00f6n kehitt\u00e4mist\u00e4. Esiin nousi my\u00f6s, ett\u00e4 opiskelijoiden ryhm\u00e4ytyminen voi olla haastavaa, kun jatkuvan haun kautta opiskelemaan tullaan ymp\u00e4ri vuoden ja samalla pit\u00e4isi my\u00f6s pysy\u00e4 kartalla siit\u00e4, ett\u00e4 kaikki oppivat ja sis\u00e4ist\u00e4v\u00e4t samat asiat. Rastilla her\u00e4si selv\u00e4sti paljon keskustelua.<\/p>\n<p>P\u00e4iv\u00e4n p\u00e4\u00e4tteeksi rehtori <strong>Heini Kujala<\/strong> kiitti osallistujia antoisasta p\u00e4iv\u00e4st\u00e4 ja lupasi, ett\u00e4 esille nousseisiin asioihin palataan syksyll\u00e4 koulujen taas alkaessa.<\/p>\n","protected":false},"excerpt":{"rendered":"<p>Ammattiopisto Tavastian opetushenkil\u00f6st\u00f6 vietti perjantaina 24.5. kev\u00e4ist\u00e4 vaikuttamisp\u00e4iv\u00e4\u00e4 Kiipulassa. P\u00e4iv\u00e4 toimi samalla Ty\u00f6suojelurahaston rahoittaman Valmentava johtajuus, ammatillisesta opettajasta ohjaajaksi -hankkeen [&hellip;]<\/p>\n","protected":false},"author":6,"featured_media":9310,"comment_status":"closed","ping_status":"closed","sticky":false,"template":"","format":"standard","meta":{"_acf_changed":false,"_relevanssi_hide_post":"","_relevanssi_hide_content":"","_relevanssi_pin_for_all":"","_relevanssi_pin_keywords":"","_relevanssi_unpin_keywords":"","_relevanssi_related_keywords":"","_relevanssi_related_include_ids":"","_relevanssi_related_exclude_ids":"","_relevanssi_related_no_append":"","_relevanssi_related_not_related":"","_relevanssi_related_posts":"","_relevanssi_noindex_reason":"","footnotes":""},"categories":[1],"tags":[],"class_list":["post-9302","post","type-post","status-publish","format-standard","has-post-thumbnail","hentry","category-yleinen"],"acf":[],"yoast_head":"<title>Opettajat kev\u00e4isess\u00e4 vaikuttamisp\u00e4iv\u00e4ss\u00e4 - Ammattiopisto Tavastia<\/title>\n<meta name=\"robots\" content=\"index, follow, max-snippet:-1, max-image-preview:large, max-video-preview:-1\" \/>\n<link rel=\"canonical\" href=\"https:\/\/www.kktavastia.fi\/ammattiopisto\/2019\/05\/27\/opettajat-kevaisessa-vaikuttamispaivassa\/\" \/>\n<meta property=\"og:locale\" content=\"fi_FI\" \/>\n<meta property=\"og:type\" content=\"article\" \/>\n<meta property=\"og:title\" content=\"Opettajat kev\u00e4isess\u00e4 vaikuttamisp\u00e4iv\u00e4ss\u00e4 - Ammattiopisto Tavastia\" \/>\n<meta property=\"og:description\" content=\"Ammattiopisto Tavastian opetushenkil\u00f6st\u00f6 vietti perjantaina 24.5. kev\u00e4ist\u00e4 vaikuttamisp\u00e4iv\u00e4\u00e4 Kiipulassa. P\u00e4iv\u00e4 toimi samalla Ty\u00f6suojelurahaston rahoittaman Valmentava johtajuus, ammatillisesta opettajasta ohjaajaksi -hankkeen [&hellip;]\" \/>\n<meta property=\"og:url\" content=\"https:\/\/www.kktavastia.fi\/ammattiopisto\/2019\/05\/27\/opettajat-kevaisessa-vaikuttamispaivassa\/\" \/>\n<meta property=\"og:site_name\" content=\"Ammattiopisto Tavastia\" \/>\n<meta property=\"article:published_time\" content=\"2019-05-27T10:10:19+00:00\" \/>\n<meta property=\"og:image\" content=\"https:\/\/www.kktavastia.fi\/media\/sites\/2\/img_6871.jpg\" \/>\n\t<meta property=\"og:image:width\" content=\"2000\" \/>\n\t<meta property=\"og:image:height\" content=\"1333\" \/>\n\t<meta property=\"og:image:type\" content=\"image\/jpeg\" \/>\n<meta name=\"author\" content=\"saraseppala\" \/>\n<meta name=\"twitter:card\" content=\"summary_large_image\" \/>\n<script type=\"application\/ld+json\" class=\"yoast-schema-graph\">{\"@context\":\"https:\\\/\\\/schema.org\",\"@graph\":[{\"@type\":\"Article\",\"@id\":\"https:\\\/\\\/www.kktavastia.fi\\\/ammattiopisto\\\/2019\\\/05\\\/27\\\/opettajat-kevaisessa-vaikuttamispaivassa\\\/#article\",\"isPartOf\":{\"@id\":\"https:\\\/\\\/www.kktavastia.fi\\\/ammattiopisto\\\/2019\\\/05\\\/27\\\/opettajat-kevaisessa-vaikuttamispaivassa\\\/\"},\"author\":{\"name\":\"saraseppala\",\"@id\":\"https:\\\/\\\/www.kktavastia.fi\\\/ammattiopisto\\\/#\\\/schema\\\/person\\\/817cce3016d2f14b9a7ed273534dcf4d\"},\"headline\":\"Opettajat kev\u00e4isess\u00e4 vaikuttamisp\u00e4iv\u00e4ss\u00e4\",\"datePublished\":\"2019-05-27T10:10:19+00:00\",\"mainEntityOfPage\":{\"@id\":\"https:\\\/\\\/www.kktavastia.fi\\\/ammattiopisto\\\/2019\\\/05\\\/27\\\/opettajat-kevaisessa-vaikuttamispaivassa\\\/\"},\"wordCount\":407,\"image\":{\"@id\":\"https:\\\/\\\/www.kktavastia.fi\\\/ammattiopisto\\\/2019\\\/05\\\/27\\\/opettajat-kevaisessa-vaikuttamispaivassa\\\/#primaryimage\"},\"thumbnailUrl\":\"https:\\\/\\\/www.kktavastia.fi\\\/media\\\/sites\\\/2\\\/img_6871.jpg\",\"inLanguage\":\"fi\"},{\"@type\":\"WebPage\",\"@id\":\"https:\\\/\\\/www.kktavastia.fi\\\/ammattiopisto\\\/2019\\\/05\\\/27\\\/opettajat-kevaisessa-vaikuttamispaivassa\\\/\",\"url\":\"https:\\\/\\\/www.kktavastia.fi\\\/ammattiopisto\\\/2019\\\/05\\\/27\\\/opettajat-kevaisessa-vaikuttamispaivassa\\\/\",\"name\":\"Opettajat kev\u00e4isess\u00e4 vaikuttamisp\u00e4iv\u00e4ss\u00e4 - Ammattiopisto Tavastia\",\"isPartOf\":{\"@id\":\"https:\\\/\\\/www.kktavastia.fi\\\/ammattiopisto\\\/#website\"},\"primaryImageOfPage\":{\"@id\":\"https:\\\/\\\/www.kktavastia.fi\\\/ammattiopisto\\\/2019\\\/05\\\/27\\\/opettajat-kevaisessa-vaikuttamispaivassa\\\/#primaryimage\"},\"image\":{\"@id\":\"https:\\\/\\\/www.kktavastia.fi\\\/ammattiopisto\\\/2019\\\/05\\\/27\\\/opettajat-kevaisessa-vaikuttamispaivassa\\\/#primaryimage\"},\"thumbnailUrl\":\"https:\\\/\\\/www.kktavastia.fi\\\/media\\\/sites\\\/2\\\/img_6871.jpg\",\"datePublished\":\"2019-05-27T10:10:19+00:00\",\"author\":{\"@id\":\"https:\\\/\\\/www.kktavastia.fi\\\/ammattiopisto\\\/#\\\/schema\\\/person\\\/817cce3016d2f14b9a7ed273534dcf4d\"},\"breadcrumb\":{\"@id\":\"https:\\\/\\\/www.kktavastia.fi\\\/ammattiopisto\\\/2019\\\/05\\\/27\\\/opettajat-kevaisessa-vaikuttamispaivassa\\\/#breadcrumb\"},\"inLanguage\":\"fi\",\"potentialAction\":[{\"@type\":\"ReadAction\",\"target\":[\"https:\\\/\\\/www.kktavastia.fi\\\/ammattiopisto\\\/2019\\\/05\\\/27\\\/opettajat-kevaisessa-vaikuttamispaivassa\\\/\"]}]},{\"@type\":\"ImageObject\",\"inLanguage\":\"fi\",\"@id\":\"https:\\\/\\\/www.kktavastia.fi\\\/ammattiopisto\\\/2019\\\/05\\\/27\\\/opettajat-kevaisessa-vaikuttamispaivassa\\\/#primaryimage\",\"url\":\"https:\\\/\\\/www.kktavastia.fi\\\/media\\\/sites\\\/2\\\/img_6871.jpg\",\"contentUrl\":\"https:\\\/\\\/www.kktavastia.fi\\\/media\\\/sites\\\/2\\\/img_6871.jpg\",\"width\":2000,\"height\":1333,\"caption\":\"Liikuntasalissa pohdittiin hyv\u00e4n koulutusp\u00e4\u00e4llik\u00f6n ominaisuuksia.\"},{\"@type\":\"BreadcrumbList\",\"@id\":\"https:\\\/\\\/www.kktavastia.fi\\\/ammattiopisto\\\/2019\\\/05\\\/27\\\/opettajat-kevaisessa-vaikuttamispaivassa\\\/#breadcrumb\",\"itemListElement\":[{\"@type\":\"ListItem\",\"position\":1,\"name\":\"Home\",\"item\":\"https:\\\/\\\/www.kktavastia.fi\\\/ammattiopisto\\\/\"},{\"@type\":\"ListItem\",\"position\":2,\"name\":\"Opettajat kev\u00e4isess\u00e4 vaikuttamisp\u00e4iv\u00e4ss\u00e4\"}]},{\"@type\":\"WebSite\",\"@id\":\"https:\\\/\\\/www.kktavastia.fi\\\/ammattiopisto\\\/#website\",\"url\":\"https:\\\/\\\/www.kktavastia.fi\\\/ammattiopisto\\\/\",\"name\":\"Ammattiopisto Tavastia\",\"description\":\"\",\"potentialAction\":[{\"@type\":\"SearchAction\",\"target\":{\"@type\":\"EntryPoint\",\"urlTemplate\":\"https:\\\/\\\/www.kktavastia.fi\\\/ammattiopisto\\\/?s={search_term_string}\"},\"query-input\":{\"@type\":\"PropertyValueSpecification\",\"valueRequired\":true,\"valueName\":\"search_term_string\"}}],\"inLanguage\":\"fi\"},{\"@type\":\"Person\",\"@id\":\"https:\\\/\\\/www.kktavastia.fi\\\/ammattiopisto\\\/#\\\/schema\\\/person\\\/817cce3016d2f14b9a7ed273534dcf4d\",\"name\":\"saraseppala\",\"image\":{\"@type\":\"ImageObject\",\"inLanguage\":\"fi\",\"@id\":\"https:\\\/\\\/secure.gravatar.com\\\/avatar\\\/478c9f0d13d5df0e5e3d2ec80a1d93afb10baa5bf0f981b9874b9ad1ff76cafc?s=96&d=mm&r=g\",\"url\":\"https:\\\/\\\/secure.gravatar.com\\\/avatar\\\/478c9f0d13d5df0e5e3d2ec80a1d93afb10baa5bf0f981b9874b9ad1ff76cafc?s=96&d=mm&r=g\",\"contentUrl\":\"https:\\\/\\\/secure.gravatar.com\\\/avatar\\\/478c9f0d13d5df0e5e3d2ec80a1d93afb10baa5bf0f981b9874b9ad1ff76cafc?s=96&d=mm&r=g\",\"caption\":\"saraseppala\"},\"url\":\"https:\\\/\\\/www.kktavastia.fi\\\/ammattiopisto\\\/author\\\/saraseppala\\\/\"}]}<\/script>","yoast_head_json":{"title":"Opettajat kev\u00e4isess\u00e4 vaikuttamisp\u00e4iv\u00e4ss\u00e4 - Ammattiopisto Tavastia","robots":{"index":"index","follow":"follow","max-snippet":"max-snippet:-1","max-image-preview":"max-image-preview:large","max-video-preview":"max-video-preview:-1"},"canonical":"https:\/\/www.kktavastia.fi\/ammattiopisto\/2019\/05\/27\/opettajat-kevaisessa-vaikuttamispaivassa\/","og_locale":"fi_FI","og_type":"article","og_title":"Opettajat kev\u00e4isess\u00e4 vaikuttamisp\u00e4iv\u00e4ss\u00e4 - Ammattiopisto Tavastia","og_description":"Ammattiopisto Tavastian opetushenkil\u00f6st\u00f6 vietti perjantaina 24.5. kev\u00e4ist\u00e4 vaikuttamisp\u00e4iv\u00e4\u00e4 Kiipulassa. P\u00e4iv\u00e4 toimi samalla Ty\u00f6suojelurahaston rahoittaman Valmentava johtajuus, ammatillisesta opettajasta ohjaajaksi -hankkeen [&hellip;]","og_url":"https:\/\/www.kktavastia.fi\/ammattiopisto\/2019\/05\/27\/opettajat-kevaisessa-vaikuttamispaivassa\/","og_site_name":"Ammattiopisto Tavastia","article_published_time":"2019-05-27T10:10:19+00:00","og_image":[{"width":2000,"height":1333,"url":"https:\/\/www.kktavastia.fi\/media\/sites\/2\/img_6871.jpg","type":"image\/jpeg"}],"author":"saraseppala","twitter_card":"summary_large_image","schema":{"@context":"https:\/\/schema.org","@graph":[{"@type":"Article","@id":"https:\/\/www.kktavastia.fi\/ammattiopisto\/2019\/05\/27\/opettajat-kevaisessa-vaikuttamispaivassa\/#article","isPartOf":{"@id":"https:\/\/www.kktavastia.fi\/ammattiopisto\/2019\/05\/27\/opettajat-kevaisessa-vaikuttamispaivassa\/"},"author":{"name":"saraseppala","@id":"https:\/\/www.kktavastia.fi\/ammattiopisto\/#\/schema\/person\/817cce3016d2f14b9a7ed273534dcf4d"},"headline":"Opettajat kev\u00e4isess\u00e4 vaikuttamisp\u00e4iv\u00e4ss\u00e4","datePublished":"2019-05-27T10:10:19+00:00","mainEntityOfPage":{"@id":"https:\/\/www.kktavastia.fi\/ammattiopisto\/2019\/05\/27\/opettajat-kevaisessa-vaikuttamispaivassa\/"},"wordCount":407,"image":{"@id":"https:\/\/www.kktavastia.fi\/ammattiopisto\/2019\/05\/27\/opettajat-kevaisessa-vaikuttamispaivassa\/#primaryimage"},"thumbnailUrl":"https:\/\/www.kktavastia.fi\/media\/sites\/2\/img_6871.jpg","inLanguage":"fi"},{"@type":"WebPage","@id":"https:\/\/www.kktavastia.fi\/ammattiopisto\/2019\/05\/27\/opettajat-kevaisessa-vaikuttamispaivassa\/","url":"https:\/\/www.kktavastia.fi\/ammattiopisto\/2019\/05\/27\/opettajat-kevaisessa-vaikuttamispaivassa\/","name":"Opettajat kev\u00e4isess\u00e4 vaikuttamisp\u00e4iv\u00e4ss\u00e4 - Ammattiopisto Tavastia","isPartOf":{"@id":"https:\/\/www.kktavastia.fi\/ammattiopisto\/#website"},"primaryImageOfPage":{"@id":"https:\/\/www.kktavastia.fi\/ammattiopisto\/2019\/05\/27\/opettajat-kevaisessa-vaikuttamispaivassa\/#primaryimage"},"image":{"@id":"https:\/\/www.kktavastia.fi\/ammattiopisto\/2019\/05\/27\/opettajat-kevaisessa-vaikuttamispaivassa\/#primaryimage"},"thumbnailUrl":"https:\/\/www.kktavastia.fi\/media\/sites\/2\/img_6871.jpg","datePublished":"2019-05-27T10:10:19+00:00","author":{"@id":"https:\/\/www.kktavastia.fi\/ammattiopisto\/#\/schema\/person\/817cce3016d2f14b9a7ed273534dcf4d"},"breadcrumb":{"@id":"https:\/\/www.kktavastia.fi\/ammattiopisto\/2019\/05\/27\/opettajat-kevaisessa-vaikuttamispaivassa\/#breadcrumb"},"inLanguage":"fi","potentialAction":[{"@type":"ReadAction","target":["https:\/\/www.kktavastia.fi\/ammattiopisto\/2019\/05\/27\/opettajat-kevaisessa-vaikuttamispaivassa\/"]}]},{"@type":"ImageObject","inLanguage":"fi","@id":"https:\/\/www.kktavastia.fi\/ammattiopisto\/2019\/05\/27\/opettajat-kevaisessa-vaikuttamispaivassa\/#primaryimage","url":"https:\/\/www.kktavastia.fi\/media\/sites\/2\/img_6871.jpg","contentUrl":"https:\/\/www.kktavastia.fi\/media\/sites\/2\/img_6871.jpg","width":2000,"height":1333,"caption":"Liikuntasalissa pohdittiin hyv\u00e4n koulutusp\u00e4\u00e4llik\u00f6n ominaisuuksia."},{"@type":"BreadcrumbList","@id":"https:\/\/www.kktavastia.fi\/ammattiopisto\/2019\/05\/27\/opettajat-kevaisessa-vaikuttamispaivassa\/#breadcrumb","itemListElement":[{"@type":"ListItem","position":1,"name":"Home","item":"https:\/\/www.kktavastia.fi\/ammattiopisto\/"},{"@type":"ListItem","position":2,"name":"Opettajat kev\u00e4isess\u00e4 vaikuttamisp\u00e4iv\u00e4ss\u00e4"}]},{"@type":"WebSite","@id":"https:\/\/www.kktavastia.fi\/ammattiopisto\/#website","url":"https:\/\/www.kktavastia.fi\/ammattiopisto\/","name":"Ammattiopisto Tavastia","description":"","potentialAction":[{"@type":"SearchAction","target":{"@type":"EntryPoint","urlTemplate":"https:\/\/www.kktavastia.fi\/ammattiopisto\/?s={search_term_string}"},"query-input":{"@type":"PropertyValueSpecification","valueRequired":true,"valueName":"search_term_string"}}],"inLanguage":"fi"},{"@type":"Person","@id":"https:\/\/www.kktavastia.fi\/ammattiopisto\/#\/schema\/person\/817cce3016d2f14b9a7ed273534dcf4d","name":"saraseppala","image":{"@type":"ImageObject","inLanguage":"fi","@id":"https:\/\/secure.gravatar.com\/avatar\/478c9f0d13d5df0e5e3d2ec80a1d93afb10baa5bf0f981b9874b9ad1ff76cafc?s=96&d=mm&r=g","url":"https:\/\/secure.gravatar.com\/avatar\/478c9f0d13d5df0e5e3d2ec80a1d93afb10baa5bf0f981b9874b9ad1ff76cafc?s=96&d=mm&r=g","contentUrl":"https:\/\/secure.gravatar.com\/avatar\/478c9f0d13d5df0e5e3d2ec80a1d93afb10baa5bf0f981b9874b9ad1ff76cafc?s=96&d=mm&r=g","caption":"saraseppala"},"url":"https:\/\/www.kktavastia.fi\/ammattiopisto\/author\/saraseppala\/"}]}},"_links":{"self":[{"href":"https:\/\/www.kktavastia.fi\/ammattiopisto\/wp-json\/wp\/v2\/posts\/9302","targetHints":{"allow":["GET"]}}],"collection":[{"href":"https:\/\/www.kktavastia.fi\/ammattiopisto\/wp-json\/wp\/v2\/posts"}],"about":[{"href":"https:\/\/www.kktavastia.fi\/ammattiopisto\/wp-json\/wp\/v2\/types\/post"}],"author":[{"embeddable":true,"href":"https:\/\/www.kktavastia.fi\/ammattiopisto\/wp-json\/wp\/v2\/users\/6"}],"replies":[{"embeddable":true,"href":"https:\/\/www.kktavastia.fi\/ammattiopisto\/wp-json\/wp\/v2\/comments?post=9302"}],"version-history":[{"count":0,"href":"https:\/\/www.kktavastia.fi\/ammattiopisto\/wp-json\/wp\/v2\/posts\/9302\/revisions"}],"wp:featuredmedia":[{"embeddable":true,"href":"https:\/\/www.kktavastia.fi\/ammattiopisto\/wp-json\/wp\/v2\/media\/9310"}],"wp:attachment":[{"href":"https:\/\/www.kktavastia.fi\/ammattiopisto\/wp-json\/wp\/v2\/media?parent=9302"}],"wp:term":[{"taxonomy":"category","embeddable":true,"href":"https:\/\/www.kktavastia.fi\/ammattiopisto\/wp-json\/wp\/v2\/categories?post=9302"},{"taxonomy":"post_tag","embeddable":true,"href":"https:\/\/www.kktavastia.fi\/ammattiopisto\/wp-json\/wp\/v2\/tags?post=9302"}],"curies":[{"name":"wp","href":"https:\/\/api.w.org\/{rel}","templated":true}]}}