{"id":8912,"date":"2019-03-28T14:06:26","date_gmt":"2019-03-28T12:06:26","guid":{"rendered":"https:\/\/www.kktavastia.fi\/ammattiopisto-tavastia\/?p=8912"},"modified":"2019-03-28T14:06:26","modified_gmt":"2019-03-28T12:06:26","slug":"kruupin-opiskelijat-perinteisesti-itk-konferenssin-avustajina","status":"publish","type":"post","link":"https:\/\/www.kktavastia.fi\/ammattiopisto\/2019\/03\/28\/kruupin-opiskelijat-perinteisesti-itk-konferenssin-avustajina\/","title":{"rendered":"Kruupin opiskelijat perinteisesti ITK-konferenssin avustajina"},"content":{"rendered":"<div id='gallery-1' class='gallery galleryid-8912 gallery-columns-3 gallery-size-thumbnail'><figure class='gallery-item'>\n\t\t\t<div class='gallery-icon landscape'>\n\t\t\t\t<a href='https:\/\/www.kktavastia.fi\/ammattiopisto\/2019\/03\/28\/kruupin-opiskelijat-perinteisesti-itk-konferenssin-avustajina\/itk_tyontouhuissa\/'><img loading=\"lazy\" decoding=\"async\" width=\"150\" height=\"150\" src=\"https:\/\/www.kktavastia.fi\/media\/sites\/2\/itk_tyontouhuissa-150x150.jpg\" class=\"attachment-thumbnail size-thumbnail\" alt=\"\" aria-describedby=\"gallery-1-8915\" \/><\/a>\n\t\t\t<\/div>\n\t\t\t\t<figcaption class='wp-caption-text gallery-caption' id='gallery-1-8915'>\n\t\t\t\tOpiskelijoita ty\u00f6ntouhussa.\n\t\t\t\t<\/figcaption><\/figure><figure class='gallery-item'>\n\t\t\t<div class='gallery-icon portrait'>\n\t\t\t\t<a href='https:\/\/www.kktavastia.fi\/ammattiopisto\/2019\/03\/28\/kruupin-opiskelijat-perinteisesti-itk-konferenssin-avustajina\/itk_elmeri_rasmus\/'><img loading=\"lazy\" decoding=\"async\" width=\"150\" height=\"150\" src=\"https:\/\/www.kktavastia.fi\/media\/sites\/2\/itk_elmeri_rasmus-150x150.jpg\" class=\"attachment-thumbnail size-thumbnail\" alt=\"\" aria-describedby=\"gallery-1-8913\" \/><\/a>\n\t\t\t<\/div>\n\t\t\t\t<figcaption class='wp-caption-text gallery-caption' id='gallery-1-8913'>\n\t\t\t\tElmeri ja Rasmus konferenssit\u00f6iss\u00e4.\n\t\t\t\t<\/figcaption><\/figure><figure class='gallery-item'>\n\t\t\t<div class='gallery-icon landscape'>\n\t\t\t\t<a href='https:\/\/www.kktavastia.fi\/ammattiopisto\/2019\/03\/28\/kruupin-opiskelijat-perinteisesti-itk-konferenssin-avustajina\/itk_lassi_aleksi_jami\/'><img loading=\"lazy\" decoding=\"async\" width=\"150\" height=\"150\" src=\"https:\/\/www.kktavastia.fi\/media\/sites\/2\/itk_lassi_aleksi_jami-150x150.jpg\" class=\"attachment-thumbnail size-thumbnail\" alt=\"\" aria-describedby=\"gallery-1-8914\" \/><\/a>\n\t\t\t<\/div>\n\t\t\t\t<figcaption class='wp-caption-text gallery-caption' id='gallery-1-8914'>\n\t\t\t\tLassi, Aleksi ja Jami.\n\t\t\t\t<\/figcaption><\/figure>\n\t\t<\/div>\n\n<p>Merkonomeista ja datanomeista l\u00f6ytyi t\u00e4n\u00e4kin vuonna, jo nelj\u00e4tt\u00e4 kertaa per\u00e4kk\u00e4in, aktiiviset avustajat valtakunnalliseen ITK-konferenssiin Hotelli Aulangolle (20.-22.3.2019).<\/p>\n<p>ITK-konferenssi on vuosittain Aulangolla opetusalan henkil\u00f6st\u00f6lle j\u00e4rjestett\u00e4v\u00e4 valtakunnallinen t\u00e4ydennyskoulutustapahtuma, johon osallistuu keskim\u00e4\u00e4rin 2 300 k\u00e4vij\u00e4\u00e4. Opiskelijat saavat asiakaspalveluty\u00f6kokemuksen ohella k\u00e4yt\u00e4nn\u00f6n kokemusta my\u00f6s ison messu- ja konferenssitapahtuman j\u00e4rjestelyteht\u00e4vist\u00e4. Tapahtumasta on tullut Kruupin osaston opiskelijoille niin tuttu ty\u00f6el\u00e4m\u00e4projekti, ett\u00e4 useampi opiskelija haluaa osallistua siihen kahteenkin kertaan. Harvoin sit\u00e4 muulloin n\u00e4in ison tapahtuman j\u00e4rjestelyihin p\u00e4\u00e4see.<\/p>\n<p>Merkonomit ja datanomit ker\u00e4\u00e4v\u00e4t opintojensa aikana k\u00e4yt\u00e4nn\u00f6n ty\u00f6el\u00e4m\u00e4st\u00e4 kokemusta erilaisilla projekteilla muutoinkin: omilla tapahtumaj\u00e4rjestelyill\u00e4, osastollemme tarjottuihin tapahtumiin osallistumalla sek\u00e4 ty\u00f6el\u00e4m\u00e4ss\u00e4 oppimisen jaksoilla. Toisinaan kokonainen ryhm\u00e4kin voi kouluttajansa johdolla tarjoutua yritykselle tekem\u00e4\u00e4n jonkin projektin opintoihinsa liittyen. N\u00e4in saamme k\u00e4yt\u00e4nn\u00f6n ja teorian mukavasti yhdistetty\u00e4.<\/p>\n<p>&nbsp;<\/p>\n<p><em>Kruuppi: Kauppa ja tietojenk\u00e4sittely, matkailu ja puhtauspalvelut<\/em><\/p>\n","protected":false},"excerpt":{"rendered":"<p>Merkonomeista ja datanomeista l\u00f6ytyi t\u00e4n\u00e4kin vuonna, jo nelj\u00e4tt\u00e4 kertaa per\u00e4kk\u00e4in, aktiiviset avustajat valtakunnalliseen ITK-konferenssiin Hotelli Aulangolle (20.-22.3.2019). ITK-konferenssi on vuosittain [&hellip;]<\/p>\n","protected":false},"author":6,"featured_media":8915,"comment_status":"closed","ping_status":"closed","sticky":false,"template":"","format":"standard","meta":{"_acf_changed":false,"_relevanssi_hide_post":"","_relevanssi_hide_content":"","_relevanssi_pin_for_all":"","_relevanssi_pin_keywords":"","_relevanssi_unpin_keywords":"","_relevanssi_related_keywords":"","_relevanssi_related_include_ids":"","_relevanssi_related_exclude_ids":"","_relevanssi_related_no_append":"","_relevanssi_related_not_related":"","_relevanssi_related_posts":"","_relevanssi_noindex_reason":"","footnotes":""},"categories":[1],"tags":[],"class_list":["post-8912","post","type-post","status-publish","format-standard","has-post-thumbnail","hentry","category-yleinen"],"acf":[],"yoast_head":"<title>Kruupin opiskelijat perinteisesti ITK-konferenssin avustajina - Ammattiopisto Tavastia<\/title>\n<meta name=\"robots\" content=\"index, follow, max-snippet:-1, max-image-preview:large, max-video-preview:-1\" \/>\n<link rel=\"canonical\" href=\"https:\/\/www.kktavastia.fi\/ammattiopisto\/2019\/03\/28\/kruupin-opiskelijat-perinteisesti-itk-konferenssin-avustajina\/\" \/>\n<meta property=\"og:locale\" content=\"fi_FI\" \/>\n<meta property=\"og:type\" content=\"article\" \/>\n<meta property=\"og:title\" content=\"Kruupin opiskelijat perinteisesti ITK-konferenssin avustajina - Ammattiopisto Tavastia\" \/>\n<meta property=\"og:description\" content=\"Merkonomeista ja datanomeista l\u00f6ytyi t\u00e4n\u00e4kin vuonna, jo nelj\u00e4tt\u00e4 kertaa per\u00e4kk\u00e4in, aktiiviset avustajat valtakunnalliseen ITK-konferenssiin Hotelli Aulangolle (20.-22.3.2019). ITK-konferenssi on vuosittain [&hellip;]\" \/>\n<meta property=\"og:url\" content=\"https:\/\/www.kktavastia.fi\/ammattiopisto\/2019\/03\/28\/kruupin-opiskelijat-perinteisesti-itk-konferenssin-avustajina\/\" \/>\n<meta property=\"og:site_name\" content=\"Ammattiopisto Tavastia\" \/>\n<meta property=\"article:published_time\" content=\"2019-03-28T12:06:26+00:00\" \/>\n<meta property=\"og:image\" content=\"https:\/\/www.kktavastia.fi\/media\/sites\/2\/itk_tyontouhuissa.jpg\" \/>\n\t<meta property=\"og:image:width\" content=\"2000\" \/>\n\t<meta property=\"og:image:height\" content=\"1500\" \/>\n\t<meta property=\"og:image:type\" content=\"image\/jpeg\" \/>\n<meta name=\"author\" content=\"saraseppala\" \/>\n<meta name=\"twitter:card\" content=\"summary_large_image\" \/>\n<script type=\"application\/ld+json\" class=\"yoast-schema-graph\">{\"@context\":\"https:\\\/\\\/schema.org\",\"@graph\":[{\"@type\":\"Article\",\"@id\":\"https:\\\/\\\/www.kktavastia.fi\\\/ammattiopisto\\\/2019\\\/03\\\/28\\\/kruupin-opiskelijat-perinteisesti-itk-konferenssin-avustajina\\\/#article\",\"isPartOf\":{\"@id\":\"https:\\\/\\\/www.kktavastia.fi\\\/ammattiopisto\\\/2019\\\/03\\\/28\\\/kruupin-opiskelijat-perinteisesti-itk-konferenssin-avustajina\\\/\"},\"author\":{\"name\":\"saraseppala\",\"@id\":\"https:\\\/\\\/www.kktavastia.fi\\\/ammattiopisto\\\/#\\\/schema\\\/person\\\/817cce3016d2f14b9a7ed273534dcf4d\"},\"headline\":\"Kruupin opiskelijat perinteisesti ITK-konferenssin avustajina\",\"datePublished\":\"2019-03-28T12:06:26+00:00\",\"mainEntityOfPage\":{\"@id\":\"https:\\\/\\\/www.kktavastia.fi\\\/ammattiopisto\\\/2019\\\/03\\\/28\\\/kruupin-opiskelijat-perinteisesti-itk-konferenssin-avustajina\\\/\"},\"wordCount\":169,\"image\":{\"@id\":\"https:\\\/\\\/www.kktavastia.fi\\\/ammattiopisto\\\/2019\\\/03\\\/28\\\/kruupin-opiskelijat-perinteisesti-itk-konferenssin-avustajina\\\/#primaryimage\"},\"thumbnailUrl\":\"https:\\\/\\\/www.kktavastia.fi\\\/media\\\/sites\\\/2\\\/itk_tyontouhuissa.jpg\",\"inLanguage\":\"fi\"},{\"@type\":\"WebPage\",\"@id\":\"https:\\\/\\\/www.kktavastia.fi\\\/ammattiopisto\\\/2019\\\/03\\\/28\\\/kruupin-opiskelijat-perinteisesti-itk-konferenssin-avustajina\\\/\",\"url\":\"https:\\\/\\\/www.kktavastia.fi\\\/ammattiopisto\\\/2019\\\/03\\\/28\\\/kruupin-opiskelijat-perinteisesti-itk-konferenssin-avustajina\\\/\",\"name\":\"Kruupin opiskelijat perinteisesti ITK-konferenssin avustajina - Ammattiopisto Tavastia\",\"isPartOf\":{\"@id\":\"https:\\\/\\\/www.kktavastia.fi\\\/ammattiopisto\\\/#website\"},\"primaryImageOfPage\":{\"@id\":\"https:\\\/\\\/www.kktavastia.fi\\\/ammattiopisto\\\/2019\\\/03\\\/28\\\/kruupin-opiskelijat-perinteisesti-itk-konferenssin-avustajina\\\/#primaryimage\"},\"image\":{\"@id\":\"https:\\\/\\\/www.kktavastia.fi\\\/ammattiopisto\\\/2019\\\/03\\\/28\\\/kruupin-opiskelijat-perinteisesti-itk-konferenssin-avustajina\\\/#primaryimage\"},\"thumbnailUrl\":\"https:\\\/\\\/www.kktavastia.fi\\\/media\\\/sites\\\/2\\\/itk_tyontouhuissa.jpg\",\"datePublished\":\"2019-03-28T12:06:26+00:00\",\"author\":{\"@id\":\"https:\\\/\\\/www.kktavastia.fi\\\/ammattiopisto\\\/#\\\/schema\\\/person\\\/817cce3016d2f14b9a7ed273534dcf4d\"},\"breadcrumb\":{\"@id\":\"https:\\\/\\\/www.kktavastia.fi\\\/ammattiopisto\\\/2019\\\/03\\\/28\\\/kruupin-opiskelijat-perinteisesti-itk-konferenssin-avustajina\\\/#breadcrumb\"},\"inLanguage\":\"fi\",\"potentialAction\":[{\"@type\":\"ReadAction\",\"target\":[\"https:\\\/\\\/www.kktavastia.fi\\\/ammattiopisto\\\/2019\\\/03\\\/28\\\/kruupin-opiskelijat-perinteisesti-itk-konferenssin-avustajina\\\/\"]}]},{\"@type\":\"ImageObject\",\"inLanguage\":\"fi\",\"@id\":\"https:\\\/\\\/www.kktavastia.fi\\\/ammattiopisto\\\/2019\\\/03\\\/28\\\/kruupin-opiskelijat-perinteisesti-itk-konferenssin-avustajina\\\/#primaryimage\",\"url\":\"https:\\\/\\\/www.kktavastia.fi\\\/media\\\/sites\\\/2\\\/itk_tyontouhuissa.jpg\",\"contentUrl\":\"https:\\\/\\\/www.kktavastia.fi\\\/media\\\/sites\\\/2\\\/itk_tyontouhuissa.jpg\",\"width\":2000,\"height\":1500,\"caption\":\"Opiskelijoita ty\u00f6ntouhussa.\"},{\"@type\":\"BreadcrumbList\",\"@id\":\"https:\\\/\\\/www.kktavastia.fi\\\/ammattiopisto\\\/2019\\\/03\\\/28\\\/kruupin-opiskelijat-perinteisesti-itk-konferenssin-avustajina\\\/#breadcrumb\",\"itemListElement\":[{\"@type\":\"ListItem\",\"position\":1,\"name\":\"Home\",\"item\":\"https:\\\/\\\/www.kktavastia.fi\\\/ammattiopisto\\\/\"},{\"@type\":\"ListItem\",\"position\":2,\"name\":\"Kruupin opiskelijat perinteisesti ITK-konferenssin avustajina\"}]},{\"@type\":\"WebSite\",\"@id\":\"https:\\\/\\\/www.kktavastia.fi\\\/ammattiopisto\\\/#website\",\"url\":\"https:\\\/\\\/www.kktavastia.fi\\\/ammattiopisto\\\/\",\"name\":\"Ammattiopisto Tavastia\",\"description\":\"\",\"potentialAction\":[{\"@type\":\"SearchAction\",\"target\":{\"@type\":\"EntryPoint\",\"urlTemplate\":\"https:\\\/\\\/www.kktavastia.fi\\\/ammattiopisto\\\/?s={search_term_string}\"},\"query-input\":{\"@type\":\"PropertyValueSpecification\",\"valueRequired\":true,\"valueName\":\"search_term_string\"}}],\"inLanguage\":\"fi\"},{\"@type\":\"Person\",\"@id\":\"https:\\\/\\\/www.kktavastia.fi\\\/ammattiopisto\\\/#\\\/schema\\\/person\\\/817cce3016d2f14b9a7ed273534dcf4d\",\"name\":\"saraseppala\",\"image\":{\"@type\":\"ImageObject\",\"inLanguage\":\"fi\",\"@id\":\"https:\\\/\\\/secure.gravatar.com\\\/avatar\\\/478c9f0d13d5df0e5e3d2ec80a1d93afb10baa5bf0f981b9874b9ad1ff76cafc?s=96&d=mm&r=g\",\"url\":\"https:\\\/\\\/secure.gravatar.com\\\/avatar\\\/478c9f0d13d5df0e5e3d2ec80a1d93afb10baa5bf0f981b9874b9ad1ff76cafc?s=96&d=mm&r=g\",\"contentUrl\":\"https:\\\/\\\/secure.gravatar.com\\\/avatar\\\/478c9f0d13d5df0e5e3d2ec80a1d93afb10baa5bf0f981b9874b9ad1ff76cafc?s=96&d=mm&r=g\",\"caption\":\"saraseppala\"},\"url\":\"https:\\\/\\\/www.kktavastia.fi\\\/ammattiopisto\\\/author\\\/saraseppala\\\/\"}]}<\/script>","yoast_head_json":{"title":"Kruupin opiskelijat perinteisesti ITK-konferenssin avustajina - Ammattiopisto Tavastia","robots":{"index":"index","follow":"follow","max-snippet":"max-snippet:-1","max-image-preview":"max-image-preview:large","max-video-preview":"max-video-preview:-1"},"canonical":"https:\/\/www.kktavastia.fi\/ammattiopisto\/2019\/03\/28\/kruupin-opiskelijat-perinteisesti-itk-konferenssin-avustajina\/","og_locale":"fi_FI","og_type":"article","og_title":"Kruupin opiskelijat perinteisesti ITK-konferenssin avustajina - Ammattiopisto Tavastia","og_description":"Merkonomeista ja datanomeista l\u00f6ytyi t\u00e4n\u00e4kin vuonna, jo nelj\u00e4tt\u00e4 kertaa per\u00e4kk\u00e4in, aktiiviset avustajat valtakunnalliseen ITK-konferenssiin Hotelli Aulangolle (20.-22.3.2019). ITK-konferenssi on vuosittain [&hellip;]","og_url":"https:\/\/www.kktavastia.fi\/ammattiopisto\/2019\/03\/28\/kruupin-opiskelijat-perinteisesti-itk-konferenssin-avustajina\/","og_site_name":"Ammattiopisto Tavastia","article_published_time":"2019-03-28T12:06:26+00:00","og_image":[{"width":2000,"height":1500,"url":"https:\/\/www.kktavastia.fi\/media\/sites\/2\/itk_tyontouhuissa.jpg","type":"image\/jpeg"}],"author":"saraseppala","twitter_card":"summary_large_image","schema":{"@context":"https:\/\/schema.org","@graph":[{"@type":"Article","@id":"https:\/\/www.kktavastia.fi\/ammattiopisto\/2019\/03\/28\/kruupin-opiskelijat-perinteisesti-itk-konferenssin-avustajina\/#article","isPartOf":{"@id":"https:\/\/www.kktavastia.fi\/ammattiopisto\/2019\/03\/28\/kruupin-opiskelijat-perinteisesti-itk-konferenssin-avustajina\/"},"author":{"name":"saraseppala","@id":"https:\/\/www.kktavastia.fi\/ammattiopisto\/#\/schema\/person\/817cce3016d2f14b9a7ed273534dcf4d"},"headline":"Kruupin opiskelijat perinteisesti ITK-konferenssin avustajina","datePublished":"2019-03-28T12:06:26+00:00","mainEntityOfPage":{"@id":"https:\/\/www.kktavastia.fi\/ammattiopisto\/2019\/03\/28\/kruupin-opiskelijat-perinteisesti-itk-konferenssin-avustajina\/"},"wordCount":169,"image":{"@id":"https:\/\/www.kktavastia.fi\/ammattiopisto\/2019\/03\/28\/kruupin-opiskelijat-perinteisesti-itk-konferenssin-avustajina\/#primaryimage"},"thumbnailUrl":"https:\/\/www.kktavastia.fi\/media\/sites\/2\/itk_tyontouhuissa.jpg","inLanguage":"fi"},{"@type":"WebPage","@id":"https:\/\/www.kktavastia.fi\/ammattiopisto\/2019\/03\/28\/kruupin-opiskelijat-perinteisesti-itk-konferenssin-avustajina\/","url":"https:\/\/www.kktavastia.fi\/ammattiopisto\/2019\/03\/28\/kruupin-opiskelijat-perinteisesti-itk-konferenssin-avustajina\/","name":"Kruupin opiskelijat perinteisesti ITK-konferenssin avustajina - Ammattiopisto Tavastia","isPartOf":{"@id":"https:\/\/www.kktavastia.fi\/ammattiopisto\/#website"},"primaryImageOfPage":{"@id":"https:\/\/www.kktavastia.fi\/ammattiopisto\/2019\/03\/28\/kruupin-opiskelijat-perinteisesti-itk-konferenssin-avustajina\/#primaryimage"},"image":{"@id":"https:\/\/www.kktavastia.fi\/ammattiopisto\/2019\/03\/28\/kruupin-opiskelijat-perinteisesti-itk-konferenssin-avustajina\/#primaryimage"},"thumbnailUrl":"https:\/\/www.kktavastia.fi\/media\/sites\/2\/itk_tyontouhuissa.jpg","datePublished":"2019-03-28T12:06:26+00:00","author":{"@id":"https:\/\/www.kktavastia.fi\/ammattiopisto\/#\/schema\/person\/817cce3016d2f14b9a7ed273534dcf4d"},"breadcrumb":{"@id":"https:\/\/www.kktavastia.fi\/ammattiopisto\/2019\/03\/28\/kruupin-opiskelijat-perinteisesti-itk-konferenssin-avustajina\/#breadcrumb"},"inLanguage":"fi","potentialAction":[{"@type":"ReadAction","target":["https:\/\/www.kktavastia.fi\/ammattiopisto\/2019\/03\/28\/kruupin-opiskelijat-perinteisesti-itk-konferenssin-avustajina\/"]}]},{"@type":"ImageObject","inLanguage":"fi","@id":"https:\/\/www.kktavastia.fi\/ammattiopisto\/2019\/03\/28\/kruupin-opiskelijat-perinteisesti-itk-konferenssin-avustajina\/#primaryimage","url":"https:\/\/www.kktavastia.fi\/media\/sites\/2\/itk_tyontouhuissa.jpg","contentUrl":"https:\/\/www.kktavastia.fi\/media\/sites\/2\/itk_tyontouhuissa.jpg","width":2000,"height":1500,"caption":"Opiskelijoita ty\u00f6ntouhussa."},{"@type":"BreadcrumbList","@id":"https:\/\/www.kktavastia.fi\/ammattiopisto\/2019\/03\/28\/kruupin-opiskelijat-perinteisesti-itk-konferenssin-avustajina\/#breadcrumb","itemListElement":[{"@type":"ListItem","position":1,"name":"Home","item":"https:\/\/www.kktavastia.fi\/ammattiopisto\/"},{"@type":"ListItem","position":2,"name":"Kruupin opiskelijat perinteisesti ITK-konferenssin avustajina"}]},{"@type":"WebSite","@id":"https:\/\/www.kktavastia.fi\/ammattiopisto\/#website","url":"https:\/\/www.kktavastia.fi\/ammattiopisto\/","name":"Ammattiopisto Tavastia","description":"","potentialAction":[{"@type":"SearchAction","target":{"@type":"EntryPoint","urlTemplate":"https:\/\/www.kktavastia.fi\/ammattiopisto\/?s={search_term_string}"},"query-input":{"@type":"PropertyValueSpecification","valueRequired":true,"valueName":"search_term_string"}}],"inLanguage":"fi"},{"@type":"Person","@id":"https:\/\/www.kktavastia.fi\/ammattiopisto\/#\/schema\/person\/817cce3016d2f14b9a7ed273534dcf4d","name":"saraseppala","image":{"@type":"ImageObject","inLanguage":"fi","@id":"https:\/\/secure.gravatar.com\/avatar\/478c9f0d13d5df0e5e3d2ec80a1d93afb10baa5bf0f981b9874b9ad1ff76cafc?s=96&d=mm&r=g","url":"https:\/\/secure.gravatar.com\/avatar\/478c9f0d13d5df0e5e3d2ec80a1d93afb10baa5bf0f981b9874b9ad1ff76cafc?s=96&d=mm&r=g","contentUrl":"https:\/\/secure.gravatar.com\/avatar\/478c9f0d13d5df0e5e3d2ec80a1d93afb10baa5bf0f981b9874b9ad1ff76cafc?s=96&d=mm&r=g","caption":"saraseppala"},"url":"https:\/\/www.kktavastia.fi\/ammattiopisto\/author\/saraseppala\/"}]}},"_links":{"self":[{"href":"https:\/\/www.kktavastia.fi\/ammattiopisto\/wp-json\/wp\/v2\/posts\/8912","targetHints":{"allow":["GET"]}}],"collection":[{"href":"https:\/\/www.kktavastia.fi\/ammattiopisto\/wp-json\/wp\/v2\/posts"}],"about":[{"href":"https:\/\/www.kktavastia.fi\/ammattiopisto\/wp-json\/wp\/v2\/types\/post"}],"author":[{"embeddable":true,"href":"https:\/\/www.kktavastia.fi\/ammattiopisto\/wp-json\/wp\/v2\/users\/6"}],"replies":[{"embeddable":true,"href":"https:\/\/www.kktavastia.fi\/ammattiopisto\/wp-json\/wp\/v2\/comments?post=8912"}],"version-history":[{"count":0,"href":"https:\/\/www.kktavastia.fi\/ammattiopisto\/wp-json\/wp\/v2\/posts\/8912\/revisions"}],"wp:featuredmedia":[{"embeddable":true,"href":"https:\/\/www.kktavastia.fi\/ammattiopisto\/wp-json\/wp\/v2\/media\/8915"}],"wp:attachment":[{"href":"https:\/\/www.kktavastia.fi\/ammattiopisto\/wp-json\/wp\/v2\/media?parent=8912"}],"wp:term":[{"taxonomy":"category","embeddable":true,"href":"https:\/\/www.kktavastia.fi\/ammattiopisto\/wp-json\/wp\/v2\/categories?post=8912"},{"taxonomy":"post_tag","embeddable":true,"href":"https:\/\/www.kktavastia.fi\/ammattiopisto\/wp-json\/wp\/v2\/tags?post=8912"}],"curies":[{"name":"wp","href":"https:\/\/api.w.org\/{rel}","templated":true}]}}