{"id":85627,"date":"2025-03-17T15:52:25","date_gmt":"2025-03-17T13:52:25","guid":{"rendered":"https:\/\/www.kktavastia.fi\/ammattiopisto\/?p=85627"},"modified":"2025-03-17T16:02:10","modified_gmt":"2025-03-17T14:02:10","slug":"opiskelijat-toivovat-puhu-kun-naet-tai-koet-rasismia","status":"publish","type":"post","link":"https:\/\/www.kktavastia.fi\/ammattiopisto\/2025\/03\/17\/opiskelijat-toivovat-puhu-kun-naet-tai-koet-rasismia\/","title":{"rendered":"Opiskelijat toivovat: Puhu, kun n\u00e4et tai koet rasismia"},"content":{"rendered":"\n<p class=\"is-style-ingress\">Monikulttuurisuuskoordinaattori Tiina Alhainen k\u00e4vi keskustelemassa rasismista yhden Ammattiopisto Tavastian vieraskielisten TUVA-ryhm\u00e4n kanssa.<\/p>\n\n\n\n<p>\u2013 Opiskelijoilla oli hyvin my\u00f6nteinen asenne keskustella rasismista. Kokemukset Tavastiasta olivat hyvi\u00e4, mutta muualla rasismia on. Erityisen ilahduttavia olivat opiskelijoiden vinkit siihen, miten rasismiin tulee puuttua, kun sit\u00e4 kohtaa tai n\u00e4kee. Ei olla vaiti ja katsella sivusta, Tiina Alhainen sanoo.<\/p>\n\n\n\n<p>\u2013 On suuri ilo kuulla, ett\u00e4 keskusteluun osallistuneiden opiskelijoiden kokemus Ammattiopisto Tavastiasta&nbsp; on hyvin positiivinen, toteaa Ammattiopisto Tavastian rehtori <strong>Mikko Siiril\u00e4<\/strong>.<\/p>\n\n\n\n<p>\u2013 Maahanmuuttaneiden kouluttaminen tuo seutukunnalle osaamista, tukee ty\u00f6llisyytt\u00e4 ja hyvinvointia sek\u00e4 varmistaa alueen ty\u00f6el\u00e4m\u00e4lle osaavan ty\u00f6voiman saatavuutta ja tukee yritt\u00e4jyytt\u00e4. On hienoa havaita, ett\u00e4 tehty ty\u00f6 yhdenvertaisuuden edist\u00e4miseksi on tuottanut konkreettisia tuloksia, toteaa Siiril\u00e4.<\/p>\n\n\n\n<h3 class=\"wp-block-heading\"><strong>Mit\u00e4 rasismi opiskelijoiden mukaan on?<\/strong><\/h3>\n\n\n\n<p>Tavastian vieraskieliset TUVA-opiskelijat kertoivat, mit\u00e4 rasismi heid\u00e4n mielest\u00e4\u00e4n on. Se on esimerkiksi sit\u00e4, ett\u00e4 ihmiset eiv\u00e4t pid\u00e4 toisista ihmisist\u00e4. Puhutaan rumasti tai katsotaan pahasti, sanotaan toiselle, ett\u00e4 h\u00e4n on huono, koska on esimerkiksi mustat silm\u00e4t tai musta iho. Rasismi on my\u00f6s v\u00e4kivaltaa ja aggressiivisuutta. Rasismi n\u00e4kyy my\u00f6s rangaistuksina ja esimerkiksi vankilaan joutumisena joissain yhteiskunnissa. Arjessa voi olla, ett\u00e4 vanhemmat eiv\u00e4t anna lastensa leikki\u00e4 erilaisten lasten kanssa. Rasismi n\u00e4kyy my\u00f6s niin, ett\u00e4 j\u00e4tet\u00e4\u00e4n toinen huomioimatta, suljetaan tilanteissa ulos. Rasismi on eriarvoisuutta, ajattelua, ett\u00e4 toiset kansat ovat ylh\u00e4\u00e4ll\u00e4 ja toiset alhaalla.<\/p>\n\n\n\n<h3 class=\"wp-block-heading\"><strong>Miss\u00e4 rasismia kohdataan?<\/strong><\/h3>\n\n\n\n<p>Opiskelijat sanoivat, ett\u00e4 heid\u00e4n ryhm\u00e4ss\u00e4\u00e4n ei ole rasismia. My\u00f6sk\u00e4\u00e4n Tavastiassa sit\u00e4 ei ole koettu. Rasismia on kuitenkin koettu on esimerkiksi huonoina asiakaskokemuksina kaupassa, humalaisten uhitteluna baarissa, nuorten kommentteina bussissa, vanhojen naapureiden ik\u00e4vin\u00e4 kommentteina, ty\u00f6harjoittelussa ohjaajalta saatuna ep\u00e4asiallisena haukkumisena sek\u00e4 kokemuksena siit\u00e4, ett\u00e4 vieraskielisen lapsen erityisyytt\u00e4 ei haluta ymm\u00e4rt\u00e4\u00e4. My\u00f6s hoitoalalta on kokemuksia, ett\u00e4 potilas haluaa vieraskielisen hoitajan sijaan suomalaisen.<\/p>\n\n\n\n<h3 class=\"wp-block-heading\"><strong>Miten rasismiin pit\u00e4\u00e4 puuttua?<\/strong><\/h3>\n\n\n\n<p>Opiskelijat nostivat esiin, miten t\u00e4rke\u00e4\u00e4 on puhua, kun n\u00e4kee rasismia. Hienoa on, jos sivullinen uskaltaa puuttua tilanteeseen, sanoa rasistisesti toimivalle, ett\u00e4 t\u00e4m\u00e4 toimii v\u00e4\u00e4rin. T\u00e4rke\u00e4\u00e4 on my\u00f6s puhua rasismin kohteelle. Tilanne on ahdistava ja auttaa, kun joku sanoo, ett\u00e4 rasismi on v\u00e4\u00e4rin ja ett\u00e4 rasismin kohde ei ole toiminut v\u00e4\u00e4rin. <\/p>\n\n\n\n<p>Ryhm\u00e4ss\u00e4 keskusteltiin my\u00f6s ik\u00e4vist\u00e4 ty\u00f6el\u00e4m\u00e4kokemuksista, joista ei ole uskaltanut puhua esihenkil\u00f6lle tai opettajalle kuin vasta ehk\u00e4 vuosien kuluttua. On t\u00e4rke\u00e4\u00e4 uskaltaa ottaa asia esiin, ett\u00e4 tilannetta p\u00e4\u00e4st\u00e4\u00e4n purkamaan ja keskustelemaan mahdollisimman nopeasti. Rasismia ei pid\u00e4 siet\u00e4\u00e4. Se on kielletty\u00e4. Keskustelussa nousi esiin, miten t\u00e4rke\u00e4\u00e4 monikulttuurisuudessa ja moninaisuudessa on perheen malli ja lastenkasvatus. Lapsi oppii arvot mallista.<\/p>\n\n\n\n<p><em>Teksti ja kuva Tiina Alhainen<\/em><\/p>\n\n\n\n<p><em>Rasismin vastaista viikkoa vietet\u00e4\u00e4n 17.-24.3. <\/em><a href=\"https:\/\/www.punainenristi.fi\/rasisminvastainen-viikko\/\"><em>Katso lis\u00e4\u00e4.<\/em><\/a><\/p>\n\n\n\n<figure class=\"wp-block-image size-large\"><img loading=\"lazy\" decoding=\"async\" width=\"1024\" height=\"768\" src=\"https:\/\/www.kktavastia.fi\/media\/sites\/2\/rasisminvastainenviikko-1024x768.jpeg\" alt=\"\" class=\"wp-image-85629\" srcset=\"https:\/\/www.kktavastia.fi\/media\/sites\/2\/rasisminvastainenviikko-1024x768.jpeg 1024w, https:\/\/www.kktavastia.fi\/media\/sites\/2\/rasisminvastainenviikko-300x225.jpeg 300w, https:\/\/www.kktavastia.fi\/media\/sites\/2\/rasisminvastainenviikko-768x576.jpeg 768w, https:\/\/www.kktavastia.fi\/media\/sites\/2\/rasisminvastainenviikko-1536x1152.jpeg 1536w, https:\/\/www.kktavastia.fi\/media\/sites\/2\/rasisminvastainenviikko-2048x1536.jpeg 2048w, https:\/\/www.kktavastia.fi\/media\/sites\/2\/rasisminvastainenviikko-460x345.jpeg 460w, https:\/\/www.kktavastia.fi\/media\/sites\/2\/rasisminvastainenviikko-20x15.jpeg 20w\" sizes=\"auto, (max-width: 1024px) 100vw, 1024px\" \/><figcaption class=\"wp-element-caption\">Ammattiopisto Tavastian vieraskielisten TUVA-ryhm\u00e4 kertoi ajatuksia rasismista: mit\u00e4 se on ja miten siihen voi puuttua. Kolmantena oikealta on Susanna Aromaa, TUVA-koulutuksen opettaja.<\/figcaption><\/figure>\n\n\n\n<p><\/p>\n","protected":false},"excerpt":{"rendered":"<p>Monikulttuurisuuskoordinaattori Tiina Alhainen k\u00e4vi keskustelemassa rasismista yhden Ammattiopisto Tavastian vieraskielisten TUVA-ryhm\u00e4n kanssa. \u2013 Opiskelijoilla oli hyvin my\u00f6nteinen asenne keskustella rasismista. [&hellip;]<\/p>\n","protected":false},"author":3,"featured_media":85628,"comment_status":"closed","ping_status":"closed","sticky":false,"template":"","format":"standard","meta":{"_acf_changed":false,"_relevanssi_hide_post":"","_relevanssi_hide_content":"","_relevanssi_pin_for_all":"","_relevanssi_pin_keywords":"","_relevanssi_unpin_keywords":"","_relevanssi_related_keywords":"","_relevanssi_related_include_ids":"","_relevanssi_related_exclude_ids":"","_relevanssi_related_no_append":"","_relevanssi_related_not_related":"","_relevanssi_related_posts":"11223,11709,7208,12065,18238,14876","_relevanssi_noindex_reason":"","footnotes":""},"categories":[1],"tags":[],"class_list":["post-85627","post","type-post","status-publish","format-standard","has-post-thumbnail","hentry","category-yleinen"],"acf":[],"yoast_head":"<title>Opiskelijat toivovat: Puhu, kun n\u00e4et tai koet rasismia - Ammattiopisto Tavastia<\/title>\n<meta name=\"robots\" content=\"index, follow, max-snippet:-1, max-image-preview:large, max-video-preview:-1\" \/>\n<link rel=\"canonical\" href=\"https:\/\/www.kktavastia.fi\/ammattiopisto\/2025\/03\/17\/opiskelijat-toivovat-puhu-kun-naet-tai-koet-rasismia\/\" \/>\n<meta property=\"og:locale\" content=\"fi_FI\" \/>\n<meta property=\"og:type\" content=\"article\" \/>\n<meta property=\"og:title\" content=\"Opiskelijat toivovat: Puhu, kun n\u00e4et tai koet rasismia - Ammattiopisto Tavastia\" \/>\n<meta property=\"og:description\" content=\"Monikulttuurisuuskoordinaattori Tiina Alhainen k\u00e4vi keskustelemassa rasismista yhden Ammattiopisto Tavastian vieraskielisten TUVA-ryhm\u00e4n kanssa. \u2013 Opiskelijoilla oli hyvin my\u00f6nteinen asenne keskustella rasismista. [&hellip;]\" \/>\n<meta property=\"og:url\" content=\"https:\/\/www.kktavastia.fi\/ammattiopisto\/2025\/03\/17\/opiskelijat-toivovat-puhu-kun-naet-tai-koet-rasismia\/\" \/>\n<meta property=\"og:site_name\" content=\"Ammattiopisto Tavastia\" \/>\n<meta property=\"article:published_time\" content=\"2025-03-17T13:52:25+00:00\" \/>\n<meta property=\"article:modified_time\" content=\"2025-03-17T14:02:10+00:00\" \/>\n<meta property=\"og:image\" content=\"https:\/\/www.kktavastia.fi\/media\/sites\/2\/rasisiminvastainenviikko2-scaled.jpeg\" \/>\n\t<meta property=\"og:image:width\" content=\"2560\" \/>\n\t<meta property=\"og:image:height\" content=\"1920\" \/>\n\t<meta property=\"og:image:type\" content=\"image\/jpeg\" \/>\n<meta name=\"author\" content=\"jennimanninen\" \/>\n<meta name=\"twitter:card\" content=\"summary_large_image\" \/>\n<script type=\"application\/ld+json\" class=\"yoast-schema-graph\">{\"@context\":\"https:\\\/\\\/schema.org\",\"@graph\":[{\"@type\":\"Article\",\"@id\":\"https:\\\/\\\/www.kktavastia.fi\\\/ammattiopisto\\\/2025\\\/03\\\/17\\\/opiskelijat-toivovat-puhu-kun-naet-tai-koet-rasismia\\\/#article\",\"isPartOf\":{\"@id\":\"https:\\\/\\\/www.kktavastia.fi\\\/ammattiopisto\\\/2025\\\/03\\\/17\\\/opiskelijat-toivovat-puhu-kun-naet-tai-koet-rasismia\\\/\"},\"author\":{\"name\":\"jennimanninen\",\"@id\":\"https:\\\/\\\/www.kktavastia.fi\\\/ammattiopisto\\\/#\\\/schema\\\/person\\\/024aefaad0a17654b61e7deb02a467ab\"},\"headline\":\"Opiskelijat toivovat: Puhu, kun n\u00e4et tai koet rasismia\",\"datePublished\":\"2025-03-17T13:52:25+00:00\",\"dateModified\":\"2025-03-17T14:02:10+00:00\",\"mainEntityOfPage\":{\"@id\":\"https:\\\/\\\/www.kktavastia.fi\\\/ammattiopisto\\\/2025\\\/03\\\/17\\\/opiskelijat-toivovat-puhu-kun-naet-tai-koet-rasismia\\\/\"},\"wordCount\":470,\"image\":{\"@id\":\"https:\\\/\\\/www.kktavastia.fi\\\/ammattiopisto\\\/2025\\\/03\\\/17\\\/opiskelijat-toivovat-puhu-kun-naet-tai-koet-rasismia\\\/#primaryimage\"},\"thumbnailUrl\":\"https:\\\/\\\/www.kktavastia.fi\\\/media\\\/sites\\\/2\\\/rasisiminvastainenviikko2-scaled.jpeg\",\"inLanguage\":\"fi\"},{\"@type\":\"WebPage\",\"@id\":\"https:\\\/\\\/www.kktavastia.fi\\\/ammattiopisto\\\/2025\\\/03\\\/17\\\/opiskelijat-toivovat-puhu-kun-naet-tai-koet-rasismia\\\/\",\"url\":\"https:\\\/\\\/www.kktavastia.fi\\\/ammattiopisto\\\/2025\\\/03\\\/17\\\/opiskelijat-toivovat-puhu-kun-naet-tai-koet-rasismia\\\/\",\"name\":\"Opiskelijat toivovat: Puhu, kun n\u00e4et tai koet rasismia - Ammattiopisto Tavastia\",\"isPartOf\":{\"@id\":\"https:\\\/\\\/www.kktavastia.fi\\\/ammattiopisto\\\/#website\"},\"primaryImageOfPage\":{\"@id\":\"https:\\\/\\\/www.kktavastia.fi\\\/ammattiopisto\\\/2025\\\/03\\\/17\\\/opiskelijat-toivovat-puhu-kun-naet-tai-koet-rasismia\\\/#primaryimage\"},\"image\":{\"@id\":\"https:\\\/\\\/www.kktavastia.fi\\\/ammattiopisto\\\/2025\\\/03\\\/17\\\/opiskelijat-toivovat-puhu-kun-naet-tai-koet-rasismia\\\/#primaryimage\"},\"thumbnailUrl\":\"https:\\\/\\\/www.kktavastia.fi\\\/media\\\/sites\\\/2\\\/rasisiminvastainenviikko2-scaled.jpeg\",\"datePublished\":\"2025-03-17T13:52:25+00:00\",\"dateModified\":\"2025-03-17T14:02:10+00:00\",\"author\":{\"@id\":\"https:\\\/\\\/www.kktavastia.fi\\\/ammattiopisto\\\/#\\\/schema\\\/person\\\/024aefaad0a17654b61e7deb02a467ab\"},\"breadcrumb\":{\"@id\":\"https:\\\/\\\/www.kktavastia.fi\\\/ammattiopisto\\\/2025\\\/03\\\/17\\\/opiskelijat-toivovat-puhu-kun-naet-tai-koet-rasismia\\\/#breadcrumb\"},\"inLanguage\":\"fi\",\"potentialAction\":[{\"@type\":\"ReadAction\",\"target\":[\"https:\\\/\\\/www.kktavastia.fi\\\/ammattiopisto\\\/2025\\\/03\\\/17\\\/opiskelijat-toivovat-puhu-kun-naet-tai-koet-rasismia\\\/\"]}]},{\"@type\":\"ImageObject\",\"inLanguage\":\"fi\",\"@id\":\"https:\\\/\\\/www.kktavastia.fi\\\/ammattiopisto\\\/2025\\\/03\\\/17\\\/opiskelijat-toivovat-puhu-kun-naet-tai-koet-rasismia\\\/#primaryimage\",\"url\":\"https:\\\/\\\/www.kktavastia.fi\\\/media\\\/sites\\\/2\\\/rasisiminvastainenviikko2-scaled.jpeg\",\"contentUrl\":\"https:\\\/\\\/www.kktavastia.fi\\\/media\\\/sites\\\/2\\\/rasisiminvastainenviikko2-scaled.jpeg\",\"width\":2560,\"height\":1920},{\"@type\":\"BreadcrumbList\",\"@id\":\"https:\\\/\\\/www.kktavastia.fi\\\/ammattiopisto\\\/2025\\\/03\\\/17\\\/opiskelijat-toivovat-puhu-kun-naet-tai-koet-rasismia\\\/#breadcrumb\",\"itemListElement\":[{\"@type\":\"ListItem\",\"position\":1,\"name\":\"Home\",\"item\":\"https:\\\/\\\/www.kktavastia.fi\\\/ammattiopisto\\\/\"},{\"@type\":\"ListItem\",\"position\":2,\"name\":\"Opiskelijat toivovat: Puhu, kun n\u00e4et tai koet rasismia\"}]},{\"@type\":\"WebSite\",\"@id\":\"https:\\\/\\\/www.kktavastia.fi\\\/ammattiopisto\\\/#website\",\"url\":\"https:\\\/\\\/www.kktavastia.fi\\\/ammattiopisto\\\/\",\"name\":\"Ammattiopisto Tavastia\",\"description\":\"\",\"potentialAction\":[{\"@type\":\"SearchAction\",\"target\":{\"@type\":\"EntryPoint\",\"urlTemplate\":\"https:\\\/\\\/www.kktavastia.fi\\\/ammattiopisto\\\/?s={search_term_string}\"},\"query-input\":{\"@type\":\"PropertyValueSpecification\",\"valueRequired\":true,\"valueName\":\"search_term_string\"}}],\"inLanguage\":\"fi\"},{\"@type\":\"Person\",\"@id\":\"https:\\\/\\\/www.kktavastia.fi\\\/ammattiopisto\\\/#\\\/schema\\\/person\\\/024aefaad0a17654b61e7deb02a467ab\",\"name\":\"jennimanninen\",\"image\":{\"@type\":\"ImageObject\",\"inLanguage\":\"fi\",\"@id\":\"https:\\\/\\\/secure.gravatar.com\\\/avatar\\\/5457e44008198bb53daa774600a7e8e4246bcac6a14afc3db6e5d007d9dc6f39?s=96&d=mm&r=g\",\"url\":\"https:\\\/\\\/secure.gravatar.com\\\/avatar\\\/5457e44008198bb53daa774600a7e8e4246bcac6a14afc3db6e5d007d9dc6f39?s=96&d=mm&r=g\",\"contentUrl\":\"https:\\\/\\\/secure.gravatar.com\\\/avatar\\\/5457e44008198bb53daa774600a7e8e4246bcac6a14afc3db6e5d007d9dc6f39?s=96&d=mm&r=g\",\"caption\":\"jennimanninen\"},\"url\":\"https:\\\/\\\/www.kktavastia.fi\\\/ammattiopisto\\\/author\\\/jennimanninen\\\/\"}]}<\/script>","yoast_head_json":{"title":"Opiskelijat toivovat: Puhu, kun n\u00e4et tai koet rasismia - Ammattiopisto Tavastia","robots":{"index":"index","follow":"follow","max-snippet":"max-snippet:-1","max-image-preview":"max-image-preview:large","max-video-preview":"max-video-preview:-1"},"canonical":"https:\/\/www.kktavastia.fi\/ammattiopisto\/2025\/03\/17\/opiskelijat-toivovat-puhu-kun-naet-tai-koet-rasismia\/","og_locale":"fi_FI","og_type":"article","og_title":"Opiskelijat toivovat: Puhu, kun n\u00e4et tai koet rasismia - Ammattiopisto Tavastia","og_description":"Monikulttuurisuuskoordinaattori Tiina Alhainen k\u00e4vi keskustelemassa rasismista yhden Ammattiopisto Tavastian vieraskielisten TUVA-ryhm\u00e4n kanssa. \u2013 Opiskelijoilla oli hyvin my\u00f6nteinen asenne keskustella rasismista. [&hellip;]","og_url":"https:\/\/www.kktavastia.fi\/ammattiopisto\/2025\/03\/17\/opiskelijat-toivovat-puhu-kun-naet-tai-koet-rasismia\/","og_site_name":"Ammattiopisto Tavastia","article_published_time":"2025-03-17T13:52:25+00:00","article_modified_time":"2025-03-17T14:02:10+00:00","og_image":[{"width":2560,"height":1920,"url":"https:\/\/www.kktavastia.fi\/media\/sites\/2\/rasisiminvastainenviikko2-scaled.jpeg","type":"image\/jpeg"}],"author":"jennimanninen","twitter_card":"summary_large_image","schema":{"@context":"https:\/\/schema.org","@graph":[{"@type":"Article","@id":"https:\/\/www.kktavastia.fi\/ammattiopisto\/2025\/03\/17\/opiskelijat-toivovat-puhu-kun-naet-tai-koet-rasismia\/#article","isPartOf":{"@id":"https:\/\/www.kktavastia.fi\/ammattiopisto\/2025\/03\/17\/opiskelijat-toivovat-puhu-kun-naet-tai-koet-rasismia\/"},"author":{"name":"jennimanninen","@id":"https:\/\/www.kktavastia.fi\/ammattiopisto\/#\/schema\/person\/024aefaad0a17654b61e7deb02a467ab"},"headline":"Opiskelijat toivovat: Puhu, kun n\u00e4et tai koet rasismia","datePublished":"2025-03-17T13:52:25+00:00","dateModified":"2025-03-17T14:02:10+00:00","mainEntityOfPage":{"@id":"https:\/\/www.kktavastia.fi\/ammattiopisto\/2025\/03\/17\/opiskelijat-toivovat-puhu-kun-naet-tai-koet-rasismia\/"},"wordCount":470,"image":{"@id":"https:\/\/www.kktavastia.fi\/ammattiopisto\/2025\/03\/17\/opiskelijat-toivovat-puhu-kun-naet-tai-koet-rasismia\/#primaryimage"},"thumbnailUrl":"https:\/\/www.kktavastia.fi\/media\/sites\/2\/rasisiminvastainenviikko2-scaled.jpeg","inLanguage":"fi"},{"@type":"WebPage","@id":"https:\/\/www.kktavastia.fi\/ammattiopisto\/2025\/03\/17\/opiskelijat-toivovat-puhu-kun-naet-tai-koet-rasismia\/","url":"https:\/\/www.kktavastia.fi\/ammattiopisto\/2025\/03\/17\/opiskelijat-toivovat-puhu-kun-naet-tai-koet-rasismia\/","name":"Opiskelijat toivovat: Puhu, kun n\u00e4et tai koet rasismia - Ammattiopisto Tavastia","isPartOf":{"@id":"https:\/\/www.kktavastia.fi\/ammattiopisto\/#website"},"primaryImageOfPage":{"@id":"https:\/\/www.kktavastia.fi\/ammattiopisto\/2025\/03\/17\/opiskelijat-toivovat-puhu-kun-naet-tai-koet-rasismia\/#primaryimage"},"image":{"@id":"https:\/\/www.kktavastia.fi\/ammattiopisto\/2025\/03\/17\/opiskelijat-toivovat-puhu-kun-naet-tai-koet-rasismia\/#primaryimage"},"thumbnailUrl":"https:\/\/www.kktavastia.fi\/media\/sites\/2\/rasisiminvastainenviikko2-scaled.jpeg","datePublished":"2025-03-17T13:52:25+00:00","dateModified":"2025-03-17T14:02:10+00:00","author":{"@id":"https:\/\/www.kktavastia.fi\/ammattiopisto\/#\/schema\/person\/024aefaad0a17654b61e7deb02a467ab"},"breadcrumb":{"@id":"https:\/\/www.kktavastia.fi\/ammattiopisto\/2025\/03\/17\/opiskelijat-toivovat-puhu-kun-naet-tai-koet-rasismia\/#breadcrumb"},"inLanguage":"fi","potentialAction":[{"@type":"ReadAction","target":["https:\/\/www.kktavastia.fi\/ammattiopisto\/2025\/03\/17\/opiskelijat-toivovat-puhu-kun-naet-tai-koet-rasismia\/"]}]},{"@type":"ImageObject","inLanguage":"fi","@id":"https:\/\/www.kktavastia.fi\/ammattiopisto\/2025\/03\/17\/opiskelijat-toivovat-puhu-kun-naet-tai-koet-rasismia\/#primaryimage","url":"https:\/\/www.kktavastia.fi\/media\/sites\/2\/rasisiminvastainenviikko2-scaled.jpeg","contentUrl":"https:\/\/www.kktavastia.fi\/media\/sites\/2\/rasisiminvastainenviikko2-scaled.jpeg","width":2560,"height":1920},{"@type":"BreadcrumbList","@id":"https:\/\/www.kktavastia.fi\/ammattiopisto\/2025\/03\/17\/opiskelijat-toivovat-puhu-kun-naet-tai-koet-rasismia\/#breadcrumb","itemListElement":[{"@type":"ListItem","position":1,"name":"Home","item":"https:\/\/www.kktavastia.fi\/ammattiopisto\/"},{"@type":"ListItem","position":2,"name":"Opiskelijat toivovat: Puhu, kun n\u00e4et tai koet rasismia"}]},{"@type":"WebSite","@id":"https:\/\/www.kktavastia.fi\/ammattiopisto\/#website","url":"https:\/\/www.kktavastia.fi\/ammattiopisto\/","name":"Ammattiopisto Tavastia","description":"","potentialAction":[{"@type":"SearchAction","target":{"@type":"EntryPoint","urlTemplate":"https:\/\/www.kktavastia.fi\/ammattiopisto\/?s={search_term_string}"},"query-input":{"@type":"PropertyValueSpecification","valueRequired":true,"valueName":"search_term_string"}}],"inLanguage":"fi"},{"@type":"Person","@id":"https:\/\/www.kktavastia.fi\/ammattiopisto\/#\/schema\/person\/024aefaad0a17654b61e7deb02a467ab","name":"jennimanninen","image":{"@type":"ImageObject","inLanguage":"fi","@id":"https:\/\/secure.gravatar.com\/avatar\/5457e44008198bb53daa774600a7e8e4246bcac6a14afc3db6e5d007d9dc6f39?s=96&d=mm&r=g","url":"https:\/\/secure.gravatar.com\/avatar\/5457e44008198bb53daa774600a7e8e4246bcac6a14afc3db6e5d007d9dc6f39?s=96&d=mm&r=g","contentUrl":"https:\/\/secure.gravatar.com\/avatar\/5457e44008198bb53daa774600a7e8e4246bcac6a14afc3db6e5d007d9dc6f39?s=96&d=mm&r=g","caption":"jennimanninen"},"url":"https:\/\/www.kktavastia.fi\/ammattiopisto\/author\/jennimanninen\/"}]}},"_links":{"self":[{"href":"https:\/\/www.kktavastia.fi\/ammattiopisto\/wp-json\/wp\/v2\/posts\/85627","targetHints":{"allow":["GET"]}}],"collection":[{"href":"https:\/\/www.kktavastia.fi\/ammattiopisto\/wp-json\/wp\/v2\/posts"}],"about":[{"href":"https:\/\/www.kktavastia.fi\/ammattiopisto\/wp-json\/wp\/v2\/types\/post"}],"author":[{"embeddable":true,"href":"https:\/\/www.kktavastia.fi\/ammattiopisto\/wp-json\/wp\/v2\/users\/3"}],"replies":[{"embeddable":true,"href":"https:\/\/www.kktavastia.fi\/ammattiopisto\/wp-json\/wp\/v2\/comments?post=85627"}],"version-history":[{"count":2,"href":"https:\/\/www.kktavastia.fi\/ammattiopisto\/wp-json\/wp\/v2\/posts\/85627\/revisions"}],"predecessor-version":[{"id":85631,"href":"https:\/\/www.kktavastia.fi\/ammattiopisto\/wp-json\/wp\/v2\/posts\/85627\/revisions\/85631"}],"wp:featuredmedia":[{"embeddable":true,"href":"https:\/\/www.kktavastia.fi\/ammattiopisto\/wp-json\/wp\/v2\/media\/85628"}],"wp:attachment":[{"href":"https:\/\/www.kktavastia.fi\/ammattiopisto\/wp-json\/wp\/v2\/media?parent=85627"}],"wp:term":[{"taxonomy":"category","embeddable":true,"href":"https:\/\/www.kktavastia.fi\/ammattiopisto\/wp-json\/wp\/v2\/categories?post=85627"},{"taxonomy":"post_tag","embeddable":true,"href":"https:\/\/www.kktavastia.fi\/ammattiopisto\/wp-json\/wp\/v2\/tags?post=85627"}],"curies":[{"name":"wp","href":"https:\/\/api.w.org\/{rel}","templated":true}]}}