{"id":8427,"date":"2019-02-20T15:32:39","date_gmt":"2019-02-20T13:32:39","guid":{"rendered":"https:\/\/www.kktavastia.fi\/ammattiopisto-tavastia\/?p=8427"},"modified":"2019-02-20T15:32:39","modified_gmt":"2019-02-20T13:32:39","slug":"tavastialla-vietetaan-hyvinvointiviikkoa","status":"publish","type":"post","link":"https:\/\/www.kktavastia.fi\/ammattiopisto\/2019\/02\/20\/tavastialla-vietetaan-hyvinvointiviikkoa\/","title":{"rendered":"Tavastialla vietet\u00e4\u00e4n hyvinvointiviikkoa"},"content":{"rendered":"<div id='gallery-1' class='gallery galleryid-8427 gallery-columns-3 gallery-size-thumbnail'><figure class='gallery-item'>\n\t\t\t<div class='gallery-icon portrait'>\n\t\t\t\t<a href='https:\/\/www.kktavastia.fi\/ammattiopisto\/2019\/02\/20\/tavastialla-vietetaan-hyvinvointiviikkoa\/hyvinvointipalvelut-19-2-2019_eerika-piritta-pirjetta-ja-janne\/'><img loading=\"lazy\" decoding=\"async\" width=\"150\" height=\"150\" src=\"https:\/\/www.kktavastia.fi\/media\/sites\/2\/hyvinvointipalvelut-19.2.2019_eerika-piritta-pirjetta-ja-janne-150x150.jpg\" class=\"attachment-thumbnail size-thumbnail\" alt=\"\" aria-describedby=\"gallery-1-8429\" \/><\/a>\n\t\t\t<\/div>\n\t\t\t\t<figcaption class='wp-caption-text gallery-caption' id='gallery-1-8429'>\n\t\t\t\tOpiskelijapalvelujen avoimissa ovissa vastassa oli iloisia kasvoja.\n\t\t\t\t<\/figcaption><\/figure><figure class='gallery-item'>\n\t\t\t<div class='gallery-icon landscape'>\n\t\t\t\t<a href='https:\/\/www.kktavastia.fi\/ammattiopisto\/2019\/02\/20\/tavastialla-vietetaan-hyvinvointiviikkoa\/img_20190218_111600-01\/'><img loading=\"lazy\" decoding=\"async\" width=\"150\" height=\"150\" src=\"https:\/\/www.kktavastia.fi\/media\/sites\/2\/img_20190218_111600-01-150x150.jpeg\" class=\"attachment-thumbnail size-thumbnail\" alt=\"\" aria-describedby=\"gallery-1-8430\" \/><\/a>\n\t\t\t<\/div>\n\t\t\t\t<figcaption class='wp-caption-text gallery-caption' id='gallery-1-8430'>\n\t\t\t\tNuoriso-ohjaaja Anni Rahkonen ja vastaava kuraattori Pirjetta Pakanen opastivat opiskelijoita hyviin ruokailutapoihin.\n\t\t\t\t<\/figcaption><\/figure><figure class='gallery-item'>\n\t\t\t<div class='gallery-icon landscape'>\n\t\t\t\t<a href='https:\/\/www.kktavastia.fi\/ammattiopisto\/2019\/02\/20\/tavastialla-vietetaan-hyvinvointiviikkoa\/img_20190220_113637\/'><img loading=\"lazy\" decoding=\"async\" width=\"150\" height=\"150\" src=\"https:\/\/www.kktavastia.fi\/media\/sites\/2\/img_20190220_113637-150x150.jpg\" class=\"attachment-thumbnail size-thumbnail\" alt=\"\" aria-describedby=\"gallery-1-8431\" \/><\/a>\n\t\t\t<\/div>\n\t\t\t\t<figcaption class='wp-caption-text gallery-caption' id='gallery-1-8431'>\n\t\t\t\tReaktiop\u00f6yt\u00e4 oli suosittu ohjelmanumero opiskelijoiden keskuudessa.\n\t\t\t\t<\/figcaption><\/figure><figure class='gallery-item'>\n\t\t\t<div class='gallery-icon landscape'>\n\t\t\t\t<a href='https:\/\/www.kktavastia.fi\/ammattiopisto\/2019\/02\/20\/tavastialla-vietetaan-hyvinvointiviikkoa\/img_20190220_114108\/'><img loading=\"lazy\" decoding=\"async\" width=\"150\" height=\"150\" src=\"https:\/\/www.kktavastia.fi\/media\/sites\/2\/img_20190220_114108-150x150.jpg\" class=\"attachment-thumbnail size-thumbnail\" alt=\"\" aria-describedby=\"gallery-1-8432\" \/><\/a>\n\t\t\t<\/div>\n\t\t\t\t<figcaption class='wp-caption-text gallery-caption' id='gallery-1-8432'>\n\t\t\t\tTennispallohieronta rentoutti mukavasti koulup\u00e4iv\u00e4n keskell\u00e4.\n\t\t\t\t<\/figcaption><\/figure><figure class='gallery-item'>\n\t\t\t<div class='gallery-icon portrait'>\n\t\t\t\t<a href='https:\/\/www.kktavastia.fi\/ammattiopisto\/2019\/02\/20\/tavastialla-vietetaan-hyvinvointiviikkoa\/img-20190221-wa0000\/'><img loading=\"lazy\" decoding=\"async\" width=\"150\" height=\"150\" src=\"https:\/\/www.kktavastia.fi\/media\/sites\/2\/img-20190221-wa0000-150x150.jpg\" class=\"attachment-thumbnail size-thumbnail\" alt=\"\" aria-describedby=\"gallery-1-8456\" \/><\/a>\n\t\t\t<\/div>\n\t\t\t\t<figcaption class='wp-caption-text gallery-caption' id='gallery-1-8456'>\n\t\t\t\tOpiskelijakunnan hallitus A:n aulassa\n\t\t\t\t<\/figcaption><\/figure><figure class='gallery-item'>\n\t\t\t<div class='gallery-icon landscape'>\n\t\t\t\t<a href='https:\/\/www.kktavastia.fi\/ammattiopisto\/2019\/02\/20\/tavastialla-vietetaan-hyvinvointiviikkoa\/img-20190221-wa0001\/'><img loading=\"lazy\" decoding=\"async\" width=\"150\" height=\"150\" src=\"https:\/\/www.kktavastia.fi\/media\/sites\/2\/img-20190221-wa0001-150x150.jpg\" class=\"attachment-thumbnail size-thumbnail\" alt=\"\" aria-describedby=\"gallery-1-8457\" \/><\/a>\n\t\t\t<\/div>\n\t\t\t\t<figcaption class='wp-caption-text gallery-caption' id='gallery-1-8457'>\n\t\t\t\tNUAS ja asumisinfoa\n\t\t\t\t<\/figcaption><\/figure><figure class='gallery-item'>\n\t\t\t<div class='gallery-icon portrait'>\n\t\t\t\t<a href='https:\/\/www.kktavastia.fi\/ammattiopisto\/2019\/02\/20\/tavastialla-vietetaan-hyvinvointiviikkoa\/img-20190221-wa0002\/'><img loading=\"lazy\" decoding=\"async\" width=\"150\" height=\"150\" src=\"https:\/\/www.kktavastia.fi\/media\/sites\/2\/img-20190221-wa0002-150x150.jpg\" class=\"attachment-thumbnail size-thumbnail\" alt=\"\" aria-describedby=\"gallery-1-8458\" \/><\/a>\n\t\t\t<\/div>\n\t\t\t\t<figcaption class='wp-caption-text gallery-caption' id='gallery-1-8458'>\n\t\t\t\tSeurakunta esitt\u00e4ytyi\n\t\t\t\t<\/figcaption><\/figure>\n\t\t<\/div>\n\n<p>Tavastialla vietet\u00e4\u00e4n viikolla 8 Yhteinen Tavastia -teemaviikkoa, jonka aiheena on hyvinvointi. Viikon jokaisena p\u00e4iv\u00e4n\u00e4 on tarjolla erilaista ohjelmaa ja toimintaa sek\u00e4 opiskelijoille ett\u00e4 opettajille.<\/p>\n<p>Maanantaina opiskelijoita opastettiin hyviin ruokailutapoihin ja tiistaina S-rakennuksen hyvinvointipalveluilla oli tosi avoimet ovet. <a href=\"https:\/\/www.kktavastia.fi\/parhaat-kokemukset-jaossa-pedamessuilla\/\" target=\"_blank\" rel=\"noopener\">Tiistaina pidettiin my\u00f6s Pedamessut<\/a>.<\/p>\n<p>Keskiviikkona p\u00e4\u00e4si rentoutumaan tennispallohieronnassa ja testaamaan reaktiokykyj\u00e4\u00e4n reaktiop\u00f6yd\u00e4n avulla. Torstaina luvassa on muun muassa nuuskainfoa ja perjantaina tietoa kes\u00e4t\u00f6ist\u00e4 A-rakennuksen kakkoskerroksen aulassa.<\/p>\n<p>Tule mukaan viikon tapahtumiin!<\/p>\n","protected":false},"excerpt":{"rendered":"<p>Tavastialla vietet\u00e4\u00e4n viikolla 8 Yhteinen Tavastia -teemaviikkoa, jonka aiheena on hyvinvointi. Viikon jokaisena p\u00e4iv\u00e4n\u00e4 on tarjolla erilaista ohjelmaa ja toimintaa [&hellip;]<\/p>\n","protected":false},"author":6,"featured_media":8429,"comment_status":"closed","ping_status":"closed","sticky":false,"template":"","format":"standard","meta":{"_acf_changed":false,"_relevanssi_hide_post":"","_relevanssi_hide_content":"","_relevanssi_pin_for_all":"","_relevanssi_pin_keywords":"","_relevanssi_unpin_keywords":"","_relevanssi_related_keywords":"","_relevanssi_related_include_ids":"","_relevanssi_related_exclude_ids":"","_relevanssi_related_no_append":"","_relevanssi_related_not_related":"","_relevanssi_related_posts":"","_relevanssi_noindex_reason":"","footnotes":""},"categories":[1],"tags":[],"class_list":["post-8427","post","type-post","status-publish","format-standard","has-post-thumbnail","hentry","category-yleinen"],"acf":[],"yoast_head":"<title>Tavastialla vietet\u00e4\u00e4n hyvinvointiviikkoa - Ammattiopisto Tavastia<\/title>\n<meta name=\"robots\" content=\"index, follow, max-snippet:-1, max-image-preview:large, max-video-preview:-1\" \/>\n<link rel=\"canonical\" href=\"https:\/\/www.kktavastia.fi\/ammattiopisto\/2019\/02\/20\/tavastialla-vietetaan-hyvinvointiviikkoa\/\" \/>\n<meta property=\"og:locale\" content=\"fi_FI\" \/>\n<meta property=\"og:type\" content=\"article\" \/>\n<meta property=\"og:title\" content=\"Tavastialla vietet\u00e4\u00e4n hyvinvointiviikkoa - Ammattiopisto Tavastia\" \/>\n<meta property=\"og:description\" content=\"Tavastialla vietet\u00e4\u00e4n viikolla 8 Yhteinen Tavastia -teemaviikkoa, jonka aiheena on hyvinvointi. Viikon jokaisena p\u00e4iv\u00e4n\u00e4 on tarjolla erilaista ohjelmaa ja toimintaa [&hellip;]\" \/>\n<meta property=\"og:url\" content=\"https:\/\/www.kktavastia.fi\/ammattiopisto\/2019\/02\/20\/tavastialla-vietetaan-hyvinvointiviikkoa\/\" \/>\n<meta property=\"og:site_name\" content=\"Ammattiopisto Tavastia\" \/>\n<meta property=\"article:published_time\" content=\"2019-02-20T13:32:39+00:00\" \/>\n<meta property=\"og:image\" content=\"https:\/\/www.kktavastia.fi\/media\/sites\/2\/hyvinvointipalvelut-19.2.2019_eerika-piritta-pirjetta-ja-janne.jpg\" \/>\n\t<meta property=\"og:image:width\" content=\"1717\" \/>\n\t<meta property=\"og:image:height\" content=\"2000\" \/>\n\t<meta property=\"og:image:type\" content=\"image\/jpeg\" \/>\n<meta name=\"author\" content=\"saraseppala\" \/>\n<meta name=\"twitter:card\" content=\"summary_large_image\" \/>\n<script type=\"application\/ld+json\" class=\"yoast-schema-graph\">{\"@context\":\"https:\\\/\\\/schema.org\",\"@graph\":[{\"@type\":\"Article\",\"@id\":\"https:\\\/\\\/www.kktavastia.fi\\\/ammattiopisto\\\/2019\\\/02\\\/20\\\/tavastialla-vietetaan-hyvinvointiviikkoa\\\/#article\",\"isPartOf\":{\"@id\":\"https:\\\/\\\/www.kktavastia.fi\\\/ammattiopisto\\\/2019\\\/02\\\/20\\\/tavastialla-vietetaan-hyvinvointiviikkoa\\\/\"},\"author\":{\"name\":\"saraseppala\",\"@id\":\"https:\\\/\\\/www.kktavastia.fi\\\/ammattiopisto\\\/#\\\/schema\\\/person\\\/817cce3016d2f14b9a7ed273534dcf4d\"},\"headline\":\"Tavastialla vietet\u00e4\u00e4n hyvinvointiviikkoa\",\"datePublished\":\"2019-02-20T13:32:39+00:00\",\"mainEntityOfPage\":{\"@id\":\"https:\\\/\\\/www.kktavastia.fi\\\/ammattiopisto\\\/2019\\\/02\\\/20\\\/tavastialla-vietetaan-hyvinvointiviikkoa\\\/\"},\"wordCount\":82,\"image\":{\"@id\":\"https:\\\/\\\/www.kktavastia.fi\\\/ammattiopisto\\\/2019\\\/02\\\/20\\\/tavastialla-vietetaan-hyvinvointiviikkoa\\\/#primaryimage\"},\"thumbnailUrl\":\"https:\\\/\\\/www.kktavastia.fi\\\/media\\\/sites\\\/2\\\/hyvinvointipalvelut-19.2.2019_eerika-piritta-pirjetta-ja-janne.jpg\",\"inLanguage\":\"fi\"},{\"@type\":\"WebPage\",\"@id\":\"https:\\\/\\\/www.kktavastia.fi\\\/ammattiopisto\\\/2019\\\/02\\\/20\\\/tavastialla-vietetaan-hyvinvointiviikkoa\\\/\",\"url\":\"https:\\\/\\\/www.kktavastia.fi\\\/ammattiopisto\\\/2019\\\/02\\\/20\\\/tavastialla-vietetaan-hyvinvointiviikkoa\\\/\",\"name\":\"Tavastialla vietet\u00e4\u00e4n hyvinvointiviikkoa - Ammattiopisto Tavastia\",\"isPartOf\":{\"@id\":\"https:\\\/\\\/www.kktavastia.fi\\\/ammattiopisto\\\/#website\"},\"primaryImageOfPage\":{\"@id\":\"https:\\\/\\\/www.kktavastia.fi\\\/ammattiopisto\\\/2019\\\/02\\\/20\\\/tavastialla-vietetaan-hyvinvointiviikkoa\\\/#primaryimage\"},\"image\":{\"@id\":\"https:\\\/\\\/www.kktavastia.fi\\\/ammattiopisto\\\/2019\\\/02\\\/20\\\/tavastialla-vietetaan-hyvinvointiviikkoa\\\/#primaryimage\"},\"thumbnailUrl\":\"https:\\\/\\\/www.kktavastia.fi\\\/media\\\/sites\\\/2\\\/hyvinvointipalvelut-19.2.2019_eerika-piritta-pirjetta-ja-janne.jpg\",\"datePublished\":\"2019-02-20T13:32:39+00:00\",\"author\":{\"@id\":\"https:\\\/\\\/www.kktavastia.fi\\\/ammattiopisto\\\/#\\\/schema\\\/person\\\/817cce3016d2f14b9a7ed273534dcf4d\"},\"breadcrumb\":{\"@id\":\"https:\\\/\\\/www.kktavastia.fi\\\/ammattiopisto\\\/2019\\\/02\\\/20\\\/tavastialla-vietetaan-hyvinvointiviikkoa\\\/#breadcrumb\"},\"inLanguage\":\"fi\",\"potentialAction\":[{\"@type\":\"ReadAction\",\"target\":[\"https:\\\/\\\/www.kktavastia.fi\\\/ammattiopisto\\\/2019\\\/02\\\/20\\\/tavastialla-vietetaan-hyvinvointiviikkoa\\\/\"]}]},{\"@type\":\"ImageObject\",\"inLanguage\":\"fi\",\"@id\":\"https:\\\/\\\/www.kktavastia.fi\\\/ammattiopisto\\\/2019\\\/02\\\/20\\\/tavastialla-vietetaan-hyvinvointiviikkoa\\\/#primaryimage\",\"url\":\"https:\\\/\\\/www.kktavastia.fi\\\/media\\\/sites\\\/2\\\/hyvinvointipalvelut-19.2.2019_eerika-piritta-pirjetta-ja-janne.jpg\",\"contentUrl\":\"https:\\\/\\\/www.kktavastia.fi\\\/media\\\/sites\\\/2\\\/hyvinvointipalvelut-19.2.2019_eerika-piritta-pirjetta-ja-janne.jpg\",\"width\":1717,\"height\":2000,\"caption\":\"Opiskelijapalvelujen avoimissa ovissa vastassa oli iloisia kasvoja.\"},{\"@type\":\"BreadcrumbList\",\"@id\":\"https:\\\/\\\/www.kktavastia.fi\\\/ammattiopisto\\\/2019\\\/02\\\/20\\\/tavastialla-vietetaan-hyvinvointiviikkoa\\\/#breadcrumb\",\"itemListElement\":[{\"@type\":\"ListItem\",\"position\":1,\"name\":\"Home\",\"item\":\"https:\\\/\\\/www.kktavastia.fi\\\/ammattiopisto\\\/\"},{\"@type\":\"ListItem\",\"position\":2,\"name\":\"Tavastialla vietet\u00e4\u00e4n hyvinvointiviikkoa\"}]},{\"@type\":\"WebSite\",\"@id\":\"https:\\\/\\\/www.kktavastia.fi\\\/ammattiopisto\\\/#website\",\"url\":\"https:\\\/\\\/www.kktavastia.fi\\\/ammattiopisto\\\/\",\"name\":\"Ammattiopisto Tavastia\",\"description\":\"\",\"potentialAction\":[{\"@type\":\"SearchAction\",\"target\":{\"@type\":\"EntryPoint\",\"urlTemplate\":\"https:\\\/\\\/www.kktavastia.fi\\\/ammattiopisto\\\/?s={search_term_string}\"},\"query-input\":{\"@type\":\"PropertyValueSpecification\",\"valueRequired\":true,\"valueName\":\"search_term_string\"}}],\"inLanguage\":\"fi\"},{\"@type\":\"Person\",\"@id\":\"https:\\\/\\\/www.kktavastia.fi\\\/ammattiopisto\\\/#\\\/schema\\\/person\\\/817cce3016d2f14b9a7ed273534dcf4d\",\"name\":\"saraseppala\",\"image\":{\"@type\":\"ImageObject\",\"inLanguage\":\"fi\",\"@id\":\"https:\\\/\\\/secure.gravatar.com\\\/avatar\\\/478c9f0d13d5df0e5e3d2ec80a1d93afb10baa5bf0f981b9874b9ad1ff76cafc?s=96&d=mm&r=g\",\"url\":\"https:\\\/\\\/secure.gravatar.com\\\/avatar\\\/478c9f0d13d5df0e5e3d2ec80a1d93afb10baa5bf0f981b9874b9ad1ff76cafc?s=96&d=mm&r=g\",\"contentUrl\":\"https:\\\/\\\/secure.gravatar.com\\\/avatar\\\/478c9f0d13d5df0e5e3d2ec80a1d93afb10baa5bf0f981b9874b9ad1ff76cafc?s=96&d=mm&r=g\",\"caption\":\"saraseppala\"},\"url\":\"https:\\\/\\\/www.kktavastia.fi\\\/ammattiopisto\\\/author\\\/saraseppala\\\/\"}]}<\/script>","yoast_head_json":{"title":"Tavastialla vietet\u00e4\u00e4n hyvinvointiviikkoa - Ammattiopisto Tavastia","robots":{"index":"index","follow":"follow","max-snippet":"max-snippet:-1","max-image-preview":"max-image-preview:large","max-video-preview":"max-video-preview:-1"},"canonical":"https:\/\/www.kktavastia.fi\/ammattiopisto\/2019\/02\/20\/tavastialla-vietetaan-hyvinvointiviikkoa\/","og_locale":"fi_FI","og_type":"article","og_title":"Tavastialla vietet\u00e4\u00e4n hyvinvointiviikkoa - Ammattiopisto Tavastia","og_description":"Tavastialla vietet\u00e4\u00e4n viikolla 8 Yhteinen Tavastia -teemaviikkoa, jonka aiheena on hyvinvointi. Viikon jokaisena p\u00e4iv\u00e4n\u00e4 on tarjolla erilaista ohjelmaa ja toimintaa [&hellip;]","og_url":"https:\/\/www.kktavastia.fi\/ammattiopisto\/2019\/02\/20\/tavastialla-vietetaan-hyvinvointiviikkoa\/","og_site_name":"Ammattiopisto Tavastia","article_published_time":"2019-02-20T13:32:39+00:00","og_image":[{"width":1717,"height":2000,"url":"https:\/\/www.kktavastia.fi\/media\/sites\/2\/hyvinvointipalvelut-19.2.2019_eerika-piritta-pirjetta-ja-janne.jpg","type":"image\/jpeg"}],"author":"saraseppala","twitter_card":"summary_large_image","schema":{"@context":"https:\/\/schema.org","@graph":[{"@type":"Article","@id":"https:\/\/www.kktavastia.fi\/ammattiopisto\/2019\/02\/20\/tavastialla-vietetaan-hyvinvointiviikkoa\/#article","isPartOf":{"@id":"https:\/\/www.kktavastia.fi\/ammattiopisto\/2019\/02\/20\/tavastialla-vietetaan-hyvinvointiviikkoa\/"},"author":{"name":"saraseppala","@id":"https:\/\/www.kktavastia.fi\/ammattiopisto\/#\/schema\/person\/817cce3016d2f14b9a7ed273534dcf4d"},"headline":"Tavastialla vietet\u00e4\u00e4n hyvinvointiviikkoa","datePublished":"2019-02-20T13:32:39+00:00","mainEntityOfPage":{"@id":"https:\/\/www.kktavastia.fi\/ammattiopisto\/2019\/02\/20\/tavastialla-vietetaan-hyvinvointiviikkoa\/"},"wordCount":82,"image":{"@id":"https:\/\/www.kktavastia.fi\/ammattiopisto\/2019\/02\/20\/tavastialla-vietetaan-hyvinvointiviikkoa\/#primaryimage"},"thumbnailUrl":"https:\/\/www.kktavastia.fi\/media\/sites\/2\/hyvinvointipalvelut-19.2.2019_eerika-piritta-pirjetta-ja-janne.jpg","inLanguage":"fi"},{"@type":"WebPage","@id":"https:\/\/www.kktavastia.fi\/ammattiopisto\/2019\/02\/20\/tavastialla-vietetaan-hyvinvointiviikkoa\/","url":"https:\/\/www.kktavastia.fi\/ammattiopisto\/2019\/02\/20\/tavastialla-vietetaan-hyvinvointiviikkoa\/","name":"Tavastialla vietet\u00e4\u00e4n hyvinvointiviikkoa - Ammattiopisto Tavastia","isPartOf":{"@id":"https:\/\/www.kktavastia.fi\/ammattiopisto\/#website"},"primaryImageOfPage":{"@id":"https:\/\/www.kktavastia.fi\/ammattiopisto\/2019\/02\/20\/tavastialla-vietetaan-hyvinvointiviikkoa\/#primaryimage"},"image":{"@id":"https:\/\/www.kktavastia.fi\/ammattiopisto\/2019\/02\/20\/tavastialla-vietetaan-hyvinvointiviikkoa\/#primaryimage"},"thumbnailUrl":"https:\/\/www.kktavastia.fi\/media\/sites\/2\/hyvinvointipalvelut-19.2.2019_eerika-piritta-pirjetta-ja-janne.jpg","datePublished":"2019-02-20T13:32:39+00:00","author":{"@id":"https:\/\/www.kktavastia.fi\/ammattiopisto\/#\/schema\/person\/817cce3016d2f14b9a7ed273534dcf4d"},"breadcrumb":{"@id":"https:\/\/www.kktavastia.fi\/ammattiopisto\/2019\/02\/20\/tavastialla-vietetaan-hyvinvointiviikkoa\/#breadcrumb"},"inLanguage":"fi","potentialAction":[{"@type":"ReadAction","target":["https:\/\/www.kktavastia.fi\/ammattiopisto\/2019\/02\/20\/tavastialla-vietetaan-hyvinvointiviikkoa\/"]}]},{"@type":"ImageObject","inLanguage":"fi","@id":"https:\/\/www.kktavastia.fi\/ammattiopisto\/2019\/02\/20\/tavastialla-vietetaan-hyvinvointiviikkoa\/#primaryimage","url":"https:\/\/www.kktavastia.fi\/media\/sites\/2\/hyvinvointipalvelut-19.2.2019_eerika-piritta-pirjetta-ja-janne.jpg","contentUrl":"https:\/\/www.kktavastia.fi\/media\/sites\/2\/hyvinvointipalvelut-19.2.2019_eerika-piritta-pirjetta-ja-janne.jpg","width":1717,"height":2000,"caption":"Opiskelijapalvelujen avoimissa ovissa vastassa oli iloisia kasvoja."},{"@type":"BreadcrumbList","@id":"https:\/\/www.kktavastia.fi\/ammattiopisto\/2019\/02\/20\/tavastialla-vietetaan-hyvinvointiviikkoa\/#breadcrumb","itemListElement":[{"@type":"ListItem","position":1,"name":"Home","item":"https:\/\/www.kktavastia.fi\/ammattiopisto\/"},{"@type":"ListItem","position":2,"name":"Tavastialla vietet\u00e4\u00e4n hyvinvointiviikkoa"}]},{"@type":"WebSite","@id":"https:\/\/www.kktavastia.fi\/ammattiopisto\/#website","url":"https:\/\/www.kktavastia.fi\/ammattiopisto\/","name":"Ammattiopisto Tavastia","description":"","potentialAction":[{"@type":"SearchAction","target":{"@type":"EntryPoint","urlTemplate":"https:\/\/www.kktavastia.fi\/ammattiopisto\/?s={search_term_string}"},"query-input":{"@type":"PropertyValueSpecification","valueRequired":true,"valueName":"search_term_string"}}],"inLanguage":"fi"},{"@type":"Person","@id":"https:\/\/www.kktavastia.fi\/ammattiopisto\/#\/schema\/person\/817cce3016d2f14b9a7ed273534dcf4d","name":"saraseppala","image":{"@type":"ImageObject","inLanguage":"fi","@id":"https:\/\/secure.gravatar.com\/avatar\/478c9f0d13d5df0e5e3d2ec80a1d93afb10baa5bf0f981b9874b9ad1ff76cafc?s=96&d=mm&r=g","url":"https:\/\/secure.gravatar.com\/avatar\/478c9f0d13d5df0e5e3d2ec80a1d93afb10baa5bf0f981b9874b9ad1ff76cafc?s=96&d=mm&r=g","contentUrl":"https:\/\/secure.gravatar.com\/avatar\/478c9f0d13d5df0e5e3d2ec80a1d93afb10baa5bf0f981b9874b9ad1ff76cafc?s=96&d=mm&r=g","caption":"saraseppala"},"url":"https:\/\/www.kktavastia.fi\/ammattiopisto\/author\/saraseppala\/"}]}},"_links":{"self":[{"href":"https:\/\/www.kktavastia.fi\/ammattiopisto\/wp-json\/wp\/v2\/posts\/8427","targetHints":{"allow":["GET"]}}],"collection":[{"href":"https:\/\/www.kktavastia.fi\/ammattiopisto\/wp-json\/wp\/v2\/posts"}],"about":[{"href":"https:\/\/www.kktavastia.fi\/ammattiopisto\/wp-json\/wp\/v2\/types\/post"}],"author":[{"embeddable":true,"href":"https:\/\/www.kktavastia.fi\/ammattiopisto\/wp-json\/wp\/v2\/users\/6"}],"replies":[{"embeddable":true,"href":"https:\/\/www.kktavastia.fi\/ammattiopisto\/wp-json\/wp\/v2\/comments?post=8427"}],"version-history":[{"count":0,"href":"https:\/\/www.kktavastia.fi\/ammattiopisto\/wp-json\/wp\/v2\/posts\/8427\/revisions"}],"wp:featuredmedia":[{"embeddable":true,"href":"https:\/\/www.kktavastia.fi\/ammattiopisto\/wp-json\/wp\/v2\/media\/8429"}],"wp:attachment":[{"href":"https:\/\/www.kktavastia.fi\/ammattiopisto\/wp-json\/wp\/v2\/media?parent=8427"}],"wp:term":[{"taxonomy":"category","embeddable":true,"href":"https:\/\/www.kktavastia.fi\/ammattiopisto\/wp-json\/wp\/v2\/categories?post=8427"},{"taxonomy":"post_tag","embeddable":true,"href":"https:\/\/www.kktavastia.fi\/ammattiopisto\/wp-json\/wp\/v2\/tags?post=8427"}],"curies":[{"name":"wp","href":"https:\/\/api.w.org\/{rel}","templated":true}]}}