{"id":7537,"date":"2018-11-28T14:32:14","date_gmt":"2018-11-28T12:32:14","guid":{"rendered":"https:\/\/www.kktavastia.fi\/ammattiopisto-tavastia\/?p=7537"},"modified":"2018-11-28T14:32:14","modified_gmt":"2018-11-28T12:32:14","slug":"perehtymassa-puolalaiseen-pedagogiikkaan","status":"publish","type":"post","link":"https:\/\/www.kktavastia.fi\/ammattiopisto\/2018\/11\/28\/perehtymassa-puolalaiseen-pedagogiikkaan\/","title":{"rendered":"Perehtym\u00e4ss\u00e4 puolalaiseen pedagogiikkaan"},"content":{"rendered":"<div id='gallery-1' class='gallery galleryid-7537 gallery-columns-4 gallery-size-thumbnail'><figure class='gallery-item'>\n\t\t\t<div class='gallery-icon landscape'>\n\t\t\t\t<a href='https:\/\/www.kktavastia.fi\/ammattiopisto\/2018\/11\/28\/perehtymassa-puolalaiseen-pedagogiikkaan\/tiina-ja-anne-gdanskin-vanhassa-kaupungissa\/'><img loading=\"lazy\" decoding=\"async\" width=\"150\" height=\"150\" src=\"https:\/\/www.kktavastia.fi\/media\/sites\/2\/tiina-ja-anne-gdanskin-vanhassa-kaupungissa-150x150.jpg\" class=\"attachment-thumbnail size-thumbnail\" alt=\"\" aria-describedby=\"gallery-1-7542\" \/><\/a>\n\t\t\t<\/div>\n\t\t\t\t<figcaption class='wp-caption-text gallery-caption' id='gallery-1-7542'>\n\t\t\t\tTiina Alhainen ja Anne Behnen.\n\t\t\t\t<\/figcaption><\/figure><figure class='gallery-item'>\n\t\t\t<div class='gallery-icon portrait'>\n\t\t\t\t<a href='https:\/\/www.kktavastia.fi\/ammattiopisto\/2018\/11\/28\/perehtymassa-puolalaiseen-pedagogiikkaan\/talent-development-center-ulkoa\/'><img loading=\"lazy\" decoding=\"async\" width=\"150\" height=\"150\" src=\"https:\/\/www.kktavastia.fi\/media\/sites\/2\/talent-development-center-ulkoa-e1543569368351-150x150.jpg\" class=\"attachment-thumbnail size-thumbnail\" alt=\"\" aria-describedby=\"gallery-1-7538\" \/><\/a>\n\t\t\t<\/div>\n\t\t\t\t<figcaption class='wp-caption-text gallery-caption' id='gallery-1-7538'>\n\t\t\t\tTalent Development Center ulkoa.\n\t\t\t\t<\/figcaption><\/figure><figure class='gallery-item'>\n\t\t\t<div class='gallery-icon landscape'>\n\t\t\t\t<a href='https:\/\/www.kktavastia.fi\/ammattiopisto\/2018\/11\/28\/perehtymassa-puolalaiseen-pedagogiikkaan\/talent-development-centerin-toimintaa\/'><img loading=\"lazy\" decoding=\"async\" width=\"150\" height=\"150\" src=\"https:\/\/www.kktavastia.fi\/media\/sites\/2\/talent-development-centerin-toimintaa-150x150.jpg\" class=\"attachment-thumbnail size-thumbnail\" alt=\"\" aria-describedby=\"gallery-1-7539\" \/><\/a>\n\t\t\t<\/div>\n\t\t\t\t<figcaption class='wp-caption-text gallery-caption' id='gallery-1-7539'>\n\t\t\t\tTalent Development Centerin toimintaa.\n\t\t\t\t<\/figcaption><\/figure><figure class='gallery-item'>\n\t\t\t<div class='gallery-icon portrait'>\n\t\t\t\t<a href='https:\/\/www.kktavastia.fi\/ammattiopisto\/2018\/11\/28\/perehtymassa-puolalaiseen-pedagogiikkaan\/gdanskin-vanhassa-kaupungissa-talot-tuhoutuvat-sodassa-julkisivut-on-rakennettu-vanhojen-kuvien-pohjalta-uudestaan\/'><img loading=\"lazy\" decoding=\"async\" width=\"150\" height=\"150\" src=\"https:\/\/www.kktavastia.fi\/media\/sites\/2\/gdanskin-vanhassa-kaupungissa-talot-tuhoutuvat-sodassa-julkisivut-on-rakennettu-vanhojen-kuvien-pohjalta-uudestaan.-150x150.jpg\" class=\"attachment-thumbnail size-thumbnail\" alt=\"\" aria-describedby=\"gallery-1-7543\" \/><\/a>\n\t\t\t<\/div>\n\t\t\t\t<figcaption class='wp-caption-text gallery-caption' id='gallery-1-7543'>\n\t\t\t\tGdanskin vanhassa kaupungissa talot tuhoutuvat sodassa, julkisivut on rakennettu vanhojen kuvien pohjalta uudestaan.\n\t\t\t\t<\/figcaption><\/figure><figure class='gallery-item'>\n\t\t\t<div class='gallery-icon portrait'>\n\t\t\t\t<a href='https:\/\/www.kktavastia.fi\/ammattiopisto\/2018\/11\/28\/perehtymassa-puolalaiseen-pedagogiikkaan\/tczewissa-koulun-pihalla-tutustujia-ja-opiskelijoita\/'><img loading=\"lazy\" decoding=\"async\" width=\"150\" height=\"150\" src=\"https:\/\/www.kktavastia.fi\/media\/sites\/2\/tczewissa-koulun-pihalla-tutustujia-ja-opiskelijoita-150x150.jpg\" class=\"attachment-thumbnail size-thumbnail\" alt=\"\" aria-describedby=\"gallery-1-7540\" \/><\/a>\n\t\t\t<\/div>\n\t\t\t\t<figcaption class='wp-caption-text gallery-caption' id='gallery-1-7540'>\n\t\t\t\tTczewiss\u00e4 koulun pihalla.\n\t\t\t\t<\/figcaption><\/figure><figure class='gallery-item'>\n\t\t\t<div class='gallery-icon landscape'>\n\t\t\t\t<a href='https:\/\/www.kktavastia.fi\/ammattiopisto\/2018\/11\/28\/perehtymassa-puolalaiseen-pedagogiikkaan\/tczewissa-tutustumassa-opiskelijoihin-keittiotoissa\/'><img loading=\"lazy\" decoding=\"async\" width=\"150\" height=\"150\" src=\"https:\/\/www.kktavastia.fi\/media\/sites\/2\/tczewissa-tutustumassa-opiskelijoihin-keittiotoissa-150x150.jpg\" class=\"attachment-thumbnail size-thumbnail\" alt=\"\" aria-describedby=\"gallery-1-7541\" \/><\/a>\n\t\t\t<\/div>\n\t\t\t\t<figcaption class='wp-caption-text gallery-caption' id='gallery-1-7541'>\n\t\t\t\tTczewiss\u00e4 tutustumassa opiskelijoihin keitti\u00f6t\u00f6iss\u00e4.\n\t\t\t\t<\/figcaption><\/figure><figure class='gallery-item'>\n\t\t\t<div class='gallery-icon portrait'>\n\t\t\t\t<a href='https:\/\/www.kktavastia.fi\/ammattiopisto\/2018\/11\/28\/perehtymassa-puolalaiseen-pedagogiikkaan\/koululounas-oli-maksullinen-borsts-keittoa-ja-juomaksi-kompottia\/'><img loading=\"lazy\" decoding=\"async\" width=\"150\" height=\"150\" src=\"https:\/\/www.kktavastia.fi\/media\/sites\/2\/koululounas-oli-maksullinen-borsts-keittoa-ja-juomaksi-kompottia-150x150.jpg\" class=\"attachment-thumbnail size-thumbnail\" alt=\"\" aria-describedby=\"gallery-1-7544\" \/><\/a>\n\t\t\t<\/div>\n\t\t\t\t<figcaption class='wp-caption-text gallery-caption' id='gallery-1-7544'>\n\t\t\t\tKoululounas oli maksullinen, borsts-keittoa ja juomaksi kompottia.\n\t\t\t\t<\/figcaption><\/figure>\n\t\t<\/div>\n\n<p>Puolassa on It\u00e4meren alueen pienimm\u00e4t koulutuksen keskeytt\u00e4misprosentit sek\u00e4 hyvi\u00e4 tuloksia vailla ty\u00f6t\u00e4 tai ammatillista koulutusta olevien NEET-nuorten kanssa ty\u00f6skentelyss\u00e4. Gdanskissa on kiinnostavia ammatillisen koulutuksen j\u00e4rjest\u00e4mismuotoja, jotka palvelevat tehokkaasti ty\u00f6el\u00e4m\u00e4n tarpeita. Niinp\u00e4 School to Work Flagship-verkosto j\u00e4rjesti opintomatkan Gdanskiin 21.-23.11.2018. Matkalla oli osallistujia Suomesta, Ruotsista, Latviasta, Liettuasta sek\u00e4 luonnollisesti Puolasta. Taitava OPVA ESR-hankkeen Anne Behnen ja Tiina Alhainen l\u00e4htiv\u00e4t tutustumaan, mit\u00e4 Puolassa on ESR-rahoituksella kehitetty, l\u00f6ytyisik\u00f6 malleista meill\u00e4 tukitoimiin ja perustaitojen vahvistamiseen k\u00e4ytt\u00f6\u00f6n siirrett\u00e4vi\u00e4 sek\u00e4 verkostoitumaan It\u00e4meren alueen kollegoiden kanssa.<br \/>\nKeskiviikkona saavuttiin Gdanskiin puolilta p\u00e4ivin ja opittiin, miten tutustumiskohteet l\u00f6ytyv\u00e4t hyvin heikosta puolan kielen taidosta huolimatta: Kaikissa kohteissa on mukana ESR-rahoitusta ja siit\u00e4 kertovat t\u00e4htiliput ovien yll\u00e4. Matkan aikana selvisi, ett\u00e4 ESR-kehitt\u00e4misrahoitusta on Puolaan ilmeisesti haettu ja my\u00f6nnetty melkoisesti. Kaikki meille esitellyt opetuksen laadun kehitt\u00e4misen keinot ja hyv\u00e4t k\u00e4yt\u00e4nn\u00f6t taisivat liitty\u00e4 johonkin ESR-hankkeeseen, hyv\u00e4\u00e4 ty\u00f6t\u00e4 on tehty. Kovin kiitollisia siell\u00e4 ollaan Euroopan Unionin kehitt\u00e4misrahoituksista. Samoin kansainv\u00e4lisi\u00e4 vieraita kohtaan oltiin hyvin vieraanvaraisia ja innostuneesti vaihdettiin mielipiteit\u00e4 ja haluttiin oppia. Ensimm\u00e4isen p\u00e4iv\u00e4n aikana kuultiin Gdanskin kaupungin koulutus-, ty\u00f6llisyys- ja sosiaaliasioista. Mielenkiintoista oli my\u00f6s kuulla mm. Solidaarisuus-liikkeen tekem\u00e4st\u00e4 ty\u00f6st\u00e4 nuorten ty\u00f6el\u00e4m\u00e4\u00e4n siirtymisen tukemisessa.<\/p>\n<p><strong>Talentit n\u00e4kyviin toiminnallisesti<\/strong><\/p>\n<p>Torstaina matkustettiin ensimm\u00e4isen\u00e4 Talent Development -keskukseen. Siell\u00e4 on ty\u00f6hallinnon palveluiden laatua nostettu ESR-rahoituksella. Itse paikka sijaitsi liike-el\u00e4m\u00e4n keski\u00f6ss\u00e4. Siell\u00e4 j\u00e4rjestet\u00e4\u00e4n ty\u00f6el\u00e4m\u00e4n ja nuorten kohtaamisia, ty\u00f6paikkak\u00e4yntej\u00e4, uraohjausta, valmennusta, henkil\u00f6kohtaista ohjausta, ryhm\u00e4ty\u00f6skentely\u00e4 ja tehd\u00e4\u00e4n tiivist\u00e4 yhteisty\u00f6t\u00e4 paikallisten ammatillisten oppilaitosten kanssa. Kiinnostavaa oli, ett\u00e4 kun meill\u00e4 on kehitetty vahvasti s\u00e4hk\u00f6ist\u00e4 asiointia, n\u00e4htiin tuolla onnistumisen salaisuutena juuri se, ett\u00e4 nuoren kanssa on aikaa istua, keskustella ja suunnitella yhdess\u00e4 kasvokkain. Osaamista etsit\u00e4\u00e4n n\u00e4kyv\u00e4ksi ja ty\u00f6nantajille markkinoitavaksi monin menetelmin. Ty\u00f6skentely on iloista, olosuhteet lasiseinineen ja s\u00e4kkituoleineen liike-el\u00e4m\u00e4n kaltaisen tyylikk\u00e4\u00e4t. Malli on melko l\u00e4hell\u00e4 Suomen Ohjaamoja.<\/p>\n<p>Seuraavaksi hyp\u00e4ttiin junaan ja matkustettiin Tczewin kaupunkiin. Tczewiss\u00e4 tutustuttiin oppilaitosmuotoon, joka ei oikein v\u00e4\u00e4nny suomalaiseen koulutusj\u00e4rjestelm\u00e4\u00e4n. Koulussa opiskelee nuoria, jotka my\u00f6s asuvat siell\u00e4. Nuoret ovat p\u00e4\u00e4osin koulupudokkaita tai heill\u00e4 on oppimisvaikeuksia, monilla lukemisen ja kirjoittamisen perustaidot ovat heikot. Koulussa opiskellaan yleissivist\u00e4vi\u00e4 aineita sek\u00e4 ammatillisia valmiuksia. Lopuksi opiskelija saa todistuksen, joka ei vastaa tavallisen ammatillisen oppilaitoksen todistusta. Pulma tuntuu olevan, ett\u00e4 varsinaista erityisopetuksen osaamista ei paljon ole, ei my\u00f6sk\u00e4\u00e4n ohjausyhteisty\u00f6t\u00e4 esimerkiksi sosiaality\u00f6n kanssa. Hyv\u00e4\u00e4 on iloinen tekemisen meininki. Kokoushuoneen toisella puolella laulettiin innolla ja toisella puolella tehtiin ja koristeltiin keitti\u00f6ss\u00e4 piparkakkuja.<\/p>\n<p><strong>Uravalinnat jo nuorena<\/strong><\/p>\n<p>Seuraavan junamatkan j\u00e4lkeen p\u00e4\u00e4dyttiin taas Gdanskiin ja Aikuiskoulutuskeskus No. 1:een. Saimme kuulla puolalaisen kouluj\u00e4rjestelm\u00e4n uudistuksesta. Kahdeksan vuoden peruskoulun j\u00e4lkeen 15-vuotiaana osallistutaan laajaan kokeeseen, joka m\u00e4\u00e4ritt\u00e4\u00e4 paljon opintojen suuntaa. Kokeissa menestyneet voivat jatkaa nelj\u00e4ksi vuodeksi yleissivist\u00e4v\u00e4n lukion ja ammatillisesti suuntautuneet teknisen koulun kautta korkeakouluopintoihin asti. Heikommin p\u00e4rj\u00e4nneet jatkavat kolmeksi vuodeksi ammattikouluun, josta ei jatko-opintokelpoisuutta tule. Ammatillisen koulutuksen idea on, ett\u00e4 koulutetaan yritysten kanssa yhteisty\u00f6ss\u00e4 niille aloille ja niihin teht\u00e4viin, joihin tarvitaan paljon ty\u00f6ntekij\u00f6it\u00e4. Nyt koulutetaan paljon ohjelmoijia, laivanrakentajia, kauppa-apulaisia ja mekaanikkoja, joita ty\u00f6el\u00e4m\u00e4 tarvitsee nopeasti. Kiinnostavaa oli, ett\u00e4 kouluilla ei ole keskin\u00e4ist\u00e4 kilpailua, koska jokaisessa on tarjolla vain muutama ala, joita opetetaan. K\u00e4yt\u00e4nn\u00f6ss\u00e4 koulussa opiskellaan kolme p\u00e4iv\u00e4\u00e4 viikossa yleissivist\u00e4vi\u00e4 aineita ja kaksi p\u00e4iv\u00e4\u00e4 viikossa opitaan ammattiin ty\u00f6paikoilla. Valtio korvaa koulutuskuluja ty\u00f6el\u00e4m\u00e4ss\u00e4 oppimisesta yrityksille, opiskelija saa ty\u00f6st\u00e4\u00e4n pienen korvauksen. Korvaus opiskelijalle on noin 20 euroa kuukaudessa. Pulmana on, ett\u00e4 koululla pelk\u00e4t yleissivist\u00e4v\u00e4t opinnot eiv\u00e4t opiskelijoita motivoi, ei my\u00f6sk\u00e4\u00e4n ty\u00f6 nimellisell\u00e4 korvauksella. Ammatillisia opettajia ja ammatin opettamiseen liittyvi\u00e4 tiloja ei kouluilla n\u00e4kynyt, ammattiin oppiminen tapahtuu kokonaan ty\u00f6ss\u00e4. Opettajien suurin huoli tuntui olevan opiskelijoiden heikko motivaatio koulunk\u00e4yntiin sek\u00e4 kilpailu huomiosta k\u00e4nnyk\u00f6iden ja tieto- ja viestint\u00e4tekniikan kanssa. Kirjastoa esiteltiin ylpein\u00e4 ja koettiin huolta siit\u00e4, ett\u00e4 en\u00e4\u00e4 ei opiskelijoiden pitk\u00e4j\u00e4nteisyys riit\u00e4 kirjojen lukemiseen, syv\u00e4oppimiseen ja asioiden selvitt\u00e4miseen ilman googlailua. N\u00e4ytt\u00e4\u00e4 sille, ett\u00e4 digitalisaatio n\u00e4hd\u00e4\u00e4n enemm\u00e4n oppimisen uhkana kuin mahdollisuutena.<\/p>\n<p>Aikuisille, esimerkiksi ammatinvaihtajille, j\u00e4rjestet\u00e4\u00e4n ammatillisia p\u00e4tev\u00f6itymiskoulutuksia p\u00e4\u00e4osin viikonloppuisin. N\u00e4m\u00e4 koulutukset kest\u00e4v\u00e4t puolesta vuodesta kahteen vuoteen. My\u00f6s ik\u00e4ihmisille on omia koulutusryhmi\u00e4, aikuiskoulutukset ovat osallistujille maksuttomia. Puolasta monet l\u00e4htev\u00e4t ulkomaille t\u00f6ihin, palkkatasossa on huima ero l\u00e4ntisempiin maihin. Vastaavasti Puolaan tulee heikosti palkattuihin t\u00f6ihin ty\u00f6ntekij\u00f6it\u00e4 Ukrainasta. Ukrainalaisten Puolaan ty\u00f6h\u00f6n tulevien kouluttamisesta kyselin, mutta se ei tuntunut olevan tarpeellista.<\/p>\n<p><strong>Sosiaalinen yritys lastenkodin ohessa<\/strong><\/p>\n<p>Torstai-ilta p\u00e4\u00e4ttyi Gdanskin keskustaan So Stay-hotelliin. Se on kiinnostava sosiaalinen yritys, jonka on perustanut lasten-\/nuorisokoteja yll\u00e4pit\u00e4v\u00e4 yhdistys. Lastenkodeissa asuu 8-18-vuotiaita lapsia ja nuoria, siell\u00e4 saa asua 24-vuotiaaksi, jos pysyy kiinni opinnoissa. Yhdess\u00e4 yksik\u00f6ss\u00e4 asuu 14 lasta, joiden tukena on kuusi ty\u00f6ntekij\u00e4\u00e4. Asukkaita on 16-vuotiaasta asti ty\u00f6ss\u00e4 yhdistyksen hotellissa ja ravintolassa, n\u00e4in he saavat ammattilaisilta ohjausta ammattitaitoon ja ansaitsevat toimeentuloaan. Henkil\u00f6kunta on hyvin l\u00e4mminsyd\u00e4mist\u00e4 ja ohjaus kulki kaikessa edell\u00e4. Tuo So Stay voisi olla mainio ty\u00f6el\u00e4m\u00e4ss\u00e4 oppimisen paikka sek\u00e4 lasten ja nuorten ohjaamiseen, ett\u00e4 ravintolaan ja hotelliin liittyviin ty\u00f6teht\u00e4viin, jos jakso Puolassa kiinnostaa.<br \/>\nAikuisten perusopetusta ammatillisesti integroiden<\/p>\n<p>Perjantaina matkustettiin taas uudelle koululle tutustumaan aikuisten perusopetukseen. Suurin ero oli siin\u00e4, ett\u00e4 kun Suomessa aikuisten perusopetuksen opiskelijat ovat p\u00e4\u00e4osin maahanmuuttajia, olivat he kaikki tutustumiskoululla puolalaisia. Monen tausta on teini\u00e4itiys, jonka takia koulu on keskeytynyt. Opettajat tekev\u00e4t ty\u00f6t\u00e4\u00e4n suurella syd\u00e4mell\u00e4 ja kaipaavat kovasti samantyyppist\u00e4 opiskelijahuoltoa ja erityisopetuksen osaamista kuin meill\u00e4 on. Opettajat tuntuvat tekev\u00e4n kaiken, syd\u00e4mell\u00e4 ja l\u00e4mpim\u00e4sti kohdaten. Opiskelijoista osa on luku- ja kirjoitustaidottomia, osalla on selkeit\u00e4 oppimisvaikeuksia. Muun muassa kirjallisuusopintojen kirjoja kuunnellaan CD-levylt\u00e4 tai katsotaan elokuvana. Osalla opiskelijoista on jo perheet, osa k\u00e4y ty\u00f6ss\u00e4 ja motivointi koulunk\u00e4yntiin on hankalaa. Ilmeisesti oppivelvollisuus on 18-vuotiaaksi, mutta ei ole keinoja saada nuoria kouluun, jos vanhemmat eiv\u00e4t siit\u00e4 huolehdi. Koulua pidet\u00e4\u00e4n maanantaista torstaihin kello 12-19, aikaisia aamuher\u00e4tyksi\u00e4 ei perustaidoissa tukea tarvitsevien kanssa yritet\u00e4. P\u00e4\u00e4s\u00e4\u00e4nt\u00f6isesti opiskelijat ovat kolme p\u00e4iv\u00e4\u00e4 viikosta koulussa ja kaksi p\u00e4iv\u00e4\u00e4 ty\u00f6paikoilla. Oppikirjat s\u00e4ilytet\u00e4\u00e4n koululla, ei anneta kotiteht\u00e4vi\u00e4 tai pidet\u00e4 kokeita. Oppiminen halutaan keskitt\u00e4\u00e4 oppitunneille, joilla olikin hyv\u00e4 iloinen tohina.<\/p>\n<h5>Kuvat ja teksti: Tiina Alhainen<\/h5>\n","protected":false},"excerpt":{"rendered":"<p>Puolassa on It\u00e4meren alueen pienimm\u00e4t koulutuksen keskeytt\u00e4misprosentit sek\u00e4 hyvi\u00e4 tuloksia vailla ty\u00f6t\u00e4 tai ammatillista koulutusta olevien NEET-nuorten kanssa ty\u00f6skentelyss\u00e4. Gdanskissa [&hellip;]<\/p>\n","protected":false},"author":14,"featured_media":7542,"comment_status":"closed","ping_status":"closed","sticky":false,"template":"","format":"standard","meta":{"_acf_changed":false,"_relevanssi_hide_post":"","_relevanssi_hide_content":"","_relevanssi_pin_for_all":"","_relevanssi_pin_keywords":"","_relevanssi_unpin_keywords":"","_relevanssi_related_keywords":"","_relevanssi_related_include_ids":"","_relevanssi_related_exclude_ids":"","_relevanssi_related_no_append":"","_relevanssi_related_not_related":"","_relevanssi_related_posts":"","_relevanssi_noindex_reason":"","footnotes":""},"categories":[1],"tags":[],"class_list":["post-7537","post","type-post","status-publish","format-standard","has-post-thumbnail","hentry","category-yleinen"],"acf":[],"yoast_head":"<title>Perehtym\u00e4ss\u00e4 puolalaiseen pedagogiikkaan - Ammattiopisto Tavastia<\/title>\n<meta name=\"robots\" content=\"index, follow, max-snippet:-1, max-image-preview:large, max-video-preview:-1\" \/>\n<link rel=\"canonical\" href=\"https:\/\/www.kktavastia.fi\/ammattiopisto\/2018\/11\/28\/perehtymassa-puolalaiseen-pedagogiikkaan\/\" \/>\n<meta property=\"og:locale\" content=\"fi_FI\" \/>\n<meta property=\"og:type\" content=\"article\" \/>\n<meta property=\"og:title\" content=\"Perehtym\u00e4ss\u00e4 puolalaiseen pedagogiikkaan - Ammattiopisto Tavastia\" \/>\n<meta property=\"og:description\" content=\"Puolassa on It\u00e4meren alueen pienimm\u00e4t koulutuksen keskeytt\u00e4misprosentit sek\u00e4 hyvi\u00e4 tuloksia vailla ty\u00f6t\u00e4 tai ammatillista koulutusta olevien NEET-nuorten kanssa ty\u00f6skentelyss\u00e4. Gdanskissa [&hellip;]\" \/>\n<meta property=\"og:url\" content=\"https:\/\/www.kktavastia.fi\/ammattiopisto\/2018\/11\/28\/perehtymassa-puolalaiseen-pedagogiikkaan\/\" \/>\n<meta property=\"og:site_name\" content=\"Ammattiopisto Tavastia\" \/>\n<meta property=\"article:published_time\" content=\"2018-11-28T12:32:14+00:00\" \/>\n<meta property=\"og:image\" content=\"https:\/\/www.kktavastia.fi\/media\/sites\/2\/tiina-ja-anne-gdanskin-vanhassa-kaupungissa.jpg\" \/>\n\t<meta property=\"og:image:width\" content=\"640\" \/>\n\t<meta property=\"og:image:height\" content=\"481\" \/>\n\t<meta property=\"og:image:type\" content=\"image\/jpeg\" \/>\n<meta name=\"author\" content=\"Outi Ruohela\" \/>\n<meta name=\"twitter:card\" content=\"summary_large_image\" \/>\n<script type=\"application\/ld+json\" class=\"yoast-schema-graph\">{\"@context\":\"https:\\\/\\\/schema.org\",\"@graph\":[{\"@type\":\"Article\",\"@id\":\"https:\\\/\\\/www.kktavastia.fi\\\/ammattiopisto\\\/2018\\\/11\\\/28\\\/perehtymassa-puolalaiseen-pedagogiikkaan\\\/#article\",\"isPartOf\":{\"@id\":\"https:\\\/\\\/www.kktavastia.fi\\\/ammattiopisto\\\/2018\\\/11\\\/28\\\/perehtymassa-puolalaiseen-pedagogiikkaan\\\/\"},\"author\":{\"name\":\"Outi Ruohela\",\"@id\":\"https:\\\/\\\/www.kktavastia.fi\\\/ammattiopisto\\\/#\\\/schema\\\/person\\\/68a0de11bcf6807c61ba2f6ad45cb745\"},\"headline\":\"Perehtym\u00e4ss\u00e4 puolalaiseen pedagogiikkaan\",\"datePublished\":\"2018-11-28T12:32:14+00:00\",\"mainEntityOfPage\":{\"@id\":\"https:\\\/\\\/www.kktavastia.fi\\\/ammattiopisto\\\/2018\\\/11\\\/28\\\/perehtymassa-puolalaiseen-pedagogiikkaan\\\/\"},\"wordCount\":1088,\"image\":{\"@id\":\"https:\\\/\\\/www.kktavastia.fi\\\/ammattiopisto\\\/2018\\\/11\\\/28\\\/perehtymassa-puolalaiseen-pedagogiikkaan\\\/#primaryimage\"},\"thumbnailUrl\":\"https:\\\/\\\/www.kktavastia.fi\\\/media\\\/sites\\\/2\\\/tiina-ja-anne-gdanskin-vanhassa-kaupungissa.jpg\",\"inLanguage\":\"fi\"},{\"@type\":\"WebPage\",\"@id\":\"https:\\\/\\\/www.kktavastia.fi\\\/ammattiopisto\\\/2018\\\/11\\\/28\\\/perehtymassa-puolalaiseen-pedagogiikkaan\\\/\",\"url\":\"https:\\\/\\\/www.kktavastia.fi\\\/ammattiopisto\\\/2018\\\/11\\\/28\\\/perehtymassa-puolalaiseen-pedagogiikkaan\\\/\",\"name\":\"Perehtym\u00e4ss\u00e4 puolalaiseen pedagogiikkaan - Ammattiopisto Tavastia\",\"isPartOf\":{\"@id\":\"https:\\\/\\\/www.kktavastia.fi\\\/ammattiopisto\\\/#website\"},\"primaryImageOfPage\":{\"@id\":\"https:\\\/\\\/www.kktavastia.fi\\\/ammattiopisto\\\/2018\\\/11\\\/28\\\/perehtymassa-puolalaiseen-pedagogiikkaan\\\/#primaryimage\"},\"image\":{\"@id\":\"https:\\\/\\\/www.kktavastia.fi\\\/ammattiopisto\\\/2018\\\/11\\\/28\\\/perehtymassa-puolalaiseen-pedagogiikkaan\\\/#primaryimage\"},\"thumbnailUrl\":\"https:\\\/\\\/www.kktavastia.fi\\\/media\\\/sites\\\/2\\\/tiina-ja-anne-gdanskin-vanhassa-kaupungissa.jpg\",\"datePublished\":\"2018-11-28T12:32:14+00:00\",\"author\":{\"@id\":\"https:\\\/\\\/www.kktavastia.fi\\\/ammattiopisto\\\/#\\\/schema\\\/person\\\/68a0de11bcf6807c61ba2f6ad45cb745\"},\"breadcrumb\":{\"@id\":\"https:\\\/\\\/www.kktavastia.fi\\\/ammattiopisto\\\/2018\\\/11\\\/28\\\/perehtymassa-puolalaiseen-pedagogiikkaan\\\/#breadcrumb\"},\"inLanguage\":\"fi\",\"potentialAction\":[{\"@type\":\"ReadAction\",\"target\":[\"https:\\\/\\\/www.kktavastia.fi\\\/ammattiopisto\\\/2018\\\/11\\\/28\\\/perehtymassa-puolalaiseen-pedagogiikkaan\\\/\"]}]},{\"@type\":\"ImageObject\",\"inLanguage\":\"fi\",\"@id\":\"https:\\\/\\\/www.kktavastia.fi\\\/ammattiopisto\\\/2018\\\/11\\\/28\\\/perehtymassa-puolalaiseen-pedagogiikkaan\\\/#primaryimage\",\"url\":\"https:\\\/\\\/www.kktavastia.fi\\\/media\\\/sites\\\/2\\\/tiina-ja-anne-gdanskin-vanhassa-kaupungissa.jpg\",\"contentUrl\":\"https:\\\/\\\/www.kktavastia.fi\\\/media\\\/sites\\\/2\\\/tiina-ja-anne-gdanskin-vanhassa-kaupungissa.jpg\",\"width\":640,\"height\":481,\"caption\":\"Tiina Alhainen ja Anne Behnen.\"},{\"@type\":\"BreadcrumbList\",\"@id\":\"https:\\\/\\\/www.kktavastia.fi\\\/ammattiopisto\\\/2018\\\/11\\\/28\\\/perehtymassa-puolalaiseen-pedagogiikkaan\\\/#breadcrumb\",\"itemListElement\":[{\"@type\":\"ListItem\",\"position\":1,\"name\":\"Home\",\"item\":\"https:\\\/\\\/www.kktavastia.fi\\\/ammattiopisto\\\/\"},{\"@type\":\"ListItem\",\"position\":2,\"name\":\"Perehtym\u00e4ss\u00e4 puolalaiseen pedagogiikkaan\"}]},{\"@type\":\"WebSite\",\"@id\":\"https:\\\/\\\/www.kktavastia.fi\\\/ammattiopisto\\\/#website\",\"url\":\"https:\\\/\\\/www.kktavastia.fi\\\/ammattiopisto\\\/\",\"name\":\"Ammattiopisto Tavastia\",\"description\":\"\",\"potentialAction\":[{\"@type\":\"SearchAction\",\"target\":{\"@type\":\"EntryPoint\",\"urlTemplate\":\"https:\\\/\\\/www.kktavastia.fi\\\/ammattiopisto\\\/?s={search_term_string}\"},\"query-input\":{\"@type\":\"PropertyValueSpecification\",\"valueRequired\":true,\"valueName\":\"search_term_string\"}}],\"inLanguage\":\"fi\"},{\"@type\":\"Person\",\"@id\":\"https:\\\/\\\/www.kktavastia.fi\\\/ammattiopisto\\\/#\\\/schema\\\/person\\\/68a0de11bcf6807c61ba2f6ad45cb745\",\"name\":\"Outi Ruohela\",\"image\":{\"@type\":\"ImageObject\",\"inLanguage\":\"fi\",\"@id\":\"https:\\\/\\\/secure.gravatar.com\\\/avatar\\\/ce424d158e08bec42b1b156b6e605564461a483003b32e6d17f03d992cdd1c80?s=96&d=mm&r=g\",\"url\":\"https:\\\/\\\/secure.gravatar.com\\\/avatar\\\/ce424d158e08bec42b1b156b6e605564461a483003b32e6d17f03d992cdd1c80?s=96&d=mm&r=g\",\"contentUrl\":\"https:\\\/\\\/secure.gravatar.com\\\/avatar\\\/ce424d158e08bec42b1b156b6e605564461a483003b32e6d17f03d992cdd1c80?s=96&d=mm&r=g\",\"caption\":\"Outi Ruohela\"},\"url\":\"https:\\\/\\\/www.kktavastia.fi\\\/ammattiopisto\\\/author\\\/outi-ruohelakktavastia-fi\\\/\"}]}<\/script>","yoast_head_json":{"title":"Perehtym\u00e4ss\u00e4 puolalaiseen pedagogiikkaan - Ammattiopisto Tavastia","robots":{"index":"index","follow":"follow","max-snippet":"max-snippet:-1","max-image-preview":"max-image-preview:large","max-video-preview":"max-video-preview:-1"},"canonical":"https:\/\/www.kktavastia.fi\/ammattiopisto\/2018\/11\/28\/perehtymassa-puolalaiseen-pedagogiikkaan\/","og_locale":"fi_FI","og_type":"article","og_title":"Perehtym\u00e4ss\u00e4 puolalaiseen pedagogiikkaan - Ammattiopisto Tavastia","og_description":"Puolassa on It\u00e4meren alueen pienimm\u00e4t koulutuksen keskeytt\u00e4misprosentit sek\u00e4 hyvi\u00e4 tuloksia vailla ty\u00f6t\u00e4 tai ammatillista koulutusta olevien NEET-nuorten kanssa ty\u00f6skentelyss\u00e4. Gdanskissa [&hellip;]","og_url":"https:\/\/www.kktavastia.fi\/ammattiopisto\/2018\/11\/28\/perehtymassa-puolalaiseen-pedagogiikkaan\/","og_site_name":"Ammattiopisto Tavastia","article_published_time":"2018-11-28T12:32:14+00:00","og_image":[{"width":640,"height":481,"url":"https:\/\/www.kktavastia.fi\/media\/sites\/2\/tiina-ja-anne-gdanskin-vanhassa-kaupungissa.jpg","type":"image\/jpeg"}],"author":"Outi Ruohela","twitter_card":"summary_large_image","schema":{"@context":"https:\/\/schema.org","@graph":[{"@type":"Article","@id":"https:\/\/www.kktavastia.fi\/ammattiopisto\/2018\/11\/28\/perehtymassa-puolalaiseen-pedagogiikkaan\/#article","isPartOf":{"@id":"https:\/\/www.kktavastia.fi\/ammattiopisto\/2018\/11\/28\/perehtymassa-puolalaiseen-pedagogiikkaan\/"},"author":{"name":"Outi Ruohela","@id":"https:\/\/www.kktavastia.fi\/ammattiopisto\/#\/schema\/person\/68a0de11bcf6807c61ba2f6ad45cb745"},"headline":"Perehtym\u00e4ss\u00e4 puolalaiseen pedagogiikkaan","datePublished":"2018-11-28T12:32:14+00:00","mainEntityOfPage":{"@id":"https:\/\/www.kktavastia.fi\/ammattiopisto\/2018\/11\/28\/perehtymassa-puolalaiseen-pedagogiikkaan\/"},"wordCount":1088,"image":{"@id":"https:\/\/www.kktavastia.fi\/ammattiopisto\/2018\/11\/28\/perehtymassa-puolalaiseen-pedagogiikkaan\/#primaryimage"},"thumbnailUrl":"https:\/\/www.kktavastia.fi\/media\/sites\/2\/tiina-ja-anne-gdanskin-vanhassa-kaupungissa.jpg","inLanguage":"fi"},{"@type":"WebPage","@id":"https:\/\/www.kktavastia.fi\/ammattiopisto\/2018\/11\/28\/perehtymassa-puolalaiseen-pedagogiikkaan\/","url":"https:\/\/www.kktavastia.fi\/ammattiopisto\/2018\/11\/28\/perehtymassa-puolalaiseen-pedagogiikkaan\/","name":"Perehtym\u00e4ss\u00e4 puolalaiseen pedagogiikkaan - Ammattiopisto Tavastia","isPartOf":{"@id":"https:\/\/www.kktavastia.fi\/ammattiopisto\/#website"},"primaryImageOfPage":{"@id":"https:\/\/www.kktavastia.fi\/ammattiopisto\/2018\/11\/28\/perehtymassa-puolalaiseen-pedagogiikkaan\/#primaryimage"},"image":{"@id":"https:\/\/www.kktavastia.fi\/ammattiopisto\/2018\/11\/28\/perehtymassa-puolalaiseen-pedagogiikkaan\/#primaryimage"},"thumbnailUrl":"https:\/\/www.kktavastia.fi\/media\/sites\/2\/tiina-ja-anne-gdanskin-vanhassa-kaupungissa.jpg","datePublished":"2018-11-28T12:32:14+00:00","author":{"@id":"https:\/\/www.kktavastia.fi\/ammattiopisto\/#\/schema\/person\/68a0de11bcf6807c61ba2f6ad45cb745"},"breadcrumb":{"@id":"https:\/\/www.kktavastia.fi\/ammattiopisto\/2018\/11\/28\/perehtymassa-puolalaiseen-pedagogiikkaan\/#breadcrumb"},"inLanguage":"fi","potentialAction":[{"@type":"ReadAction","target":["https:\/\/www.kktavastia.fi\/ammattiopisto\/2018\/11\/28\/perehtymassa-puolalaiseen-pedagogiikkaan\/"]}]},{"@type":"ImageObject","inLanguage":"fi","@id":"https:\/\/www.kktavastia.fi\/ammattiopisto\/2018\/11\/28\/perehtymassa-puolalaiseen-pedagogiikkaan\/#primaryimage","url":"https:\/\/www.kktavastia.fi\/media\/sites\/2\/tiina-ja-anne-gdanskin-vanhassa-kaupungissa.jpg","contentUrl":"https:\/\/www.kktavastia.fi\/media\/sites\/2\/tiina-ja-anne-gdanskin-vanhassa-kaupungissa.jpg","width":640,"height":481,"caption":"Tiina Alhainen ja Anne Behnen."},{"@type":"BreadcrumbList","@id":"https:\/\/www.kktavastia.fi\/ammattiopisto\/2018\/11\/28\/perehtymassa-puolalaiseen-pedagogiikkaan\/#breadcrumb","itemListElement":[{"@type":"ListItem","position":1,"name":"Home","item":"https:\/\/www.kktavastia.fi\/ammattiopisto\/"},{"@type":"ListItem","position":2,"name":"Perehtym\u00e4ss\u00e4 puolalaiseen pedagogiikkaan"}]},{"@type":"WebSite","@id":"https:\/\/www.kktavastia.fi\/ammattiopisto\/#website","url":"https:\/\/www.kktavastia.fi\/ammattiopisto\/","name":"Ammattiopisto Tavastia","description":"","potentialAction":[{"@type":"SearchAction","target":{"@type":"EntryPoint","urlTemplate":"https:\/\/www.kktavastia.fi\/ammattiopisto\/?s={search_term_string}"},"query-input":{"@type":"PropertyValueSpecification","valueRequired":true,"valueName":"search_term_string"}}],"inLanguage":"fi"},{"@type":"Person","@id":"https:\/\/www.kktavastia.fi\/ammattiopisto\/#\/schema\/person\/68a0de11bcf6807c61ba2f6ad45cb745","name":"Outi Ruohela","image":{"@type":"ImageObject","inLanguage":"fi","@id":"https:\/\/secure.gravatar.com\/avatar\/ce424d158e08bec42b1b156b6e605564461a483003b32e6d17f03d992cdd1c80?s=96&d=mm&r=g","url":"https:\/\/secure.gravatar.com\/avatar\/ce424d158e08bec42b1b156b6e605564461a483003b32e6d17f03d992cdd1c80?s=96&d=mm&r=g","contentUrl":"https:\/\/secure.gravatar.com\/avatar\/ce424d158e08bec42b1b156b6e605564461a483003b32e6d17f03d992cdd1c80?s=96&d=mm&r=g","caption":"Outi Ruohela"},"url":"https:\/\/www.kktavastia.fi\/ammattiopisto\/author\/outi-ruohelakktavastia-fi\/"}]}},"_links":{"self":[{"href":"https:\/\/www.kktavastia.fi\/ammattiopisto\/wp-json\/wp\/v2\/posts\/7537","targetHints":{"allow":["GET"]}}],"collection":[{"href":"https:\/\/www.kktavastia.fi\/ammattiopisto\/wp-json\/wp\/v2\/posts"}],"about":[{"href":"https:\/\/www.kktavastia.fi\/ammattiopisto\/wp-json\/wp\/v2\/types\/post"}],"author":[{"embeddable":true,"href":"https:\/\/www.kktavastia.fi\/ammattiopisto\/wp-json\/wp\/v2\/users\/14"}],"replies":[{"embeddable":true,"href":"https:\/\/www.kktavastia.fi\/ammattiopisto\/wp-json\/wp\/v2\/comments?post=7537"}],"version-history":[{"count":0,"href":"https:\/\/www.kktavastia.fi\/ammattiopisto\/wp-json\/wp\/v2\/posts\/7537\/revisions"}],"wp:featuredmedia":[{"embeddable":true,"href":"https:\/\/www.kktavastia.fi\/ammattiopisto\/wp-json\/wp\/v2\/media\/7542"}],"wp:attachment":[{"href":"https:\/\/www.kktavastia.fi\/ammattiopisto\/wp-json\/wp\/v2\/media?parent=7537"}],"wp:term":[{"taxonomy":"category","embeddable":true,"href":"https:\/\/www.kktavastia.fi\/ammattiopisto\/wp-json\/wp\/v2\/categories?post=7537"},{"taxonomy":"post_tag","embeddable":true,"href":"https:\/\/www.kktavastia.fi\/ammattiopisto\/wp-json\/wp\/v2\/tags?post=7537"}],"curies":[{"name":"wp","href":"https:\/\/api.w.org\/{rel}","templated":true}]}}