{"id":7208,"date":"2018-10-25T11:09:59","date_gmt":"2018-10-25T08:09:59","guid":{"rendered":"https:\/\/www.kktavastia.fi\/ammattiopisto-tavastia\/?p=7208"},"modified":"2018-10-25T11:09:59","modified_gmt":"2018-10-25T08:09:59","slug":"ensimmainen-tavastia-rekry-oppilaitoksessa","status":"publish","type":"post","link":"https:\/\/www.kktavastia.fi\/ammattiopisto\/2018\/10\/25\/ensimmainen-tavastia-rekry-oppilaitoksessa\/","title":{"rendered":"Ensimm\u00e4inen TAVASTIA-Rekry oppilaitoksessa"},"content":{"rendered":"<div id='gallery-1' class='gallery galleryid-7208 gallery-columns-4 gallery-size-thumbnail'><figure class='gallery-item'>\n\t\t\t<div class='gallery-icon landscape'>\n\t\t\t\t<a href='https:\/\/www.kktavastia.fi\/ammattiopisto\/2018\/10\/25\/ensimmainen-tavastia-rekry-oppilaitoksessa\/img_6340valittu\/'><img loading=\"lazy\" decoding=\"async\" width=\"150\" height=\"150\" src=\"https:\/\/www.kktavastia.fi\/media\/sites\/2\/img_6340valittu-150x150.jpg\" class=\"attachment-thumbnail size-thumbnail\" alt=\"\" \/><\/a>\n\t\t\t<\/div><\/figure><figure class='gallery-item'>\n\t\t\t<div class='gallery-icon landscape'>\n\t\t\t\t<a href='https:\/\/www.kktavastia.fi\/ammattiopisto\/2018\/10\/25\/ensimmainen-tavastia-rekry-oppilaitoksessa\/img_6328valittu\/'><img loading=\"lazy\" decoding=\"async\" width=\"150\" height=\"150\" src=\"https:\/\/www.kktavastia.fi\/media\/sites\/2\/img_6328valittu-150x150.jpg\" class=\"attachment-thumbnail size-thumbnail\" alt=\"\" \/><\/a>\n\t\t\t<\/div><\/figure><figure class='gallery-item'>\n\t\t\t<div class='gallery-icon landscape'>\n\t\t\t\t<a href='https:\/\/www.kktavastia.fi\/ammattiopisto\/2018\/10\/25\/ensimmainen-tavastia-rekry-oppilaitoksessa\/img_6333valittu\/'><img loading=\"lazy\" decoding=\"async\" width=\"150\" height=\"150\" src=\"https:\/\/www.kktavastia.fi\/media\/sites\/2\/img_6333valittu-150x150.jpg\" class=\"attachment-thumbnail size-thumbnail\" alt=\"\" \/><\/a>\n\t\t\t<\/div><\/figure><figure class='gallery-item'>\n\t\t\t<div class='gallery-icon landscape'>\n\t\t\t\t<a href='https:\/\/www.kktavastia.fi\/ammattiopisto\/2018\/10\/25\/ensimmainen-tavastia-rekry-oppilaitoksessa\/img_6338valittu\/'><img loading=\"lazy\" decoding=\"async\" width=\"150\" height=\"150\" src=\"https:\/\/www.kktavastia.fi\/media\/sites\/2\/img_6338valittu-150x150.jpg\" class=\"attachment-thumbnail size-thumbnail\" alt=\"\" \/><\/a>\n\t\t\t<\/div><\/figure>\n\t\t<\/div>\n\n<p>Alun perin idea rekrytapahtumien\u00a0j\u00e4rjest\u00e4miseen oppilaitoksissa l\u00e4hti Linnan Kehitys Oy:n\u00a0yritys- ja yhteysmanageri Marko Ahtiaiselta. Ammattiopisto Tavastia otti idean vastaan. Yhdess\u00e4 suunniteltiin ja nyt ollaan ensimm\u00e4isen tapahtuman \u00e4\u00e4rell\u00e4 torstaina 25.10. Tapahtuma on kahden tunnin mittainen tiivis vuorovaikutustilaisuus eri toimijoiden v\u00e4lill\u00e4. T\u00e4\u00e4ll\u00e4 yritykset, ammattilaiset ja opiskelijat kohtaavat. Opiskelija voi l\u00f6yt\u00e4\u00e4 tapahtumassa kes\u00e4ty\u00f6paikan, ty\u00f6paikan valmistumisen j\u00e4lkeen tai ty\u00f6paikalla j\u00e4rjestett\u00e4v\u00e4n koulutuksen yhteisty\u00f6kumppanin.<\/p>\n<p>Paikalla olevat yritt\u00e4j\u00e4t tarjoavat opiskelijoille ty\u00f6t\u00e4, opiskelupaikkaa, oppisopimusta &#8211; mahdollisuuksia on monia.<\/p>\n<p>Vastaavanlaisia\u00a0pienimuotoisia rekrytapahtumia tullaan pit\u00e4m\u00e4\u00e4n vuoden aikana eri toimipisteiss\u00e4 ja 24.1.2019 pidet\u00e4\u00e4n iso rekrytapahtuma Tekij\u00e4 2019, joka uudistettuna t\u00e4n\u00e4 vuonna esitt\u00e4ytyy HAMKin kampuksella. Seuraa ilmoittelua.<\/p>\n<p>N\u00e4iden rekrytapahtumien tavoitteena on opiskelijoiden ty\u00f6llistymisen edist\u00e4minen ja urapolkujen vahvistaminen sek\u00e4 yritt\u00e4jyyskasvatus ja yritt\u00e4jyyden mahdollisuudet. Tapahtumissa eri osapuolten kohtaaminen tuodaan helpommaksi.<\/p>\n<p>\u201dTavastia-rekryn yritykset kokivat erinomaisen my\u00f6nteisen\u00e4 tapahtuma. Joillakin yrityksill\u00e4 tapahtuma poiki kymmeni\u00e4 haastatteluja ja ne tulevat johtamaan useisiin ty\u00f6llistymisiin. Muutamasta asiasta yritykset antoivat kehitysehdotuksia. Yritykset toivovat ehdottomasti tapahtumalle jatkoa&#8221;, vahvistaa Marko Ahtiainen aamup\u00e4iv\u00e4n p\u00e4\u00e4tteeksi.<\/p>\n<p>&#8221;Tapahtumasta on tullut todella positiivista palautetta niin Ammattiopisto Tavastian henkil\u00f6kunnalta kuin opiskelijoilta. Tapahtumalle toivotaan jatkoa. Hienoa, ett\u00e4 saatiin t\u00e4m\u00e4 tapahtuma toteutettua. Yleinen ilmapiiri aamup\u00e4iv\u00e4n aikana oli el\u00e4v\u00e4inen ja positiivinen&#8221;, kertoo tapahtuman uraohjaaja Taru Vierimaa, joka oli p\u00e4\u00e4vastuussa j\u00e4rjestelyist\u00e4 Tavastiassa.<\/p>\n<h5>Teksti ja kuvat: Outi Ruohela, viestint\u00e4p\u00e4\u00e4llikk\u00f6, Koulutuskuntayhtym\u00e4 Tavastia<\/h5>\n","protected":false},"excerpt":{"rendered":"<p>Alun perin idea rekrytapahtumien\u00a0j\u00e4rjest\u00e4miseen oppilaitoksissa l\u00e4hti Linnan Kehitys Oy:n\u00a0yritys- ja yhteysmanageri Marko Ahtiaiselta. Ammattiopisto Tavastia otti idean vastaan. Yhdess\u00e4 suunniteltiin [&hellip;]<\/p>\n","protected":false},"author":14,"featured_media":7212,"comment_status":"closed","ping_status":"closed","sticky":false,"template":"","format":"standard","meta":{"_acf_changed":false,"_relevanssi_hide_post":"","_relevanssi_hide_content":"","_relevanssi_pin_for_all":"","_relevanssi_pin_keywords":"","_relevanssi_unpin_keywords":"","_relevanssi_related_keywords":"","_relevanssi_related_include_ids":"","_relevanssi_related_exclude_ids":"","_relevanssi_related_no_append":"","_relevanssi_related_not_related":"","_relevanssi_related_posts":"","_relevanssi_noindex_reason":"","footnotes":""},"categories":[1],"tags":[],"class_list":["post-7208","post","type-post","status-publish","format-standard","has-post-thumbnail","hentry","category-yleinen"],"acf":[],"yoast_head":"<title>Ensimm\u00e4inen TAVASTIA-Rekry oppilaitoksessa - Ammattiopisto Tavastia<\/title>\n<meta name=\"robots\" content=\"index, follow, max-snippet:-1, max-image-preview:large, max-video-preview:-1\" \/>\n<link rel=\"canonical\" href=\"https:\/\/www.kktavastia.fi\/ammattiopisto\/2018\/10\/25\/ensimmainen-tavastia-rekry-oppilaitoksessa\/\" \/>\n<meta property=\"og:locale\" content=\"fi_FI\" \/>\n<meta property=\"og:type\" content=\"article\" \/>\n<meta property=\"og:title\" content=\"Ensimm\u00e4inen TAVASTIA-Rekry oppilaitoksessa - Ammattiopisto Tavastia\" \/>\n<meta property=\"og:description\" content=\"Alun perin idea rekrytapahtumien\u00a0j\u00e4rjest\u00e4miseen oppilaitoksissa l\u00e4hti Linnan Kehitys Oy:n\u00a0yritys- ja yhteysmanageri Marko Ahtiaiselta. Ammattiopisto Tavastia otti idean vastaan. Yhdess\u00e4 suunniteltiin [&hellip;]\" \/>\n<meta property=\"og:url\" content=\"https:\/\/www.kktavastia.fi\/ammattiopisto\/2018\/10\/25\/ensimmainen-tavastia-rekry-oppilaitoksessa\/\" \/>\n<meta property=\"og:site_name\" content=\"Ammattiopisto Tavastia\" \/>\n<meta property=\"article:published_time\" content=\"2018-10-25T08:09:59+00:00\" \/>\n<meta property=\"og:image\" content=\"https:\/\/www.kktavastia.fi\/media\/sites\/2\/img_6340valittu.jpg\" \/>\n\t<meta property=\"og:image:width\" content=\"1664\" \/>\n\t<meta property=\"og:image:height\" content=\"1333\" \/>\n\t<meta property=\"og:image:type\" content=\"image\/jpeg\" \/>\n<meta name=\"author\" content=\"Outi Ruohela\" \/>\n<meta name=\"twitter:card\" content=\"summary_large_image\" \/>\n<script type=\"application\/ld+json\" class=\"yoast-schema-graph\">{\"@context\":\"https:\\\/\\\/schema.org\",\"@graph\":[{\"@type\":\"Article\",\"@id\":\"https:\\\/\\\/www.kktavastia.fi\\\/ammattiopisto\\\/2018\\\/10\\\/25\\\/ensimmainen-tavastia-rekry-oppilaitoksessa\\\/#article\",\"isPartOf\":{\"@id\":\"https:\\\/\\\/www.kktavastia.fi\\\/ammattiopisto\\\/2018\\\/10\\\/25\\\/ensimmainen-tavastia-rekry-oppilaitoksessa\\\/\"},\"author\":{\"name\":\"Outi Ruohela\",\"@id\":\"https:\\\/\\\/www.kktavastia.fi\\\/ammattiopisto\\\/#\\\/schema\\\/person\\\/68a0de11bcf6807c61ba2f6ad45cb745\"},\"headline\":\"Ensimm\u00e4inen TAVASTIA-Rekry oppilaitoksessa\",\"datePublished\":\"2018-10-25T08:09:59+00:00\",\"mainEntityOfPage\":{\"@id\":\"https:\\\/\\\/www.kktavastia.fi\\\/ammattiopisto\\\/2018\\\/10\\\/25\\\/ensimmainen-tavastia-rekry-oppilaitoksessa\\\/\"},\"wordCount\":246,\"image\":{\"@id\":\"https:\\\/\\\/www.kktavastia.fi\\\/ammattiopisto\\\/2018\\\/10\\\/25\\\/ensimmainen-tavastia-rekry-oppilaitoksessa\\\/#primaryimage\"},\"thumbnailUrl\":\"https:\\\/\\\/www.kktavastia.fi\\\/media\\\/sites\\\/2\\\/img_6340valittu.jpg\",\"inLanguage\":\"fi\"},{\"@type\":\"WebPage\",\"@id\":\"https:\\\/\\\/www.kktavastia.fi\\\/ammattiopisto\\\/2018\\\/10\\\/25\\\/ensimmainen-tavastia-rekry-oppilaitoksessa\\\/\",\"url\":\"https:\\\/\\\/www.kktavastia.fi\\\/ammattiopisto\\\/2018\\\/10\\\/25\\\/ensimmainen-tavastia-rekry-oppilaitoksessa\\\/\",\"name\":\"Ensimm\u00e4inen TAVASTIA-Rekry oppilaitoksessa - Ammattiopisto Tavastia\",\"isPartOf\":{\"@id\":\"https:\\\/\\\/www.kktavastia.fi\\\/ammattiopisto\\\/#website\"},\"primaryImageOfPage\":{\"@id\":\"https:\\\/\\\/www.kktavastia.fi\\\/ammattiopisto\\\/2018\\\/10\\\/25\\\/ensimmainen-tavastia-rekry-oppilaitoksessa\\\/#primaryimage\"},\"image\":{\"@id\":\"https:\\\/\\\/www.kktavastia.fi\\\/ammattiopisto\\\/2018\\\/10\\\/25\\\/ensimmainen-tavastia-rekry-oppilaitoksessa\\\/#primaryimage\"},\"thumbnailUrl\":\"https:\\\/\\\/www.kktavastia.fi\\\/media\\\/sites\\\/2\\\/img_6340valittu.jpg\",\"datePublished\":\"2018-10-25T08:09:59+00:00\",\"author\":{\"@id\":\"https:\\\/\\\/www.kktavastia.fi\\\/ammattiopisto\\\/#\\\/schema\\\/person\\\/68a0de11bcf6807c61ba2f6ad45cb745\"},\"breadcrumb\":{\"@id\":\"https:\\\/\\\/www.kktavastia.fi\\\/ammattiopisto\\\/2018\\\/10\\\/25\\\/ensimmainen-tavastia-rekry-oppilaitoksessa\\\/#breadcrumb\"},\"inLanguage\":\"fi\",\"potentialAction\":[{\"@type\":\"ReadAction\",\"target\":[\"https:\\\/\\\/www.kktavastia.fi\\\/ammattiopisto\\\/2018\\\/10\\\/25\\\/ensimmainen-tavastia-rekry-oppilaitoksessa\\\/\"]}]},{\"@type\":\"ImageObject\",\"inLanguage\":\"fi\",\"@id\":\"https:\\\/\\\/www.kktavastia.fi\\\/ammattiopisto\\\/2018\\\/10\\\/25\\\/ensimmainen-tavastia-rekry-oppilaitoksessa\\\/#primaryimage\",\"url\":\"https:\\\/\\\/www.kktavastia.fi\\\/media\\\/sites\\\/2\\\/img_6340valittu.jpg\",\"contentUrl\":\"https:\\\/\\\/www.kktavastia.fi\\\/media\\\/sites\\\/2\\\/img_6340valittu.jpg\",\"width\":1664,\"height\":1333},{\"@type\":\"BreadcrumbList\",\"@id\":\"https:\\\/\\\/www.kktavastia.fi\\\/ammattiopisto\\\/2018\\\/10\\\/25\\\/ensimmainen-tavastia-rekry-oppilaitoksessa\\\/#breadcrumb\",\"itemListElement\":[{\"@type\":\"ListItem\",\"position\":1,\"name\":\"Home\",\"item\":\"https:\\\/\\\/www.kktavastia.fi\\\/ammattiopisto\\\/\"},{\"@type\":\"ListItem\",\"position\":2,\"name\":\"Ensimm\u00e4inen TAVASTIA-Rekry oppilaitoksessa\"}]},{\"@type\":\"WebSite\",\"@id\":\"https:\\\/\\\/www.kktavastia.fi\\\/ammattiopisto\\\/#website\",\"url\":\"https:\\\/\\\/www.kktavastia.fi\\\/ammattiopisto\\\/\",\"name\":\"Ammattiopisto Tavastia\",\"description\":\"\",\"potentialAction\":[{\"@type\":\"SearchAction\",\"target\":{\"@type\":\"EntryPoint\",\"urlTemplate\":\"https:\\\/\\\/www.kktavastia.fi\\\/ammattiopisto\\\/?s={search_term_string}\"},\"query-input\":{\"@type\":\"PropertyValueSpecification\",\"valueRequired\":true,\"valueName\":\"search_term_string\"}}],\"inLanguage\":\"fi\"},{\"@type\":\"Person\",\"@id\":\"https:\\\/\\\/www.kktavastia.fi\\\/ammattiopisto\\\/#\\\/schema\\\/person\\\/68a0de11bcf6807c61ba2f6ad45cb745\",\"name\":\"Outi Ruohela\",\"image\":{\"@type\":\"ImageObject\",\"inLanguage\":\"fi\",\"@id\":\"https:\\\/\\\/secure.gravatar.com\\\/avatar\\\/ce424d158e08bec42b1b156b6e605564461a483003b32e6d17f03d992cdd1c80?s=96&d=mm&r=g\",\"url\":\"https:\\\/\\\/secure.gravatar.com\\\/avatar\\\/ce424d158e08bec42b1b156b6e605564461a483003b32e6d17f03d992cdd1c80?s=96&d=mm&r=g\",\"contentUrl\":\"https:\\\/\\\/secure.gravatar.com\\\/avatar\\\/ce424d158e08bec42b1b156b6e605564461a483003b32e6d17f03d992cdd1c80?s=96&d=mm&r=g\",\"caption\":\"Outi Ruohela\"},\"url\":\"https:\\\/\\\/www.kktavastia.fi\\\/ammattiopisto\\\/author\\\/outi-ruohelakktavastia-fi\\\/\"}]}<\/script>","yoast_head_json":{"title":"Ensimm\u00e4inen TAVASTIA-Rekry oppilaitoksessa - Ammattiopisto Tavastia","robots":{"index":"index","follow":"follow","max-snippet":"max-snippet:-1","max-image-preview":"max-image-preview:large","max-video-preview":"max-video-preview:-1"},"canonical":"https:\/\/www.kktavastia.fi\/ammattiopisto\/2018\/10\/25\/ensimmainen-tavastia-rekry-oppilaitoksessa\/","og_locale":"fi_FI","og_type":"article","og_title":"Ensimm\u00e4inen TAVASTIA-Rekry oppilaitoksessa - Ammattiopisto Tavastia","og_description":"Alun perin idea rekrytapahtumien\u00a0j\u00e4rjest\u00e4miseen oppilaitoksissa l\u00e4hti Linnan Kehitys Oy:n\u00a0yritys- ja yhteysmanageri Marko Ahtiaiselta. Ammattiopisto Tavastia otti idean vastaan. Yhdess\u00e4 suunniteltiin [&hellip;]","og_url":"https:\/\/www.kktavastia.fi\/ammattiopisto\/2018\/10\/25\/ensimmainen-tavastia-rekry-oppilaitoksessa\/","og_site_name":"Ammattiopisto Tavastia","article_published_time":"2018-10-25T08:09:59+00:00","og_image":[{"width":1664,"height":1333,"url":"https:\/\/www.kktavastia.fi\/media\/sites\/2\/img_6340valittu.jpg","type":"image\/jpeg"}],"author":"Outi Ruohela","twitter_card":"summary_large_image","schema":{"@context":"https:\/\/schema.org","@graph":[{"@type":"Article","@id":"https:\/\/www.kktavastia.fi\/ammattiopisto\/2018\/10\/25\/ensimmainen-tavastia-rekry-oppilaitoksessa\/#article","isPartOf":{"@id":"https:\/\/www.kktavastia.fi\/ammattiopisto\/2018\/10\/25\/ensimmainen-tavastia-rekry-oppilaitoksessa\/"},"author":{"name":"Outi Ruohela","@id":"https:\/\/www.kktavastia.fi\/ammattiopisto\/#\/schema\/person\/68a0de11bcf6807c61ba2f6ad45cb745"},"headline":"Ensimm\u00e4inen TAVASTIA-Rekry oppilaitoksessa","datePublished":"2018-10-25T08:09:59+00:00","mainEntityOfPage":{"@id":"https:\/\/www.kktavastia.fi\/ammattiopisto\/2018\/10\/25\/ensimmainen-tavastia-rekry-oppilaitoksessa\/"},"wordCount":246,"image":{"@id":"https:\/\/www.kktavastia.fi\/ammattiopisto\/2018\/10\/25\/ensimmainen-tavastia-rekry-oppilaitoksessa\/#primaryimage"},"thumbnailUrl":"https:\/\/www.kktavastia.fi\/media\/sites\/2\/img_6340valittu.jpg","inLanguage":"fi"},{"@type":"WebPage","@id":"https:\/\/www.kktavastia.fi\/ammattiopisto\/2018\/10\/25\/ensimmainen-tavastia-rekry-oppilaitoksessa\/","url":"https:\/\/www.kktavastia.fi\/ammattiopisto\/2018\/10\/25\/ensimmainen-tavastia-rekry-oppilaitoksessa\/","name":"Ensimm\u00e4inen TAVASTIA-Rekry oppilaitoksessa - Ammattiopisto Tavastia","isPartOf":{"@id":"https:\/\/www.kktavastia.fi\/ammattiopisto\/#website"},"primaryImageOfPage":{"@id":"https:\/\/www.kktavastia.fi\/ammattiopisto\/2018\/10\/25\/ensimmainen-tavastia-rekry-oppilaitoksessa\/#primaryimage"},"image":{"@id":"https:\/\/www.kktavastia.fi\/ammattiopisto\/2018\/10\/25\/ensimmainen-tavastia-rekry-oppilaitoksessa\/#primaryimage"},"thumbnailUrl":"https:\/\/www.kktavastia.fi\/media\/sites\/2\/img_6340valittu.jpg","datePublished":"2018-10-25T08:09:59+00:00","author":{"@id":"https:\/\/www.kktavastia.fi\/ammattiopisto\/#\/schema\/person\/68a0de11bcf6807c61ba2f6ad45cb745"},"breadcrumb":{"@id":"https:\/\/www.kktavastia.fi\/ammattiopisto\/2018\/10\/25\/ensimmainen-tavastia-rekry-oppilaitoksessa\/#breadcrumb"},"inLanguage":"fi","potentialAction":[{"@type":"ReadAction","target":["https:\/\/www.kktavastia.fi\/ammattiopisto\/2018\/10\/25\/ensimmainen-tavastia-rekry-oppilaitoksessa\/"]}]},{"@type":"ImageObject","inLanguage":"fi","@id":"https:\/\/www.kktavastia.fi\/ammattiopisto\/2018\/10\/25\/ensimmainen-tavastia-rekry-oppilaitoksessa\/#primaryimage","url":"https:\/\/www.kktavastia.fi\/media\/sites\/2\/img_6340valittu.jpg","contentUrl":"https:\/\/www.kktavastia.fi\/media\/sites\/2\/img_6340valittu.jpg","width":1664,"height":1333},{"@type":"BreadcrumbList","@id":"https:\/\/www.kktavastia.fi\/ammattiopisto\/2018\/10\/25\/ensimmainen-tavastia-rekry-oppilaitoksessa\/#breadcrumb","itemListElement":[{"@type":"ListItem","position":1,"name":"Home","item":"https:\/\/www.kktavastia.fi\/ammattiopisto\/"},{"@type":"ListItem","position":2,"name":"Ensimm\u00e4inen TAVASTIA-Rekry oppilaitoksessa"}]},{"@type":"WebSite","@id":"https:\/\/www.kktavastia.fi\/ammattiopisto\/#website","url":"https:\/\/www.kktavastia.fi\/ammattiopisto\/","name":"Ammattiopisto Tavastia","description":"","potentialAction":[{"@type":"SearchAction","target":{"@type":"EntryPoint","urlTemplate":"https:\/\/www.kktavastia.fi\/ammattiopisto\/?s={search_term_string}"},"query-input":{"@type":"PropertyValueSpecification","valueRequired":true,"valueName":"search_term_string"}}],"inLanguage":"fi"},{"@type":"Person","@id":"https:\/\/www.kktavastia.fi\/ammattiopisto\/#\/schema\/person\/68a0de11bcf6807c61ba2f6ad45cb745","name":"Outi Ruohela","image":{"@type":"ImageObject","inLanguage":"fi","@id":"https:\/\/secure.gravatar.com\/avatar\/ce424d158e08bec42b1b156b6e605564461a483003b32e6d17f03d992cdd1c80?s=96&d=mm&r=g","url":"https:\/\/secure.gravatar.com\/avatar\/ce424d158e08bec42b1b156b6e605564461a483003b32e6d17f03d992cdd1c80?s=96&d=mm&r=g","contentUrl":"https:\/\/secure.gravatar.com\/avatar\/ce424d158e08bec42b1b156b6e605564461a483003b32e6d17f03d992cdd1c80?s=96&d=mm&r=g","caption":"Outi Ruohela"},"url":"https:\/\/www.kktavastia.fi\/ammattiopisto\/author\/outi-ruohelakktavastia-fi\/"}]}},"_links":{"self":[{"href":"https:\/\/www.kktavastia.fi\/ammattiopisto\/wp-json\/wp\/v2\/posts\/7208","targetHints":{"allow":["GET"]}}],"collection":[{"href":"https:\/\/www.kktavastia.fi\/ammattiopisto\/wp-json\/wp\/v2\/posts"}],"about":[{"href":"https:\/\/www.kktavastia.fi\/ammattiopisto\/wp-json\/wp\/v2\/types\/post"}],"author":[{"embeddable":true,"href":"https:\/\/www.kktavastia.fi\/ammattiopisto\/wp-json\/wp\/v2\/users\/14"}],"replies":[{"embeddable":true,"href":"https:\/\/www.kktavastia.fi\/ammattiopisto\/wp-json\/wp\/v2\/comments?post=7208"}],"version-history":[{"count":0,"href":"https:\/\/www.kktavastia.fi\/ammattiopisto\/wp-json\/wp\/v2\/posts\/7208\/revisions"}],"wp:featuredmedia":[{"embeddable":true,"href":"https:\/\/www.kktavastia.fi\/ammattiopisto\/wp-json\/wp\/v2\/media\/7212"}],"wp:attachment":[{"href":"https:\/\/www.kktavastia.fi\/ammattiopisto\/wp-json\/wp\/v2\/media?parent=7208"}],"wp:term":[{"taxonomy":"category","embeddable":true,"href":"https:\/\/www.kktavastia.fi\/ammattiopisto\/wp-json\/wp\/v2\/categories?post=7208"},{"taxonomy":"post_tag","embeddable":true,"href":"https:\/\/www.kktavastia.fi\/ammattiopisto\/wp-json\/wp\/v2\/tags?post=7208"}],"curies":[{"name":"wp","href":"https:\/\/api.w.org\/{rel}","templated":true}]}}