{"id":62869,"date":"2024-11-05T10:13:27","date_gmt":"2024-11-05T08:13:27","guid":{"rendered":"https:\/\/www.kktavastia.fi\/ammattiopisto\/?p=62869"},"modified":"2024-12-03T13:38:01","modified_gmt":"2024-12-03T11:38:01","slug":"tyoelamakoordinaattori-rakentaa-siltoja-oppilaitoksen-ja-tyoelaman-valille","status":"publish","type":"post","link":"https:\/\/www.kktavastia.fi\/ammattiopisto\/2024\/11\/05\/tyoelamakoordinaattori-rakentaa-siltoja-oppilaitoksen-ja-tyoelaman-valille\/","title":{"rendered":"Ty\u00f6el\u00e4m\u00e4koordinaattori rakentaa siltoja oppilaitoksen ja ty\u00f6el\u00e4m\u00e4n v\u00e4lille"},"content":{"rendered":"\n<p class=\"is-style-ingress\">Ty\u00f6el\u00e4m\u00e4koordinaattori Suvi Hossi aikoo edist\u00e4\u00e4 yhteisty\u00f6t\u00e4 ja vuoropuhelua yritysten ja ammatillisen koulutuksen v\u00e4lill\u00e4.<\/p>\n\n\n\n<figure class=\"wp-block-image size-large is-resized\"><img loading=\"lazy\" decoding=\"async\" width=\"819\" height=\"1024\" src=\"https:\/\/www.kktavastia.fi\/media\/sites\/2\/tyoelamakoordinaattori-suvi-hossi-4.5-819x1024.jpg\" alt=\"\" class=\"wp-image-62875\" style=\"width:650px;height:auto\" srcset=\"https:\/\/www.kktavastia.fi\/media\/sites\/2\/tyoelamakoordinaattori-suvi-hossi-4.5-819x1024.jpg 819w, https:\/\/www.kktavastia.fi\/media\/sites\/2\/tyoelamakoordinaattori-suvi-hossi-4.5-240x300.jpg 240w, https:\/\/www.kktavastia.fi\/media\/sites\/2\/tyoelamakoordinaattori-suvi-hossi-4.5-768x960.jpg 768w, https:\/\/www.kktavastia.fi\/media\/sites\/2\/tyoelamakoordinaattori-suvi-hossi-4.5-1229x1536.jpg 1229w, https:\/\/www.kktavastia.fi\/media\/sites\/2\/tyoelamakoordinaattori-suvi-hossi-4.5-1639x2048.jpg 1639w, https:\/\/www.kktavastia.fi\/media\/sites\/2\/tyoelamakoordinaattori-suvi-hossi-4.5-368x460.jpg 368w, https:\/\/www.kktavastia.fi\/media\/sites\/2\/tyoelamakoordinaattori-suvi-hossi-4.5-16x20.jpg 16w, https:\/\/www.kktavastia.fi\/media\/sites\/2\/tyoelamakoordinaattori-suvi-hossi-4.5.jpg 1783w\" sizes=\"auto, (max-width: 819px) 100vw, 819px\" \/><\/figure>\n\n\n\n<p>Ammattiopisto Tavastian ty\u00f6el\u00e4m\u00e4koordinaattorina lokakuussa aloittaneen Suvi Hossin teht\u00e4viin kuuluu oppilaitoksen ja ty\u00f6el\u00e4m\u00e4n v\u00e4lisen yhteisty\u00f6n kehitt\u00e4minen ja opiskelijoiden ty\u00f6llistymisen edist\u00e4minen. Uusi teht\u00e4v\u00e4 vastaa niin yritysten, oppilaitoksen kuin opiskelijoidenkin tarpeisiin.<\/p>\n\n\n\n<p>Hossi ammentaa laajaan ty\u00f6nkuvaansa oppeja aiemmista ty\u00f6teht\u00e4vist\u00e4\u00e4n. H\u00e4n on aiemmin ty\u00f6skennellyt henkil\u00f6st\u00f6n rekrytoinnin parissa, joten yritysten ja ty\u00f6nhakijoiden erilaiset tarpeet ovat tulleet tutuiksi vuosien varrella. My\u00f6s oppilaitosmaailma on ennest\u00e4\u00e4n tuttu, joten Tavastiaan hypp\u00e4\u00e4minen on ollut helppoa ja luontevaa.<\/p>\n\n\n\n<p>Nykyisess\u00e4 ty\u00f6ss\u00e4\u00e4n Hossi aikoo tehd\u00e4 yhteisty\u00f6t\u00e4 niin koulutusp\u00e4\u00e4llik\u00f6iden, eri alojen opettajien kuin yritystenkin kanssa. H\u00e4n osallistuu aktiivisesti rekrytointi- ja verkostoitumistapahtumiin, keskustelee ty\u00f6el\u00e4m\u00e4n toimijoiden kanssa ja edist\u00e4\u00e4 hyvi\u00e4 yhteisty\u00f6k\u00e4yt\u00e4nt\u00f6j\u00e4. Hossin t\u00e4rkein tavoite onkin p\u00e4\u00e4st\u00e4 avoimeen keskusteluun ty\u00f6el\u00e4m\u00e4n edustajien kanssa, jotta ty\u00f6nantajat n\u00e4kisiv\u00e4t ammatillisen koulutuksen tarjoamat mahdollisuudet laajemmin.<\/p>\n\n\n\n<p>&nbsp;\u2013 T\u00e4t\u00e4 ty\u00f6t\u00e4 ei voi tehd\u00e4 yksin, vaan sit\u00e4 tehd\u00e4\u00e4n yhteisvoimin. Ajattelen, ett\u00e4 olen t\u00e4\u00e4ll\u00e4 kaikkia varten ja ett\u00e4 onnistuminen tehd\u00e4\u00e4n yhdess\u00e4.<\/p>\n\n\n\n<p>Hossin on tarkoitus ker\u00e4t\u00e4 ty\u00f6ss\u00e4\u00e4n tietoa ty\u00f6el\u00e4m\u00e4n ja yritysten toiveista. Dataa hy\u00f6dynnet\u00e4\u00e4n toiminnan kehitt\u00e4misess\u00e4, ja kehityst\u00e4 my\u00f6s seurataan, jotta yritysten n\u00e4k\u00f6kulma tulee aidosti huomioitua. Datan avulla voidaan esimerkiksi n\u00e4hd\u00e4, mink\u00e4 alan osaajia kaivataan ja miten hyvin tarpeeseen pystyt\u00e4\u00e4n vastaamaan.<\/p>\n\n\n\n<p>Hossin mukaan yritysten kannattaa my\u00f6s itse ennakoida, millaisia ty\u00f6ntekij\u00e4- ja osaamistarpeita niill\u00e4 on l\u00e4hitulevaisuudessa. Ty\u00f6voiman tarpeeseen her\u00e4t\u00e4\u00e4n usein vasta silloin, kun osaajia tarvitaan jo kipe\u00e4sti. Pitk\u00e4j\u00e4nteinen yhteisty\u00f6 ammatillisen oppilaitoksen kanssa on usein ratkaisu yritysten tarpeisiin.<\/p>\n\n\n\n<p>\u2013 Ty\u00f6el\u00e4m\u00e4 on haastavassa tilanteessa, joten ty\u00f6nantajien kannattaa hy\u00f6dynt\u00e4\u00e4 opiskelijoissa olevaa potentiaalia. Ammatillisista oppilaitoksista valmistuu tulevaisuuden osaajia, joille kannattaa antaa mahdollisuus n\u00e4ytt\u00e4\u00e4 kykyns\u00e4.<\/p>\n\n\n\n<p><strong>Yrityksill\u00e4 t\u00e4rke\u00e4 rooli opiskelijoiden kouluttamisessa<\/strong><\/p>\n\n\n\n<p>Ty\u00f6el\u00e4m\u00e4n kanssa teht\u00e4v\u00e4 yhteisty\u00f6 on avainasemassa uusien osaajien kouluttamisessa. Hossin mielest\u00e4 nimitys ammatillinen perustutkinto kuvaa tilannetta hyvin. Ammatin perusteet ja ty\u00f6ss\u00e4 tarvittava osaaminen saadaan oppilaitoksesta, mutta sen j\u00e4lkeen osaamista ja itsevarmuutta kartutetaan t\u00f6it\u00e4 tekem\u00e4ll\u00e4. Muuttuvassa ty\u00f6el\u00e4m\u00e4ss\u00e4 uusien taitojen oppiminen jatkuu koko ty\u00f6uran ajan.<\/p>\n\n\n\n<p>\u2013 Yrityksill\u00e4 on itse asiassa opiskelijan ammatillisessa kehittymisess\u00e4 iso rooli. Ensimm\u00e4inen ty\u00f6ss\u00e4oppimispaikka ja ohjaaja voivat j\u00e4\u00e4d\u00e4 esikuvaksi, ja my\u00f6nteiset kokemukset voivat kantaa pitk\u00e4lle.<\/p>\n\n\n\n<p>Hossi kannustaa yrityksi\u00e4 olemaan rohkeasti yhteydess\u00e4 ammatillisiin oppilaitoksiin ja kertomaan tarpeistaan. Alueelliseen osaajapulaan ei l\u00f6ydy ratkaisua, jos osaajia ei kouluteta yhteisty\u00f6ss\u00e4 ty\u00f6el\u00e4m\u00e4n kanssa.<\/p>\n\n\n\n<p>\u2013 Minuun voi ottaa yhteytt\u00e4, vaikka ei aivan tiet\u00e4isi, mik\u00e4 oma tarve on. Autan l\u00f6yt\u00e4m\u00e4\u00e4n sopivan ratkaisun.<\/p>\n\n\n\n<p><\/p>\n","protected":false},"excerpt":{"rendered":"<p>Ty\u00f6el\u00e4m\u00e4koordinaattori Suvi Hossi aikoo edist\u00e4\u00e4 yhteisty\u00f6t\u00e4 ja vuoropuhelua yritysten ja ammatillisen koulutuksen v\u00e4lill\u00e4. Ammattiopisto Tavastian ty\u00f6el\u00e4m\u00e4koordinaattorina lokakuussa aloittaneen Suvi Hossin [&hellip;]<\/p>\n","protected":false},"author":48,"featured_media":62873,"comment_status":"closed","ping_status":"closed","sticky":false,"template":"","format":"standard","meta":{"_acf_changed":false,"_relevanssi_hide_post":"","_relevanssi_hide_content":"","_relevanssi_pin_for_all":"","_relevanssi_pin_keywords":"","_relevanssi_unpin_keywords":"","_relevanssi_related_keywords":"","_relevanssi_related_include_ids":"","_relevanssi_related_exclude_ids":"","_relevanssi_related_no_append":"","_relevanssi_related_not_related":"","_relevanssi_related_posts":"","_relevanssi_noindex_reason":"","footnotes":""},"categories":[1],"tags":[301,30,73],"class_list":["post-62869","post","type-post","status-publish","format-standard","has-post-thumbnail","hentry","category-yleinen","tag-tyoelamakoordinaattori","tag-tyoelamayhteistyo","tag-yrityksille"],"acf":[],"yoast_head":"<title>Ty\u00f6el\u00e4m\u00e4koordinaattori rakentaa siltoja oppilaitoksen ja ty\u00f6el\u00e4m\u00e4n v\u00e4lille - Ammattiopisto Tavastia<\/title>\n<meta name=\"robots\" content=\"index, follow, max-snippet:-1, max-image-preview:large, max-video-preview:-1\" \/>\n<link rel=\"canonical\" href=\"https:\/\/www.kktavastia.fi\/ammattiopisto\/2024\/11\/05\/tyoelamakoordinaattori-rakentaa-siltoja-oppilaitoksen-ja-tyoelaman-valille\/\" \/>\n<meta property=\"og:locale\" content=\"fi_FI\" \/>\n<meta property=\"og:type\" content=\"article\" \/>\n<meta property=\"og:title\" content=\"Ty\u00f6el\u00e4m\u00e4koordinaattori rakentaa siltoja oppilaitoksen ja ty\u00f6el\u00e4m\u00e4n v\u00e4lille - Ammattiopisto Tavastia\" \/>\n<meta property=\"og:description\" content=\"Ty\u00f6el\u00e4m\u00e4koordinaattori Suvi Hossi aikoo edist\u00e4\u00e4 yhteisty\u00f6t\u00e4 ja vuoropuhelua yritysten ja ammatillisen koulutuksen v\u00e4lill\u00e4. Ammattiopisto Tavastian ty\u00f6el\u00e4m\u00e4koordinaattorina lokakuussa aloittaneen Suvi Hossin [&hellip;]\" \/>\n<meta property=\"og:url\" content=\"https:\/\/www.kktavastia.fi\/ammattiopisto\/2024\/11\/05\/tyoelamakoordinaattori-rakentaa-siltoja-oppilaitoksen-ja-tyoelaman-valille\/\" \/>\n<meta property=\"og:site_name\" content=\"Ammattiopisto Tavastia\" \/>\n<meta property=\"article:published_time\" content=\"2024-11-05T08:13:27+00:00\" \/>\n<meta property=\"article:modified_time\" content=\"2024-12-03T11:38:01+00:00\" \/>\n<meta property=\"og:image\" content=\"https:\/\/www.kktavastia.fi\/media\/sites\/2\/tyoelamakoordinaattori-suvi-hossi-artikkelikuva.jpg\" \/>\n\t<meta property=\"og:image:width\" content=\"1859\" \/>\n\t<meta property=\"og:image:height\" content=\"1239\" \/>\n\t<meta property=\"og:image:type\" content=\"image\/jpeg\" \/>\n<meta name=\"author\" content=\"Alina Kauppi\" \/>\n<meta name=\"twitter:card\" content=\"summary_large_image\" \/>\n<script type=\"application\/ld+json\" class=\"yoast-schema-graph\">{\"@context\":\"https:\\\/\\\/schema.org\",\"@graph\":[{\"@type\":\"Article\",\"@id\":\"https:\\\/\\\/www.kktavastia.fi\\\/ammattiopisto\\\/2024\\\/11\\\/05\\\/tyoelamakoordinaattori-rakentaa-siltoja-oppilaitoksen-ja-tyoelaman-valille\\\/#article\",\"isPartOf\":{\"@id\":\"https:\\\/\\\/www.kktavastia.fi\\\/ammattiopisto\\\/2024\\\/11\\\/05\\\/tyoelamakoordinaattori-rakentaa-siltoja-oppilaitoksen-ja-tyoelaman-valille\\\/\"},\"author\":{\"name\":\"Alina Kauppi\",\"@id\":\"https:\\\/\\\/www.kktavastia.fi\\\/ammattiopisto\\\/#\\\/schema\\\/person\\\/bd7cfbbe2c0c002a190ce7c132f3ca32\"},\"headline\":\"Ty\u00f6el\u00e4m\u00e4koordinaattori rakentaa siltoja oppilaitoksen ja ty\u00f6el\u00e4m\u00e4n v\u00e4lille\",\"datePublished\":\"2024-11-05T08:13:27+00:00\",\"dateModified\":\"2024-12-03T11:38:01+00:00\",\"mainEntityOfPage\":{\"@id\":\"https:\\\/\\\/www.kktavastia.fi\\\/ammattiopisto\\\/2024\\\/11\\\/05\\\/tyoelamakoordinaattori-rakentaa-siltoja-oppilaitoksen-ja-tyoelaman-valille\\\/\"},\"wordCount\":479,\"image\":{\"@id\":\"https:\\\/\\\/www.kktavastia.fi\\\/ammattiopisto\\\/2024\\\/11\\\/05\\\/tyoelamakoordinaattori-rakentaa-siltoja-oppilaitoksen-ja-tyoelaman-valille\\\/#primaryimage\"},\"thumbnailUrl\":\"https:\\\/\\\/www.kktavastia.fi\\\/media\\\/sites\\\/2\\\/tyoelamakoordinaattori-suvi-hossi-artikkelikuva.jpg\",\"keywords\":[\"ty\u00f6el\u00e4m\u00e4koordinaattori\",\"ty\u00f6el\u00e4m\u00e4yhteisty\u00f6\",\"yrityksille\"],\"inLanguage\":\"fi\"},{\"@type\":\"WebPage\",\"@id\":\"https:\\\/\\\/www.kktavastia.fi\\\/ammattiopisto\\\/2024\\\/11\\\/05\\\/tyoelamakoordinaattori-rakentaa-siltoja-oppilaitoksen-ja-tyoelaman-valille\\\/\",\"url\":\"https:\\\/\\\/www.kktavastia.fi\\\/ammattiopisto\\\/2024\\\/11\\\/05\\\/tyoelamakoordinaattori-rakentaa-siltoja-oppilaitoksen-ja-tyoelaman-valille\\\/\",\"name\":\"Ty\u00f6el\u00e4m\u00e4koordinaattori rakentaa siltoja oppilaitoksen ja ty\u00f6el\u00e4m\u00e4n v\u00e4lille - Ammattiopisto Tavastia\",\"isPartOf\":{\"@id\":\"https:\\\/\\\/www.kktavastia.fi\\\/ammattiopisto\\\/#website\"},\"primaryImageOfPage\":{\"@id\":\"https:\\\/\\\/www.kktavastia.fi\\\/ammattiopisto\\\/2024\\\/11\\\/05\\\/tyoelamakoordinaattori-rakentaa-siltoja-oppilaitoksen-ja-tyoelaman-valille\\\/#primaryimage\"},\"image\":{\"@id\":\"https:\\\/\\\/www.kktavastia.fi\\\/ammattiopisto\\\/2024\\\/11\\\/05\\\/tyoelamakoordinaattori-rakentaa-siltoja-oppilaitoksen-ja-tyoelaman-valille\\\/#primaryimage\"},\"thumbnailUrl\":\"https:\\\/\\\/www.kktavastia.fi\\\/media\\\/sites\\\/2\\\/tyoelamakoordinaattori-suvi-hossi-artikkelikuva.jpg\",\"datePublished\":\"2024-11-05T08:13:27+00:00\",\"dateModified\":\"2024-12-03T11:38:01+00:00\",\"author\":{\"@id\":\"https:\\\/\\\/www.kktavastia.fi\\\/ammattiopisto\\\/#\\\/schema\\\/person\\\/bd7cfbbe2c0c002a190ce7c132f3ca32\"},\"breadcrumb\":{\"@id\":\"https:\\\/\\\/www.kktavastia.fi\\\/ammattiopisto\\\/2024\\\/11\\\/05\\\/tyoelamakoordinaattori-rakentaa-siltoja-oppilaitoksen-ja-tyoelaman-valille\\\/#breadcrumb\"},\"inLanguage\":\"fi\",\"potentialAction\":[{\"@type\":\"ReadAction\",\"target\":[\"https:\\\/\\\/www.kktavastia.fi\\\/ammattiopisto\\\/2024\\\/11\\\/05\\\/tyoelamakoordinaattori-rakentaa-siltoja-oppilaitoksen-ja-tyoelaman-valille\\\/\"]}]},{\"@type\":\"ImageObject\",\"inLanguage\":\"fi\",\"@id\":\"https:\\\/\\\/www.kktavastia.fi\\\/ammattiopisto\\\/2024\\\/11\\\/05\\\/tyoelamakoordinaattori-rakentaa-siltoja-oppilaitoksen-ja-tyoelaman-valille\\\/#primaryimage\",\"url\":\"https:\\\/\\\/www.kktavastia.fi\\\/media\\\/sites\\\/2\\\/tyoelamakoordinaattori-suvi-hossi-artikkelikuva.jpg\",\"contentUrl\":\"https:\\\/\\\/www.kktavastia.fi\\\/media\\\/sites\\\/2\\\/tyoelamakoordinaattori-suvi-hossi-artikkelikuva.jpg\",\"width\":1859,\"height\":1239,\"caption\":\"Iloinen nainen hymyilee kameraan toimiston k\u00e4yt\u00e4v\u00e4ll\u00e4.\"},{\"@type\":\"BreadcrumbList\",\"@id\":\"https:\\\/\\\/www.kktavastia.fi\\\/ammattiopisto\\\/2024\\\/11\\\/05\\\/tyoelamakoordinaattori-rakentaa-siltoja-oppilaitoksen-ja-tyoelaman-valille\\\/#breadcrumb\",\"itemListElement\":[{\"@type\":\"ListItem\",\"position\":1,\"name\":\"Home\",\"item\":\"https:\\\/\\\/www.kktavastia.fi\\\/ammattiopisto\\\/\"},{\"@type\":\"ListItem\",\"position\":2,\"name\":\"Ty\u00f6el\u00e4m\u00e4koordinaattori rakentaa siltoja oppilaitoksen ja ty\u00f6el\u00e4m\u00e4n v\u00e4lille\"}]},{\"@type\":\"WebSite\",\"@id\":\"https:\\\/\\\/www.kktavastia.fi\\\/ammattiopisto\\\/#website\",\"url\":\"https:\\\/\\\/www.kktavastia.fi\\\/ammattiopisto\\\/\",\"name\":\"Ammattiopisto Tavastia\",\"description\":\"\",\"potentialAction\":[{\"@type\":\"SearchAction\",\"target\":{\"@type\":\"EntryPoint\",\"urlTemplate\":\"https:\\\/\\\/www.kktavastia.fi\\\/ammattiopisto\\\/?s={search_term_string}\"},\"query-input\":{\"@type\":\"PropertyValueSpecification\",\"valueRequired\":true,\"valueName\":\"search_term_string\"}}],\"inLanguage\":\"fi\"},{\"@type\":\"Person\",\"@id\":\"https:\\\/\\\/www.kktavastia.fi\\\/ammattiopisto\\\/#\\\/schema\\\/person\\\/bd7cfbbe2c0c002a190ce7c132f3ca32\",\"name\":\"Alina Kauppi\",\"image\":{\"@type\":\"ImageObject\",\"inLanguage\":\"fi\",\"@id\":\"https:\\\/\\\/secure.gravatar.com\\\/avatar\\\/4d0f04340784c5b3c4667510472c4c352c0191a5747665cbec58972e1a7c1a46?s=96&d=mm&r=g\",\"url\":\"https:\\\/\\\/secure.gravatar.com\\\/avatar\\\/4d0f04340784c5b3c4667510472c4c352c0191a5747665cbec58972e1a7c1a46?s=96&d=mm&r=g\",\"contentUrl\":\"https:\\\/\\\/secure.gravatar.com\\\/avatar\\\/4d0f04340784c5b3c4667510472c4c352c0191a5747665cbec58972e1a7c1a46?s=96&d=mm&r=g\",\"caption\":\"Alina Kauppi\"},\"url\":\"https:\\\/\\\/www.kktavastia.fi\\\/ammattiopisto\\\/author\\\/alinakauppi1\\\/\"}]}<\/script>","yoast_head_json":{"title":"Ty\u00f6el\u00e4m\u00e4koordinaattori rakentaa siltoja oppilaitoksen ja ty\u00f6el\u00e4m\u00e4n v\u00e4lille - Ammattiopisto Tavastia","robots":{"index":"index","follow":"follow","max-snippet":"max-snippet:-1","max-image-preview":"max-image-preview:large","max-video-preview":"max-video-preview:-1"},"canonical":"https:\/\/www.kktavastia.fi\/ammattiopisto\/2024\/11\/05\/tyoelamakoordinaattori-rakentaa-siltoja-oppilaitoksen-ja-tyoelaman-valille\/","og_locale":"fi_FI","og_type":"article","og_title":"Ty\u00f6el\u00e4m\u00e4koordinaattori rakentaa siltoja oppilaitoksen ja ty\u00f6el\u00e4m\u00e4n v\u00e4lille - Ammattiopisto Tavastia","og_description":"Ty\u00f6el\u00e4m\u00e4koordinaattori Suvi Hossi aikoo edist\u00e4\u00e4 yhteisty\u00f6t\u00e4 ja vuoropuhelua yritysten ja ammatillisen koulutuksen v\u00e4lill\u00e4. Ammattiopisto Tavastian ty\u00f6el\u00e4m\u00e4koordinaattorina lokakuussa aloittaneen Suvi Hossin [&hellip;]","og_url":"https:\/\/www.kktavastia.fi\/ammattiopisto\/2024\/11\/05\/tyoelamakoordinaattori-rakentaa-siltoja-oppilaitoksen-ja-tyoelaman-valille\/","og_site_name":"Ammattiopisto Tavastia","article_published_time":"2024-11-05T08:13:27+00:00","article_modified_time":"2024-12-03T11:38:01+00:00","og_image":[{"width":1859,"height":1239,"url":"https:\/\/www.kktavastia.fi\/media\/sites\/2\/tyoelamakoordinaattori-suvi-hossi-artikkelikuva.jpg","type":"image\/jpeg"}],"author":"Alina Kauppi","twitter_card":"summary_large_image","schema":{"@context":"https:\/\/schema.org","@graph":[{"@type":"Article","@id":"https:\/\/www.kktavastia.fi\/ammattiopisto\/2024\/11\/05\/tyoelamakoordinaattori-rakentaa-siltoja-oppilaitoksen-ja-tyoelaman-valille\/#article","isPartOf":{"@id":"https:\/\/www.kktavastia.fi\/ammattiopisto\/2024\/11\/05\/tyoelamakoordinaattori-rakentaa-siltoja-oppilaitoksen-ja-tyoelaman-valille\/"},"author":{"name":"Alina Kauppi","@id":"https:\/\/www.kktavastia.fi\/ammattiopisto\/#\/schema\/person\/bd7cfbbe2c0c002a190ce7c132f3ca32"},"headline":"Ty\u00f6el\u00e4m\u00e4koordinaattori rakentaa siltoja oppilaitoksen ja ty\u00f6el\u00e4m\u00e4n v\u00e4lille","datePublished":"2024-11-05T08:13:27+00:00","dateModified":"2024-12-03T11:38:01+00:00","mainEntityOfPage":{"@id":"https:\/\/www.kktavastia.fi\/ammattiopisto\/2024\/11\/05\/tyoelamakoordinaattori-rakentaa-siltoja-oppilaitoksen-ja-tyoelaman-valille\/"},"wordCount":479,"image":{"@id":"https:\/\/www.kktavastia.fi\/ammattiopisto\/2024\/11\/05\/tyoelamakoordinaattori-rakentaa-siltoja-oppilaitoksen-ja-tyoelaman-valille\/#primaryimage"},"thumbnailUrl":"https:\/\/www.kktavastia.fi\/media\/sites\/2\/tyoelamakoordinaattori-suvi-hossi-artikkelikuva.jpg","keywords":["ty\u00f6el\u00e4m\u00e4koordinaattori","ty\u00f6el\u00e4m\u00e4yhteisty\u00f6","yrityksille"],"inLanguage":"fi"},{"@type":"WebPage","@id":"https:\/\/www.kktavastia.fi\/ammattiopisto\/2024\/11\/05\/tyoelamakoordinaattori-rakentaa-siltoja-oppilaitoksen-ja-tyoelaman-valille\/","url":"https:\/\/www.kktavastia.fi\/ammattiopisto\/2024\/11\/05\/tyoelamakoordinaattori-rakentaa-siltoja-oppilaitoksen-ja-tyoelaman-valille\/","name":"Ty\u00f6el\u00e4m\u00e4koordinaattori rakentaa siltoja oppilaitoksen ja ty\u00f6el\u00e4m\u00e4n v\u00e4lille - Ammattiopisto Tavastia","isPartOf":{"@id":"https:\/\/www.kktavastia.fi\/ammattiopisto\/#website"},"primaryImageOfPage":{"@id":"https:\/\/www.kktavastia.fi\/ammattiopisto\/2024\/11\/05\/tyoelamakoordinaattori-rakentaa-siltoja-oppilaitoksen-ja-tyoelaman-valille\/#primaryimage"},"image":{"@id":"https:\/\/www.kktavastia.fi\/ammattiopisto\/2024\/11\/05\/tyoelamakoordinaattori-rakentaa-siltoja-oppilaitoksen-ja-tyoelaman-valille\/#primaryimage"},"thumbnailUrl":"https:\/\/www.kktavastia.fi\/media\/sites\/2\/tyoelamakoordinaattori-suvi-hossi-artikkelikuva.jpg","datePublished":"2024-11-05T08:13:27+00:00","dateModified":"2024-12-03T11:38:01+00:00","author":{"@id":"https:\/\/www.kktavastia.fi\/ammattiopisto\/#\/schema\/person\/bd7cfbbe2c0c002a190ce7c132f3ca32"},"breadcrumb":{"@id":"https:\/\/www.kktavastia.fi\/ammattiopisto\/2024\/11\/05\/tyoelamakoordinaattori-rakentaa-siltoja-oppilaitoksen-ja-tyoelaman-valille\/#breadcrumb"},"inLanguage":"fi","potentialAction":[{"@type":"ReadAction","target":["https:\/\/www.kktavastia.fi\/ammattiopisto\/2024\/11\/05\/tyoelamakoordinaattori-rakentaa-siltoja-oppilaitoksen-ja-tyoelaman-valille\/"]}]},{"@type":"ImageObject","inLanguage":"fi","@id":"https:\/\/www.kktavastia.fi\/ammattiopisto\/2024\/11\/05\/tyoelamakoordinaattori-rakentaa-siltoja-oppilaitoksen-ja-tyoelaman-valille\/#primaryimage","url":"https:\/\/www.kktavastia.fi\/media\/sites\/2\/tyoelamakoordinaattori-suvi-hossi-artikkelikuva.jpg","contentUrl":"https:\/\/www.kktavastia.fi\/media\/sites\/2\/tyoelamakoordinaattori-suvi-hossi-artikkelikuva.jpg","width":1859,"height":1239,"caption":"Iloinen nainen hymyilee kameraan toimiston k\u00e4yt\u00e4v\u00e4ll\u00e4."},{"@type":"BreadcrumbList","@id":"https:\/\/www.kktavastia.fi\/ammattiopisto\/2024\/11\/05\/tyoelamakoordinaattori-rakentaa-siltoja-oppilaitoksen-ja-tyoelaman-valille\/#breadcrumb","itemListElement":[{"@type":"ListItem","position":1,"name":"Home","item":"https:\/\/www.kktavastia.fi\/ammattiopisto\/"},{"@type":"ListItem","position":2,"name":"Ty\u00f6el\u00e4m\u00e4koordinaattori rakentaa siltoja oppilaitoksen ja ty\u00f6el\u00e4m\u00e4n v\u00e4lille"}]},{"@type":"WebSite","@id":"https:\/\/www.kktavastia.fi\/ammattiopisto\/#website","url":"https:\/\/www.kktavastia.fi\/ammattiopisto\/","name":"Ammattiopisto Tavastia","description":"","potentialAction":[{"@type":"SearchAction","target":{"@type":"EntryPoint","urlTemplate":"https:\/\/www.kktavastia.fi\/ammattiopisto\/?s={search_term_string}"},"query-input":{"@type":"PropertyValueSpecification","valueRequired":true,"valueName":"search_term_string"}}],"inLanguage":"fi"},{"@type":"Person","@id":"https:\/\/www.kktavastia.fi\/ammattiopisto\/#\/schema\/person\/bd7cfbbe2c0c002a190ce7c132f3ca32","name":"Alina Kauppi","image":{"@type":"ImageObject","inLanguage":"fi","@id":"https:\/\/secure.gravatar.com\/avatar\/4d0f04340784c5b3c4667510472c4c352c0191a5747665cbec58972e1a7c1a46?s=96&d=mm&r=g","url":"https:\/\/secure.gravatar.com\/avatar\/4d0f04340784c5b3c4667510472c4c352c0191a5747665cbec58972e1a7c1a46?s=96&d=mm&r=g","contentUrl":"https:\/\/secure.gravatar.com\/avatar\/4d0f04340784c5b3c4667510472c4c352c0191a5747665cbec58972e1a7c1a46?s=96&d=mm&r=g","caption":"Alina Kauppi"},"url":"https:\/\/www.kktavastia.fi\/ammattiopisto\/author\/alinakauppi1\/"}]}},"_links":{"self":[{"href":"https:\/\/www.kktavastia.fi\/ammattiopisto\/wp-json\/wp\/v2\/posts\/62869","targetHints":{"allow":["GET"]}}],"collection":[{"href":"https:\/\/www.kktavastia.fi\/ammattiopisto\/wp-json\/wp\/v2\/posts"}],"about":[{"href":"https:\/\/www.kktavastia.fi\/ammattiopisto\/wp-json\/wp\/v2\/types\/post"}],"author":[{"embeddable":true,"href":"https:\/\/www.kktavastia.fi\/ammattiopisto\/wp-json\/wp\/v2\/users\/48"}],"replies":[{"embeddable":true,"href":"https:\/\/www.kktavastia.fi\/ammattiopisto\/wp-json\/wp\/v2\/comments?post=62869"}],"version-history":[{"count":7,"href":"https:\/\/www.kktavastia.fi\/ammattiopisto\/wp-json\/wp\/v2\/posts\/62869\/revisions"}],"predecessor-version":[{"id":67586,"href":"https:\/\/www.kktavastia.fi\/ammattiopisto\/wp-json\/wp\/v2\/posts\/62869\/revisions\/67586"}],"wp:featuredmedia":[{"embeddable":true,"href":"https:\/\/www.kktavastia.fi\/ammattiopisto\/wp-json\/wp\/v2\/media\/62873"}],"wp:attachment":[{"href":"https:\/\/www.kktavastia.fi\/ammattiopisto\/wp-json\/wp\/v2\/media?parent=62869"}],"wp:term":[{"taxonomy":"category","embeddable":true,"href":"https:\/\/www.kktavastia.fi\/ammattiopisto\/wp-json\/wp\/v2\/categories?post=62869"},{"taxonomy":"post_tag","embeddable":true,"href":"https:\/\/www.kktavastia.fi\/ammattiopisto\/wp-json\/wp\/v2\/tags?post=62869"}],"curies":[{"name":"wp","href":"https:\/\/api.w.org\/{rel}","templated":true}]}}