{"id":2442,"date":"2017-10-10T14:36:55","date_gmt":"2017-10-10T11:36:55","guid":{"rendered":"https:\/\/www.kktavastia.fi\/ammattiopisto-tavastia\/?p=2442"},"modified":"2017-10-10T14:36:55","modified_gmt":"2017-10-10T11:36:55","slug":"kansainvalinen-yrittajyyskoulutus-ammattiopiston-opiskelijat-mukana","status":"publish","type":"post","link":"https:\/\/www.kktavastia.fi\/ammattiopisto\/2017\/10\/10\/kansainvalinen-yrittajyyskoulutus-ammattiopiston-opiskelijat-mukana\/","title":{"rendered":"Kansainv\u00e4linen yritt\u00e4jyyskoulutus &#8211; Ammattiopiston opiskelijat mukana"},"content":{"rendered":"<div id='gallery-1' class='gallery galleryid-2442 gallery-columns-5 gallery-size-thumbnail'><figure class='gallery-item'>\n\t\t\t<div class='gallery-icon landscape'>\n\t\t\t\t<a href='https:\/\/www.kktavastia.fi\/ammattiopisto\/2017\/10\/10\/kansainvalinen-yrittajyyskoulutus-ammattiopiston-opiskelijat-mukana\/dav-13\/'><img loading=\"lazy\" decoding=\"async\" width=\"150\" height=\"150\" src=\"https:\/\/www.kktavastia.fi\/media\/sites\/2\/img_20171006_154748-150x150.jpg\" class=\"attachment-thumbnail size-thumbnail\" alt=\"\" \/><\/a>\n\t\t\t<\/div><\/figure><figure class='gallery-item'>\n\t\t\t<div class='gallery-icon landscape'>\n\t\t\t\t<a href='https:\/\/www.kktavastia.fi\/ammattiopisto\/2017\/10\/10\/kansainvalinen-yrittajyyskoulutus-ammattiopiston-opiskelijat-mukana\/dav-18\/'><img loading=\"lazy\" decoding=\"async\" width=\"150\" height=\"150\" src=\"https:\/\/www.kktavastia.fi\/media\/sites\/2\/img_20171006_132123-150x150.jpg\" class=\"attachment-thumbnail size-thumbnail\" alt=\"\" aria-describedby=\"gallery-1-2452\" \/><\/a>\n\t\t\t<\/div>\n\t\t\t\t<figcaption class='wp-caption-text gallery-caption' id='gallery-1-2452'>\n\t\t\t\tRyhm\u00e4kuvaa edelt\u00e4v\u00e4 hetki, heti saapumisen j\u00e4lkeen.\n\t\t\t\t<\/figcaption><\/figure><figure class='gallery-item'>\n\t\t\t<div class='gallery-icon landscape'>\n\t\t\t\t<a href='https:\/\/www.kktavastia.fi\/ammattiopisto\/2017\/10\/10\/kansainvalinen-yrittajyyskoulutus-ammattiopiston-opiskelijat-mukana\/whatsapp-image-2017-10-06-at-14-00-08\/'><img loading=\"lazy\" decoding=\"async\" width=\"150\" height=\"150\" src=\"https:\/\/www.kktavastia.fi\/media\/sites\/2\/whatsapp-image-2017-10-06-at-14.00.08-150x150.jpeg\" class=\"attachment-thumbnail size-thumbnail\" alt=\"\" aria-describedby=\"gallery-1-2451\" \/><\/a>\n\t\t\t<\/div>\n\t\t\t\t<figcaption class='wp-caption-text gallery-caption' id='gallery-1-2451'>\n\t\t\t\tRyhm\u00e4 koossa.\n\t\t\t\t<\/figcaption><\/figure><figure class='gallery-item'>\n\t\t\t<div class='gallery-icon landscape'>\n\t\t\t\t<a href='https:\/\/www.kktavastia.fi\/ammattiopisto\/2017\/10\/10\/kansainvalinen-yrittajyyskoulutus-ammattiopiston-opiskelijat-mukana\/sdr-3\/'><img loading=\"lazy\" decoding=\"async\" width=\"150\" height=\"150\" src=\"https:\/\/www.kktavastia.fi\/media\/sites\/2\/img_20171006_140032-150x150.jpg\" class=\"attachment-thumbnail size-thumbnail\" alt=\"\" aria-describedby=\"gallery-1-2453\" \/><\/a>\n\t\t\t<\/div>\n\t\t\t\t<figcaption class='wp-caption-text gallery-caption' id='gallery-1-2453'>\n\t\t\t\tTervetuloa ja aloitusinfo, puhuja:  Aljona Kantor.\n\t\t\t\t<\/figcaption><\/figure><figure class='gallery-item'>\n\t\t\t<div class='gallery-icon landscape'>\n\t\t\t\t<a href='https:\/\/www.kktavastia.fi\/ammattiopisto\/2017\/10\/10\/kansainvalinen-yrittajyyskoulutus-ammattiopiston-opiskelijat-mukana\/dav-19\/'><img loading=\"lazy\" decoding=\"async\" width=\"150\" height=\"150\" src=\"https:\/\/www.kktavastia.fi\/media\/sites\/2\/img_20171006_143010-150x150.jpg\" class=\"attachment-thumbnail size-thumbnail\" alt=\"\" aria-describedby=\"gallery-1-2454\" \/><\/a>\n\t\t\t<\/div>\n\t\t\t\t<figcaption class='wp-caption-text gallery-caption' id='gallery-1-2454'>\n\t\t\t\tTallinn School No. 21 \/ Tallinna XXI Kool, katettu sis\u00e4piha.\n\t\t\t\t<\/figcaption><\/figure><figure class='gallery-item'>\n\t\t\t<div class='gallery-icon landscape'>\n\t\t\t\t<a href='https:\/\/www.kktavastia.fi\/ammattiopisto\/2017\/10\/10\/kansainvalinen-yrittajyyskoulutus-ammattiopiston-opiskelijat-mukana\/sdr-4\/'><img loading=\"lazy\" decoding=\"async\" width=\"150\" height=\"150\" src=\"https:\/\/www.kktavastia.fi\/media\/sites\/2\/img_20171006_152051-150x150.jpg\" class=\"attachment-thumbnail size-thumbnail\" alt=\"\" aria-describedby=\"gallery-1-2455\" \/><\/a>\n\t\t\t<\/div>\n\t\t\t\t<figcaption class='wp-caption-text gallery-caption' id='gallery-1-2455'>\n\t\t\t\t152051 = Suomen opettajat koolla; Tuija Tiala, Marja-Riitta Tikkala, Jenni Korte, Juho Kallio, P\u00e4ivi Parkkonen, Eemeli Alanne (NY Suomi)\n\t\t\t\t<\/figcaption><\/figure><figure class='gallery-item'>\n\t\t\t<div class='gallery-icon landscape'>\n\t\t\t\t<a href='https:\/\/www.kktavastia.fi\/ammattiopisto\/2017\/10\/10\/kansainvalinen-yrittajyyskoulutus-ammattiopiston-opiskelijat-mukana\/dav-20\/'><img loading=\"lazy\" decoding=\"async\" width=\"150\" height=\"150\" src=\"https:\/\/www.kktavastia.fi\/media\/sites\/2\/img_20171006_152111-150x150.jpg\" class=\"attachment-thumbnail size-thumbnail\" alt=\"\" aria-describedby=\"gallery-1-2456\" \/><\/a>\n\t\t\t<\/div>\n\t\t\t\t<figcaption class='wp-caption-text gallery-caption' id='gallery-1-2456'>\n\t\t\t\tSuomen opettajat koolla: Ari Tornberg, Oskari Ropponen, Antti R\u00e4s\u00e4nen.\n\t\t\t\t<\/figcaption><\/figure><figure class='gallery-item'>\n\t\t\t<div class='gallery-icon landscape'>\n\t\t\t\t<a href='https:\/\/www.kktavastia.fi\/ammattiopisto\/2017\/10\/10\/kansainvalinen-yrittajyyskoulutus-ammattiopiston-opiskelijat-mukana\/sdr-2\/'><img loading=\"lazy\" decoding=\"async\" width=\"150\" height=\"150\" src=\"https:\/\/www.kktavastia.fi\/media\/sites\/2\/img_20171006_163351-150x150.jpg\" class=\"attachment-thumbnail size-thumbnail\" alt=\"\" aria-describedby=\"gallery-1-2444\" \/><\/a>\n\t\t\t<\/div>\n\t\t\t\t<figcaption class='wp-caption-text gallery-caption' id='gallery-1-2444'>\n\t\t\t\tEnsimm\u00e4isi\u00e4 harjoituksia tulop\u00e4iv\u00e4n\u00e4 ja &#8221;j\u00e4\u00e4n murtamista&#8221; tulossa tutustumistarkoituksessa.\n\t\t\t\t<\/figcaption><\/figure><figure class='gallery-item'>\n\t\t\t<div class='gallery-icon landscape'>\n\t\t\t\t<a href='https:\/\/www.kktavastia.fi\/ammattiopisto\/2017\/10\/10\/kansainvalinen-yrittajyyskoulutus-ammattiopiston-opiskelijat-mukana\/dav-14\/'><img loading=\"lazy\" decoding=\"async\" width=\"150\" height=\"150\" src=\"https:\/\/www.kktavastia.fi\/media\/sites\/2\/img_20171006_175825-150x150.jpg\" class=\"attachment-thumbnail size-thumbnail\" alt=\"\" aria-describedby=\"gallery-1-2445\" \/><\/a>\n\t\t\t<\/div>\n\t\t\t\t<figcaption class='wp-caption-text gallery-caption' id='gallery-1-2445'>\n\t\t\t\tSis\u00e4pihalla valmistautumassa ryhmien v\u00e4liseen haasteeseen jossa mm. tuoleja piti ker\u00e4t\u00e4 tietty m\u00e4\u00e4r\u00e4 per ryhm\u00e4 muilta ryhmilt\u00e4. Kaikki keinot olivat sallittuja&#8230;\n\t\t\t\t<\/figcaption><\/figure><figure class='gallery-item'>\n\t\t\t<div class='gallery-icon landscape'>\n\t\t\t\t<a href='https:\/\/www.kktavastia.fi\/ammattiopisto\/2017\/10\/10\/kansainvalinen-yrittajyyskoulutus-ammattiopiston-opiskelijat-mukana\/dav-15\/'><img loading=\"lazy\" decoding=\"async\" width=\"150\" height=\"150\" src=\"https:\/\/www.kktavastia.fi\/media\/sites\/2\/img_20171007_112759-150x150.jpg\" class=\"attachment-thumbnail size-thumbnail\" alt=\"\" aria-describedby=\"gallery-1-2446\" \/><\/a>\n\t\t\t<\/div>\n\t\t\t\t<figcaption class='wp-caption-text gallery-caption' id='gallery-1-2446'>\n\t\t\t\t&#8221;Market Place&#8221; peli opettajille, loistava toteutus ja tuodaan Suomeen nyt.\n\t\t\t\t<\/figcaption><\/figure><figure class='gallery-item'>\n\t\t\t<div class='gallery-icon landscape'>\n\t\t\t\t<a href='https:\/\/www.kktavastia.fi\/ammattiopisto\/2017\/10\/10\/kansainvalinen-yrittajyyskoulutus-ammattiopiston-opiskelijat-mukana\/dav-16\/'><img loading=\"lazy\" decoding=\"async\" width=\"150\" height=\"150\" src=\"https:\/\/www.kktavastia.fi\/media\/sites\/2\/img_20171007_190425-150x150.jpg\" class=\"attachment-thumbnail size-thumbnail\" alt=\"\" aria-describedby=\"gallery-1-2447\" \/><\/a>\n\t\t\t<\/div>\n\t\t\t\t<figcaption class='wp-caption-text gallery-caption' id='gallery-1-2447'>\n\t\t\t\tTallinn Open Air Museum \/ Kolu k\u00f5rts (http:\/\/evm.ee\/fin\/nayttely\/yksittaiset-kohteet\/kolu-kapakka) = Kolu Kapakka, kala\/kana painotteinen illallinen ja viihtyis\u00e4\u00e4 tekemist\u00e4 yhdess\u00e4.\n\t\t\t\t<\/figcaption><\/figure><figure class='gallery-item'>\n\t\t\t<div class='gallery-icon landscape'>\n\t\t\t\t<a href='https:\/\/www.kktavastia.fi\/ammattiopisto\/2017\/10\/10\/kansainvalinen-yrittajyyskoulutus-ammattiopiston-opiskelijat-mukana\/hdr\/'><img loading=\"lazy\" decoding=\"async\" width=\"150\" height=\"150\" src=\"https:\/\/www.kktavastia.fi\/media\/sites\/2\/img_20171008_091724-150x150.jpg\" class=\"attachment-thumbnail size-thumbnail\" alt=\"\" aria-describedby=\"gallery-1-2448\" \/><\/a>\n\t\t\t<\/div>\n\t\t\t\t<figcaption class='wp-caption-text gallery-caption' id='gallery-1-2448'>\n\t\t\t\tP\u00e4\u00e4t\u00f6sp\u00e4iv\u00e4n aamu, hetki ennen yritysideoiden esittely\u00e4.\n\t\t\t\t<\/figcaption><\/figure><figure class='gallery-item'>\n\t\t\t<div class='gallery-icon portrait'>\n\t\t\t\t<a href='https:\/\/www.kktavastia.fi\/ammattiopisto\/2017\/10\/10\/kansainvalinen-yrittajyyskoulutus-ammattiopiston-opiskelijat-mukana\/dav-17\/'><img loading=\"lazy\" decoding=\"async\" width=\"150\" height=\"150\" src=\"https:\/\/www.kktavastia.fi\/media\/sites\/2\/img_20171008_093154-150x150.jpg\" class=\"attachment-thumbnail size-thumbnail\" alt=\"\" aria-describedby=\"gallery-1-2449\" \/><\/a>\n\t\t\t<\/div>\n\t\t\t\t<figcaption class='wp-caption-text gallery-caption' id='gallery-1-2449'>\n\t\t\t\tOhjelma.\n\t\t\t\t<\/figcaption><\/figure>\n\t\t<\/div>\n\n<h3><strong>Central Baltic Enterprise without Borders \u2013 CBEwB<\/strong><\/h3>\n<p><strong>Faktat <\/strong><\/p>\n<ul>\n<li>Interreg hankekokonaisuuden alla =&gt; Interreg Central Baltic =&gt; CBEwB<\/li>\n<li>Toteutuu yhteisty\u00f6ss\u00e4 Junior Achievement (Nuori Yritt\u00e4jyys) organisaatioiden kanssa Ruotsista, Suomesta, Virosta ja Latviasta.<\/li>\n<li>3-vuotinen hanke, p\u00e4\u00e4ttyy kauteen 2017-2018<\/li>\n<\/ul>\n<p><a href=\"http:\/\/centralbaltic.eu\/\">http:\/\/centralbaltic.eu\/<br \/>\n<\/a><a href=\"https:\/\/www.facebook.com\/cbewb\">https:\/\/www.facebook.com\/cbewb<br \/>\n<\/a><a href=\"https:\/\/nuoriyrittajyys.fi\/en\/cbewb\/\">https:\/\/nuoriyrittajyys.fi\/en\/cbewb\/<\/a><\/p>\n<p>Ammattiopisto Tavastian liiketalouden osasto sai NY Vuosi Yritt\u00e4j\u00e4n\u00e4 -ohjelmalta kutsun talvella 2017 osallistua lukuvuoden kest\u00e4v\u00e4\u00e4n, kansainv\u00e4liseen yritt\u00e4jyyskoulutukseen. Syksyll\u00e4 2017 liiketalouden perustutkintoa toista vuottaan opiskelevat nuoret l\u00e4hettiv\u00e4t englanninkieliset hakemuksensa videoiden kera ja 3 opiskelijaa valittiin l\u00e4htem\u00e4\u00e4n toteutukseen.<\/p>\n<p>CBEwB toteutus l\u00e4hti k\u00e4yntiin 6.-8.10.2017 \u201dKickOff Conference\u201d-tapahtumalla Tallinnan XXI Kool -koululla, jossa noin 100 nuorta Suomesta, Ruotsista, Virosta ja Latviasta tapasivat ensimm\u00e4isen kerran. Saapuminen busseilla koululle, lyhyt piipahdus ilmoittautumisessa ja kun kaikki olivat kokoontuneet saliin, alkoi tapahtua.<\/p>\n<p>Ja nopeasti. Klo 14 aloitus, klo 14:10 alkusanat puhuttu ja klo 14:30 menness\u00e4 koko alkaneen lukuvuoden v\u00e4livaiheet yms. kuvailtu. T\u00e4m\u00e4n j\u00e4lkeen nuoria vietiin \u2013 he tekiv\u00e4t niin erilaisia fysiikkaa, p\u00e4\u00e4ttelykyky\u00e4, heitt\u00e4ytymist\u00e4 ja uskallusta jne. vaativia teht\u00e4vi\u00e4 satunnaisiin kokoonpanoihin viskatuissa monikansallisissa ryhmiss\u00e4. Kaikkiaan erilaiset tutustumiset ja lyhyin\u00e4 pidetyt keynote-puheenvuorot tuottivat tulosta, reilu vuorokausi tutustumisesta ensimm\u00e4iset monikansalliset yritykset saivat alkunsa nuorten ehditty\u00e4 tutustua toisiinsa ja saavutettua silminn\u00e4hden v\u00e4litt\u00f6m\u00e4t v\u00e4lit kesken\u00e4\u00e4n. Iltoihin j\u00e4rjestetyt reissut mm. Tallinn Open Air Museumin alueelle ja keskustan Megazoneen tuottivat tarpeellisen lepohetken intensiivisiin p\u00e4iviin, yhdist\u00e4en siten nuoria lis\u00e4\u00e4.<\/p>\n<p>P\u00e4\u00e4t\u00f6sp\u00e4iv\u00e4\u00e4n menness\u00e4 oli laadittu suunnitelmia myynnist\u00e4 ja markkinoinnista osallistujien kotimaihin, yhteydenpidosta, talousasioista, laadittu perustamisasiakirjoja ja ennen kaikkea, kommunikoitu kaikille vieraalla kielell\u00e4 liki 3 vuorokautta.<\/p>\n<p>Nyt on ensimm\u00e4inen yhteens\u00e4 kuudesta monikansallisesta tapaamisesta takana, seuraavaksi muutama viikko maiden rajat ylitt\u00e4v\u00e4\u00e4 ty\u00f6skentely\u00e4 NY-yrityksiss\u00e4 ja marraskuussa tavataan j\u00e4lleen koko porukalla \u2013 Helsingiss\u00e4.<\/p>\n<h5>Teksti: Markku Rinne, opettaja<\/h5>\n<h5>Kuvat:<br \/>\nMarkku Rinne, opettaja Ammattiopisto Tavastia<br \/>\nEemeli Alanne, NY Vuosi Yritt\u00e4j\u00e4n\u00e4<\/h5>\n","protected":false},"excerpt":{"rendered":"<p>Central Baltic Enterprise without Borders \u2013 CBEwB Faktat Interreg hankekokonaisuuden alla =&gt; Interreg Central Baltic =&gt; CBEwB Toteutuu yhteisty\u00f6ss\u00e4 Junior [&hellip;]<\/p>\n","protected":false},"author":14,"featured_media":2451,"comment_status":"closed","ping_status":"closed","sticky":false,"template":"","format":"standard","meta":{"_acf_changed":false,"_relevanssi_hide_post":"","_relevanssi_hide_content":"","_relevanssi_pin_for_all":"","_relevanssi_pin_keywords":"","_relevanssi_unpin_keywords":"","_relevanssi_related_keywords":"","_relevanssi_related_include_ids":"","_relevanssi_related_exclude_ids":"","_relevanssi_related_no_append":"","_relevanssi_related_not_related":"","_relevanssi_related_posts":"","_relevanssi_noindex_reason":"","footnotes":""},"categories":[1],"tags":[],"class_list":["post-2442","post","type-post","status-publish","format-standard","has-post-thumbnail","hentry","category-yleinen"],"acf":[],"yoast_head":"<title>Kansainv\u00e4linen yritt\u00e4jyyskoulutus - Ammattiopiston opiskelijat mukana - Ammattiopisto Tavastia<\/title>\n<meta name=\"robots\" content=\"index, follow, max-snippet:-1, max-image-preview:large, max-video-preview:-1\" \/>\n<link rel=\"canonical\" href=\"https:\/\/www.kktavastia.fi\/ammattiopisto\/2017\/10\/10\/kansainvalinen-yrittajyyskoulutus-ammattiopiston-opiskelijat-mukana\/\" \/>\n<meta property=\"og:locale\" content=\"fi_FI\" \/>\n<meta property=\"og:type\" content=\"article\" \/>\n<meta property=\"og:title\" content=\"Kansainv\u00e4linen yritt\u00e4jyyskoulutus - Ammattiopiston opiskelijat mukana - Ammattiopisto Tavastia\" \/>\n<meta property=\"og:description\" content=\"Central Baltic Enterprise without Borders \u2013 CBEwB Faktat Interreg hankekokonaisuuden alla =&gt; Interreg Central Baltic =&gt; CBEwB Toteutuu yhteisty\u00f6ss\u00e4 Junior [&hellip;]\" \/>\n<meta property=\"og:url\" content=\"https:\/\/www.kktavastia.fi\/ammattiopisto\/2017\/10\/10\/kansainvalinen-yrittajyyskoulutus-ammattiopiston-opiskelijat-mukana\/\" \/>\n<meta property=\"og:site_name\" content=\"Ammattiopisto Tavastia\" \/>\n<meta property=\"article:published_time\" content=\"2017-10-10T11:36:55+00:00\" \/>\n<meta property=\"og:image\" content=\"https:\/\/www.kktavastia.fi\/media\/sites\/2\/whatsapp-image-2017-10-06-at-14.00.08.jpeg\" \/>\n\t<meta property=\"og:image:width\" content=\"1600\" \/>\n\t<meta property=\"og:image:height\" content=\"1391\" \/>\n\t<meta property=\"og:image:type\" content=\"image\/jpeg\" \/>\n<meta name=\"author\" content=\"Outi Ruohela\" \/>\n<meta name=\"twitter:card\" content=\"summary_large_image\" \/>\n<script type=\"application\/ld+json\" class=\"yoast-schema-graph\">{\"@context\":\"https:\\\/\\\/schema.org\",\"@graph\":[{\"@type\":\"Article\",\"@id\":\"https:\\\/\\\/www.kktavastia.fi\\\/ammattiopisto\\\/2017\\\/10\\\/10\\\/kansainvalinen-yrittajyyskoulutus-ammattiopiston-opiskelijat-mukana\\\/#article\",\"isPartOf\":{\"@id\":\"https:\\\/\\\/www.kktavastia.fi\\\/ammattiopisto\\\/2017\\\/10\\\/10\\\/kansainvalinen-yrittajyyskoulutus-ammattiopiston-opiskelijat-mukana\\\/\"},\"author\":{\"name\":\"Outi Ruohela\",\"@id\":\"https:\\\/\\\/www.kktavastia.fi\\\/ammattiopisto\\\/#\\\/schema\\\/person\\\/68a0de11bcf6807c61ba2f6ad45cb745\"},\"headline\":\"Kansainv\u00e4linen yritt\u00e4jyyskoulutus &#8211; Ammattiopiston opiskelijat mukana\",\"datePublished\":\"2017-10-10T11:36:55+00:00\",\"mainEntityOfPage\":{\"@id\":\"https:\\\/\\\/www.kktavastia.fi\\\/ammattiopisto\\\/2017\\\/10\\\/10\\\/kansainvalinen-yrittajyyskoulutus-ammattiopiston-opiskelijat-mukana\\\/\"},\"wordCount\":318,\"image\":{\"@id\":\"https:\\\/\\\/www.kktavastia.fi\\\/ammattiopisto\\\/2017\\\/10\\\/10\\\/kansainvalinen-yrittajyyskoulutus-ammattiopiston-opiskelijat-mukana\\\/#primaryimage\"},\"thumbnailUrl\":\"https:\\\/\\\/www.kktavastia.fi\\\/media\\\/sites\\\/2\\\/whatsapp-image-2017-10-06-at-14.00.08.jpeg\",\"inLanguage\":\"fi\"},{\"@type\":\"WebPage\",\"@id\":\"https:\\\/\\\/www.kktavastia.fi\\\/ammattiopisto\\\/2017\\\/10\\\/10\\\/kansainvalinen-yrittajyyskoulutus-ammattiopiston-opiskelijat-mukana\\\/\",\"url\":\"https:\\\/\\\/www.kktavastia.fi\\\/ammattiopisto\\\/2017\\\/10\\\/10\\\/kansainvalinen-yrittajyyskoulutus-ammattiopiston-opiskelijat-mukana\\\/\",\"name\":\"Kansainv\u00e4linen yritt\u00e4jyyskoulutus - Ammattiopiston opiskelijat mukana - Ammattiopisto Tavastia\",\"isPartOf\":{\"@id\":\"https:\\\/\\\/www.kktavastia.fi\\\/ammattiopisto\\\/#website\"},\"primaryImageOfPage\":{\"@id\":\"https:\\\/\\\/www.kktavastia.fi\\\/ammattiopisto\\\/2017\\\/10\\\/10\\\/kansainvalinen-yrittajyyskoulutus-ammattiopiston-opiskelijat-mukana\\\/#primaryimage\"},\"image\":{\"@id\":\"https:\\\/\\\/www.kktavastia.fi\\\/ammattiopisto\\\/2017\\\/10\\\/10\\\/kansainvalinen-yrittajyyskoulutus-ammattiopiston-opiskelijat-mukana\\\/#primaryimage\"},\"thumbnailUrl\":\"https:\\\/\\\/www.kktavastia.fi\\\/media\\\/sites\\\/2\\\/whatsapp-image-2017-10-06-at-14.00.08.jpeg\",\"datePublished\":\"2017-10-10T11:36:55+00:00\",\"author\":{\"@id\":\"https:\\\/\\\/www.kktavastia.fi\\\/ammattiopisto\\\/#\\\/schema\\\/person\\\/68a0de11bcf6807c61ba2f6ad45cb745\"},\"breadcrumb\":{\"@id\":\"https:\\\/\\\/www.kktavastia.fi\\\/ammattiopisto\\\/2017\\\/10\\\/10\\\/kansainvalinen-yrittajyyskoulutus-ammattiopiston-opiskelijat-mukana\\\/#breadcrumb\"},\"inLanguage\":\"fi\",\"potentialAction\":[{\"@type\":\"ReadAction\",\"target\":[\"https:\\\/\\\/www.kktavastia.fi\\\/ammattiopisto\\\/2017\\\/10\\\/10\\\/kansainvalinen-yrittajyyskoulutus-ammattiopiston-opiskelijat-mukana\\\/\"]}]},{\"@type\":\"ImageObject\",\"inLanguage\":\"fi\",\"@id\":\"https:\\\/\\\/www.kktavastia.fi\\\/ammattiopisto\\\/2017\\\/10\\\/10\\\/kansainvalinen-yrittajyyskoulutus-ammattiopiston-opiskelijat-mukana\\\/#primaryimage\",\"url\":\"https:\\\/\\\/www.kktavastia.fi\\\/media\\\/sites\\\/2\\\/whatsapp-image-2017-10-06-at-14.00.08.jpeg\",\"contentUrl\":\"https:\\\/\\\/www.kktavastia.fi\\\/media\\\/sites\\\/2\\\/whatsapp-image-2017-10-06-at-14.00.08.jpeg\",\"width\":1600,\"height\":1391,\"caption\":\"Ryhm\u00e4 koossa.\"},{\"@type\":\"BreadcrumbList\",\"@id\":\"https:\\\/\\\/www.kktavastia.fi\\\/ammattiopisto\\\/2017\\\/10\\\/10\\\/kansainvalinen-yrittajyyskoulutus-ammattiopiston-opiskelijat-mukana\\\/#breadcrumb\",\"itemListElement\":[{\"@type\":\"ListItem\",\"position\":1,\"name\":\"Home\",\"item\":\"https:\\\/\\\/www.kktavastia.fi\\\/ammattiopisto\\\/\"},{\"@type\":\"ListItem\",\"position\":2,\"name\":\"Kansainv\u00e4linen yritt\u00e4jyyskoulutus &#8211; Ammattiopiston opiskelijat mukana\"}]},{\"@type\":\"WebSite\",\"@id\":\"https:\\\/\\\/www.kktavastia.fi\\\/ammattiopisto\\\/#website\",\"url\":\"https:\\\/\\\/www.kktavastia.fi\\\/ammattiopisto\\\/\",\"name\":\"Ammattiopisto Tavastia\",\"description\":\"\",\"potentialAction\":[{\"@type\":\"SearchAction\",\"target\":{\"@type\":\"EntryPoint\",\"urlTemplate\":\"https:\\\/\\\/www.kktavastia.fi\\\/ammattiopisto\\\/?s={search_term_string}\"},\"query-input\":{\"@type\":\"PropertyValueSpecification\",\"valueRequired\":true,\"valueName\":\"search_term_string\"}}],\"inLanguage\":\"fi\"},{\"@type\":\"Person\",\"@id\":\"https:\\\/\\\/www.kktavastia.fi\\\/ammattiopisto\\\/#\\\/schema\\\/person\\\/68a0de11bcf6807c61ba2f6ad45cb745\",\"name\":\"Outi Ruohela\",\"image\":{\"@type\":\"ImageObject\",\"inLanguage\":\"fi\",\"@id\":\"https:\\\/\\\/secure.gravatar.com\\\/avatar\\\/ce424d158e08bec42b1b156b6e605564461a483003b32e6d17f03d992cdd1c80?s=96&d=mm&r=g\",\"url\":\"https:\\\/\\\/secure.gravatar.com\\\/avatar\\\/ce424d158e08bec42b1b156b6e605564461a483003b32e6d17f03d992cdd1c80?s=96&d=mm&r=g\",\"contentUrl\":\"https:\\\/\\\/secure.gravatar.com\\\/avatar\\\/ce424d158e08bec42b1b156b6e605564461a483003b32e6d17f03d992cdd1c80?s=96&d=mm&r=g\",\"caption\":\"Outi Ruohela\"},\"url\":\"https:\\\/\\\/www.kktavastia.fi\\\/ammattiopisto\\\/author\\\/outi-ruohelakktavastia-fi\\\/\"}]}<\/script>","yoast_head_json":{"title":"Kansainv\u00e4linen yritt\u00e4jyyskoulutus - Ammattiopiston opiskelijat mukana - Ammattiopisto Tavastia","robots":{"index":"index","follow":"follow","max-snippet":"max-snippet:-1","max-image-preview":"max-image-preview:large","max-video-preview":"max-video-preview:-1"},"canonical":"https:\/\/www.kktavastia.fi\/ammattiopisto\/2017\/10\/10\/kansainvalinen-yrittajyyskoulutus-ammattiopiston-opiskelijat-mukana\/","og_locale":"fi_FI","og_type":"article","og_title":"Kansainv\u00e4linen yritt\u00e4jyyskoulutus - Ammattiopiston opiskelijat mukana - Ammattiopisto Tavastia","og_description":"Central Baltic Enterprise without Borders \u2013 CBEwB Faktat Interreg hankekokonaisuuden alla =&gt; Interreg Central Baltic =&gt; CBEwB Toteutuu yhteisty\u00f6ss\u00e4 Junior [&hellip;]","og_url":"https:\/\/www.kktavastia.fi\/ammattiopisto\/2017\/10\/10\/kansainvalinen-yrittajyyskoulutus-ammattiopiston-opiskelijat-mukana\/","og_site_name":"Ammattiopisto Tavastia","article_published_time":"2017-10-10T11:36:55+00:00","og_image":[{"width":1600,"height":1391,"url":"https:\/\/www.kktavastia.fi\/media\/sites\/2\/whatsapp-image-2017-10-06-at-14.00.08.jpeg","type":"image\/jpeg"}],"author":"Outi Ruohela","twitter_card":"summary_large_image","schema":{"@context":"https:\/\/schema.org","@graph":[{"@type":"Article","@id":"https:\/\/www.kktavastia.fi\/ammattiopisto\/2017\/10\/10\/kansainvalinen-yrittajyyskoulutus-ammattiopiston-opiskelijat-mukana\/#article","isPartOf":{"@id":"https:\/\/www.kktavastia.fi\/ammattiopisto\/2017\/10\/10\/kansainvalinen-yrittajyyskoulutus-ammattiopiston-opiskelijat-mukana\/"},"author":{"name":"Outi Ruohela","@id":"https:\/\/www.kktavastia.fi\/ammattiopisto\/#\/schema\/person\/68a0de11bcf6807c61ba2f6ad45cb745"},"headline":"Kansainv\u00e4linen yritt\u00e4jyyskoulutus &#8211; Ammattiopiston opiskelijat mukana","datePublished":"2017-10-10T11:36:55+00:00","mainEntityOfPage":{"@id":"https:\/\/www.kktavastia.fi\/ammattiopisto\/2017\/10\/10\/kansainvalinen-yrittajyyskoulutus-ammattiopiston-opiskelijat-mukana\/"},"wordCount":318,"image":{"@id":"https:\/\/www.kktavastia.fi\/ammattiopisto\/2017\/10\/10\/kansainvalinen-yrittajyyskoulutus-ammattiopiston-opiskelijat-mukana\/#primaryimage"},"thumbnailUrl":"https:\/\/www.kktavastia.fi\/media\/sites\/2\/whatsapp-image-2017-10-06-at-14.00.08.jpeg","inLanguage":"fi"},{"@type":"WebPage","@id":"https:\/\/www.kktavastia.fi\/ammattiopisto\/2017\/10\/10\/kansainvalinen-yrittajyyskoulutus-ammattiopiston-opiskelijat-mukana\/","url":"https:\/\/www.kktavastia.fi\/ammattiopisto\/2017\/10\/10\/kansainvalinen-yrittajyyskoulutus-ammattiopiston-opiskelijat-mukana\/","name":"Kansainv\u00e4linen yritt\u00e4jyyskoulutus - Ammattiopiston opiskelijat mukana - Ammattiopisto Tavastia","isPartOf":{"@id":"https:\/\/www.kktavastia.fi\/ammattiopisto\/#website"},"primaryImageOfPage":{"@id":"https:\/\/www.kktavastia.fi\/ammattiopisto\/2017\/10\/10\/kansainvalinen-yrittajyyskoulutus-ammattiopiston-opiskelijat-mukana\/#primaryimage"},"image":{"@id":"https:\/\/www.kktavastia.fi\/ammattiopisto\/2017\/10\/10\/kansainvalinen-yrittajyyskoulutus-ammattiopiston-opiskelijat-mukana\/#primaryimage"},"thumbnailUrl":"https:\/\/www.kktavastia.fi\/media\/sites\/2\/whatsapp-image-2017-10-06-at-14.00.08.jpeg","datePublished":"2017-10-10T11:36:55+00:00","author":{"@id":"https:\/\/www.kktavastia.fi\/ammattiopisto\/#\/schema\/person\/68a0de11bcf6807c61ba2f6ad45cb745"},"breadcrumb":{"@id":"https:\/\/www.kktavastia.fi\/ammattiopisto\/2017\/10\/10\/kansainvalinen-yrittajyyskoulutus-ammattiopiston-opiskelijat-mukana\/#breadcrumb"},"inLanguage":"fi","potentialAction":[{"@type":"ReadAction","target":["https:\/\/www.kktavastia.fi\/ammattiopisto\/2017\/10\/10\/kansainvalinen-yrittajyyskoulutus-ammattiopiston-opiskelijat-mukana\/"]}]},{"@type":"ImageObject","inLanguage":"fi","@id":"https:\/\/www.kktavastia.fi\/ammattiopisto\/2017\/10\/10\/kansainvalinen-yrittajyyskoulutus-ammattiopiston-opiskelijat-mukana\/#primaryimage","url":"https:\/\/www.kktavastia.fi\/media\/sites\/2\/whatsapp-image-2017-10-06-at-14.00.08.jpeg","contentUrl":"https:\/\/www.kktavastia.fi\/media\/sites\/2\/whatsapp-image-2017-10-06-at-14.00.08.jpeg","width":1600,"height":1391,"caption":"Ryhm\u00e4 koossa."},{"@type":"BreadcrumbList","@id":"https:\/\/www.kktavastia.fi\/ammattiopisto\/2017\/10\/10\/kansainvalinen-yrittajyyskoulutus-ammattiopiston-opiskelijat-mukana\/#breadcrumb","itemListElement":[{"@type":"ListItem","position":1,"name":"Home","item":"https:\/\/www.kktavastia.fi\/ammattiopisto\/"},{"@type":"ListItem","position":2,"name":"Kansainv\u00e4linen yritt\u00e4jyyskoulutus &#8211; Ammattiopiston opiskelijat mukana"}]},{"@type":"WebSite","@id":"https:\/\/www.kktavastia.fi\/ammattiopisto\/#website","url":"https:\/\/www.kktavastia.fi\/ammattiopisto\/","name":"Ammattiopisto Tavastia","description":"","potentialAction":[{"@type":"SearchAction","target":{"@type":"EntryPoint","urlTemplate":"https:\/\/www.kktavastia.fi\/ammattiopisto\/?s={search_term_string}"},"query-input":{"@type":"PropertyValueSpecification","valueRequired":true,"valueName":"search_term_string"}}],"inLanguage":"fi"},{"@type":"Person","@id":"https:\/\/www.kktavastia.fi\/ammattiopisto\/#\/schema\/person\/68a0de11bcf6807c61ba2f6ad45cb745","name":"Outi Ruohela","image":{"@type":"ImageObject","inLanguage":"fi","@id":"https:\/\/secure.gravatar.com\/avatar\/ce424d158e08bec42b1b156b6e605564461a483003b32e6d17f03d992cdd1c80?s=96&d=mm&r=g","url":"https:\/\/secure.gravatar.com\/avatar\/ce424d158e08bec42b1b156b6e605564461a483003b32e6d17f03d992cdd1c80?s=96&d=mm&r=g","contentUrl":"https:\/\/secure.gravatar.com\/avatar\/ce424d158e08bec42b1b156b6e605564461a483003b32e6d17f03d992cdd1c80?s=96&d=mm&r=g","caption":"Outi Ruohela"},"url":"https:\/\/www.kktavastia.fi\/ammattiopisto\/author\/outi-ruohelakktavastia-fi\/"}]}},"_links":{"self":[{"href":"https:\/\/www.kktavastia.fi\/ammattiopisto\/wp-json\/wp\/v2\/posts\/2442","targetHints":{"allow":["GET"]}}],"collection":[{"href":"https:\/\/www.kktavastia.fi\/ammattiopisto\/wp-json\/wp\/v2\/posts"}],"about":[{"href":"https:\/\/www.kktavastia.fi\/ammattiopisto\/wp-json\/wp\/v2\/types\/post"}],"author":[{"embeddable":true,"href":"https:\/\/www.kktavastia.fi\/ammattiopisto\/wp-json\/wp\/v2\/users\/14"}],"replies":[{"embeddable":true,"href":"https:\/\/www.kktavastia.fi\/ammattiopisto\/wp-json\/wp\/v2\/comments?post=2442"}],"version-history":[{"count":0,"href":"https:\/\/www.kktavastia.fi\/ammattiopisto\/wp-json\/wp\/v2\/posts\/2442\/revisions"}],"wp:featuredmedia":[{"embeddable":true,"href":"https:\/\/www.kktavastia.fi\/ammattiopisto\/wp-json\/wp\/v2\/media\/2451"}],"wp:attachment":[{"href":"https:\/\/www.kktavastia.fi\/ammattiopisto\/wp-json\/wp\/v2\/media?parent=2442"}],"wp:term":[{"taxonomy":"category","embeddable":true,"href":"https:\/\/www.kktavastia.fi\/ammattiopisto\/wp-json\/wp\/v2\/categories?post=2442"},{"taxonomy":"post_tag","embeddable":true,"href":"https:\/\/www.kktavastia.fi\/ammattiopisto\/wp-json\/wp\/v2\/tags?post=2442"}],"curies":[{"name":"wp","href":"https:\/\/api.w.org\/{rel}","templated":true}]}}