{"id":23076,"date":"2024-01-17T13:11:14","date_gmt":"2024-01-17T11:11:14","guid":{"rendered":"https:\/\/www.kktavastia.fi\/ammattiopisto\/?p=23076"},"modified":"2024-01-17T13:11:14","modified_gmt":"2024-01-17T11:11:14","slug":"oppisopimuksella-tyoelamaan","status":"publish","type":"post","link":"https:\/\/www.kktavastia.fi\/ammattiopisto\/2024\/01\/17\/oppisopimuksella-tyoelamaan\/","title":{"rendered":"Oppisopimuksella ty\u00f6el\u00e4m\u00e4\u00e4n"},"content":{"rendered":"\n<p class=\"is-style-ingress\">Kalle-Valtteri Aaltonen suoritti osan ajoneuvoalan opinnoistaan oppisopimuksella ja ty\u00f6llistyi lopulta sen ansiosta Patrialle. H\u00e4nen mielest\u00e4\u00e4n oppisopimuskoulutus on hyv\u00e4 opiskelutapa ja sopii erityisesti niille, jotka ovat innokkaita tekem\u00e4\u00e4n ja oppivat parhaiten ty\u00f6n kautta.<\/p>\n\n\n<div class=\"wp-block-image\">\n<figure class=\"aligncenter size-large is-resized\"><img loading=\"lazy\" decoding=\"async\" width=\"1024\" height=\"682\" src=\"https:\/\/www.kktavastia.fi\/media\/sites\/2\/kalle-valtteri-aaltonen-ja-petteri-brusin-rajattu-1024x682.png\" alt=\"\" class=\"wp-image-23077\" style=\"width:894px;height:auto\" srcset=\"https:\/\/www.kktavastia.fi\/media\/sites\/2\/kalle-valtteri-aaltonen-ja-petteri-brusin-rajattu-1024x682.png 1024w, https:\/\/www.kktavastia.fi\/media\/sites\/2\/kalle-valtteri-aaltonen-ja-petteri-brusin-rajattu-300x200.png 300w, https:\/\/www.kktavastia.fi\/media\/sites\/2\/kalle-valtteri-aaltonen-ja-petteri-brusin-rajattu-768x512.png 768w, https:\/\/www.kktavastia.fi\/media\/sites\/2\/kalle-valtteri-aaltonen-ja-petteri-brusin-rajattu-1536x1024.png 1536w, https:\/\/www.kktavastia.fi\/media\/sites\/2\/kalle-valtteri-aaltonen-ja-petteri-brusin-rajattu-460x307.png 460w, https:\/\/www.kktavastia.fi\/media\/sites\/2\/kalle-valtteri-aaltonen-ja-petteri-brusin-rajattu-20x13.png 20w, https:\/\/www.kktavastia.fi\/media\/sites\/2\/kalle-valtteri-aaltonen-ja-petteri-brusin-rajattu.png 1703w\" sizes=\"auto, (max-width: 1024px) 100vw, 1024px\" \/><figcaption class=\"wp-element-caption\"><em>Petteri Brusin (vas.) ja Kalle-Valtteri Aaltonen.<\/em><\/figcaption><\/figure>\n<\/div>\n\n\n<p><strong>Koulun penkilt\u00e4 oppisopimusopiskelijaksi<\/strong><\/p>\n\n\n\n<p>Kalle-Valtteri Aaltosen urapolku on ollut monivaiheinen, sill\u00e4 h\u00e4nell\u00e4 on takanaan kahden eri alan opintoja. Aaltonen opiskeli aluksi kolmen vuoden ajan elintarvikealalla ja valmistui leipuri-kondiittoriksi. Opintojen j\u00e4lkeen h\u00e4n suoritti asepalveluksen, mink\u00e4 j\u00e4lkeen koitti aika pohtia uudelleen uravaihtoehtoja.<\/p>\n\n\n\n<p>Asepalveluksen j\u00e4lkeen Aaltonen hakeutui Ammattiopisto Tavastiaan opiskelemaan ajoneuvoalaa. Aluksi h\u00e4n opiskeli l\u00e4hiopetuksessa ammattiopistossa, mutta kahden vuoden opiskelun j\u00e4lkeen h\u00e4nelle avautui tilaisuus oppisopimuskoulutukseen.<\/p>\n\n\n\n<p>\u2013 Olin koululla ja er\u00e4\u00e4n\u00e4 p\u00e4iv\u00e4n\u00e4 opettajani kertoi mahdollisuudesta p\u00e4\u00e4st\u00e4 Patrialle oppisopimuksella. Sanoin olevani kiinnostunut, ja v\u00e4h\u00e4n ajan kuluttua meninkin jo haastatteluun. Sen j\u00e4lkeen oli viel\u00e4 selvittelyj\u00e4, mutta lopulta p\u00e4\u00e4sin Patrialle t\u00f6ihin, Aaltonen kertoo.<\/p>\n\n\n\n<p>Aaltonen suoritti tutkintonsa loppuun oppisopimuskoulutuksessa. Siin\u00e4 opiskelija opiskelee ammattiin ty\u00f6paikalla ty\u00f6t\u00e4 tekem\u00e4ll\u00e4. Ty\u00f6paikalla on ty\u00f6paikkaohjaaja, joka opastaa ty\u00f6teht\u00e4viss\u00e4 ja tekee yhteisty\u00f6t\u00e4 koulun kanssa. Opiskelija tekee samoja ty\u00f6teht\u00e4vi\u00e4 kuin muutkin ty\u00f6ntekij\u00e4t ja saa ty\u00f6ehtosopimuksen mukaista palkkaa. Koulutuksen j\u00e4lkeen ty\u00f6ntekij\u00e4ll\u00e4 on ammattip\u00e4tevyyden lis\u00e4ksi konkreettista kokemusta alansa ty\u00f6teht\u00e4vist\u00e4, ja usein oppisopimuskoulutus avaa my\u00f6s v\u00e4yl\u00e4n ty\u00f6el\u00e4m\u00e4\u00e4n.<\/p>\n\n\n\n<p><strong>Ty\u00f6t\u00e4 oppii tekem\u00e4ll\u00e4 &nbsp;<\/strong><\/p>\n\n\n\n<p>Aaltosen kanssa samaan aikaan Patrialla aloitti useampi oppisopimusopiskelija. H\u00e4nen ohjaajanaan toimi <strong>Petteri Brusin<\/strong>, jonka ohjauksessa oli samanaikaisesti kolme opiskelijaa. Uudet tulokkaat saivat heti alkuun huolellisen perehdytyksen ty\u00f6h\u00f6n.<\/p>\n\n\n\n<p>\u2013 Perehdyt\u00e4mme uudet ty\u00f6ntekij\u00e4t aina kunnolla ja neuvomme heit\u00e4 alusta alkaen. My\u00f6s ty\u00f6turvallisuuteen panostetaan paljon, ja ty\u00f6t\u00e4 tehd\u00e4\u00e4nkin aina turvallisuus edell\u00e4, Brusin kertoo.<\/p>\n\n\n\n<p>Aluksi Aaltonen kiersi muiden opiskelijoiden tavoin eri ty\u00f6pisteill\u00e4, jotta erilaiset ty\u00f6vaiheet ja ty\u00f6teht\u00e4v\u00e4t tulivat tutuiksi. Kahden kuukauden j\u00e4lkeen opiskelijat ohjattiin omiin ty\u00f6pisteisiin, ja Aaltonen sijoittui akselipisteelle. Siell\u00e4 h\u00e4n vietti noin kaksi kuukautta, mink\u00e4 j\u00e4lkeen h\u00e4n siirtyi nykyiseen teht\u00e4v\u00e4\u00e4ns\u00e4 moottoriesikokoonpanopisteelle, jossa h\u00e4n huoltaa ja korjaa erilaisia moottoreiden irto-osia.<\/p>\n\n\n\n<p>Ty\u00f6kaverit ottivat Aaltosen hyvin vastaan, ja Aaltonen huomasikin nopeasti viihtyv\u00e4ns\u00e4 Patrialla ja olevansa osa ty\u00f6porukkaa. Apua sai aina, kun sit\u00e4 tarvitsi.<\/p>\n\n\n\n<p>\u2013 T\u00e4nne sopeutui todella nopeasti, ja esihenkil\u00f6t ja ty\u00f6kaverit ovat olleet todella mukavia, Aaltonen sanoo.<\/p>\n\n\n\n<p>Oppisopimuskoulutuksen aloittamisen my\u00f6t\u00e4 Aaltosen opinnot muuttuivat ty\u00f6el\u00e4m\u00e4l\u00e4ht\u00f6isemmiksi. Aaltonen teki muiden ty\u00f6ntekij\u00f6iden tavoin kahdeksan tunnin ty\u00f6p\u00e4ivi\u00e4, ja perehdytyksen j\u00e4lkeen h\u00e4n ty\u00f6skenteli itsen\u00e4isesti. Opiskelu tapahtui suurimmaksi osaksi ty\u00f6paikalla, ja koululla tarvitsi k\u00e4yd\u00e4 hoitamassa en\u00e4\u00e4 vain muutamia pakollisia asioita, kuten opintoihin liittyvi\u00e4 kokeita.<\/p>\n\n\n\n<p>Aaltonen koki opiskelutavan muutoksen positiiviseksi, sill\u00e4 h\u00e4n oppii asiat parhaiten tekem\u00e4ll\u00e4. Aaltonen ja Brusin ovatkin yht\u00e4 mielt\u00e4 siit\u00e4, ett\u00e4 oppisopimus sopii erityisesti opiskelijalle, joka on ahkera ja innokas tekem\u00e4\u00e4n t\u00f6it\u00e4 ja oppimaan uutta. Heid\u00e4n mielest\u00e4\u00e4n k\u00e4yt\u00e4nn\u00f6n ty\u00f6kokemus on t\u00e4rke\u00e4\u00e4, sill\u00e4 ty\u00f6n luonteen ymm\u00e4rt\u00e4\u00e4 usein parhaiten vasta itse tekem\u00e4ll\u00e4. Siksi jokaisessa koulutuksessa on t\u00e4rke\u00e4\u00e4 panostaa k\u00e4yt\u00e4nn\u00f6n osaamiseen.<\/p>\n\n\n\n<p><strong>Oma paikka l\u00f6ytyi<\/strong><\/p>\n\n\n<div class=\"wp-block-image\">\n<figure class=\"alignright size-large is-resized\"><img loading=\"lazy\" decoding=\"async\" width=\"1024\" height=\"683\" src=\"https:\/\/www.kktavastia.fi\/media\/sites\/2\/kalle-valtteri-aaltonen-1-1024x683.png\" alt=\"\" class=\"wp-image-23078\" style=\"width:449px;height:auto\" srcset=\"https:\/\/www.kktavastia.fi\/media\/sites\/2\/kalle-valtteri-aaltonen-1-1024x683.png 1024w, https:\/\/www.kktavastia.fi\/media\/sites\/2\/kalle-valtteri-aaltonen-1-300x200.png 300w, https:\/\/www.kktavastia.fi\/media\/sites\/2\/kalle-valtteri-aaltonen-1-768x512.png 768w, https:\/\/www.kktavastia.fi\/media\/sites\/2\/kalle-valtteri-aaltonen-1-1536x1024.png 1536w, https:\/\/www.kktavastia.fi\/media\/sites\/2\/kalle-valtteri-aaltonen-1-460x307.png 460w, https:\/\/www.kktavastia.fi\/media\/sites\/2\/kalle-valtteri-aaltonen-1-20x13.png 20w, https:\/\/www.kktavastia.fi\/media\/sites\/2\/kalle-valtteri-aaltonen-1.png 1795w\" sizes=\"auto, (max-width: 1024px) 100vw, 1024px\" \/><figcaption class=\"wp-element-caption\"><em>Kalle-Valtteri Aaltonen viihtyy ty\u00f6teht\u00e4viss\u00e4\u00e4n.<\/em><\/figcaption><\/figure>\n<\/div>\n\n\n<p>Aaltosen opiskelu palkittiin viimein, kun h\u00e4n sai suoritettua ajoneuvoalan perustutkinnon ja valmistui joulukuun lopussa. Opintojen p\u00e4\u00e4ttymisen j\u00e4lkeen h\u00e4nt\u00e4 onnisti, sill\u00e4 h\u00e4n sai suoraan vakituisen ty\u00f6paikan Patrialta. Nyt h\u00e4n jatkaakin ty\u00f6skentely\u00e4 samoissa teht\u00e4viss\u00e4 ja samalla ty\u00f6pisteell\u00e4.<\/p>\n\n\n\n<p>Ty\u00f6paikka on ollut Aaltoselle mieleinen, eik\u00e4 ty\u00f6tarjouksen vastaanottamista tarvinnut pohtia. H\u00e4n on viihtynyt niin hyvin, ett\u00e4 ty\u00f6paikan vaihtaminen ei ole k\u00e4ynyt mieless\u00e4.<\/p>\n\n\n\n<p><\/p>\n\n\n\n<p><\/p>\n\n\n\n<p><\/p>\n\n\n\n<p>\u2013 Voin sanoa rehellisesti, ett\u00e4 t\u00e4m\u00e4 on ollut minulle hyv\u00e4 paikka olla t\u00f6iss\u00e4. Tuntuu silt\u00e4, ett\u00e4 olen l\u00f6yt\u00e4nyt oman paikkani ja haluan j\u00e4\u00e4d\u00e4 t\u00e4nne.<\/p>\n\n\n\n<p>My\u00f6s Brusin on iloinen, ett\u00e4 Aaltonen on tullut j\u00e4\u00e4d\u00e4kseen. H\u00e4nest\u00e4 Aaltonen suoriutui opinnoistaan ja ty\u00f6teht\u00e4vist\u00e4\u00e4n erinomaisesti.<\/p>\n\n\n\n<p>\u2013 Hyv\u00e4st\u00e4 ty\u00f6ntekij\u00e4st\u00e4 kannattaa pit\u00e4\u00e4 kiinni, Brusin toteaa. <\/p>\n\n\n\n<p>Lue lis\u00e4\u00e4 oppisopimuskoulutuksesta: <a href=\"https:\/\/www.kktavastia.fi\/ammattiopisto\/tule-opiskelijaksi\/oppisopimus\/\">Oppisopimus<\/a> <\/p>\n","protected":false},"excerpt":{"rendered":"<p>Kalle-Valtteri Aaltonen suoritti osan ajoneuvoalan opinnoistaan oppisopimuksella ja ty\u00f6llistyi lopulta sen ansiosta Patrialle. H\u00e4nen mielest\u00e4\u00e4n oppisopimuskoulutus on hyv\u00e4 opiskelutapa ja [&hellip;]<\/p>\n","protected":false},"author":48,"featured_media":23077,"comment_status":"closed","ping_status":"closed","sticky":false,"template":"","format":"standard","meta":{"_acf_changed":false,"_relevanssi_hide_post":"","_relevanssi_hide_content":"","_relevanssi_pin_for_all":"","_relevanssi_pin_keywords":"","_relevanssi_unpin_keywords":"","_relevanssi_related_keywords":"","_relevanssi_related_include_ids":"","_relevanssi_related_exclude_ids":"","_relevanssi_related_no_append":"","_relevanssi_related_not_related":"","_relevanssi_related_posts":"","_relevanssi_noindex_reason":"","footnotes":""},"categories":[143,1],"tags":[42],"class_list":["post-23076","post","type-post","status-publish","format-standard","has-post-thumbnail","hentry","category-opiskelijatarina","category-yleinen","tag-oppisopimus"],"acf":[],"yoast_head":"<title>Oppisopimuksella ty\u00f6el\u00e4m\u00e4\u00e4n - Ammattiopisto Tavastia<\/title>\n<meta name=\"robots\" content=\"index, follow, max-snippet:-1, max-image-preview:large, max-video-preview:-1\" \/>\n<link rel=\"canonical\" href=\"https:\/\/www.kktavastia.fi\/ammattiopisto\/2024\/01\/17\/oppisopimuksella-tyoelamaan\/\" \/>\n<meta property=\"og:locale\" content=\"fi_FI\" \/>\n<meta property=\"og:type\" content=\"article\" \/>\n<meta property=\"og:title\" content=\"Oppisopimuksella ty\u00f6el\u00e4m\u00e4\u00e4n - Ammattiopisto Tavastia\" \/>\n<meta property=\"og:description\" content=\"Kalle-Valtteri Aaltonen suoritti osan ajoneuvoalan opinnoistaan oppisopimuksella ja ty\u00f6llistyi lopulta sen ansiosta Patrialle. H\u00e4nen mielest\u00e4\u00e4n oppisopimuskoulutus on hyv\u00e4 opiskelutapa ja [&hellip;]\" \/>\n<meta property=\"og:url\" content=\"https:\/\/www.kktavastia.fi\/ammattiopisto\/2024\/01\/17\/oppisopimuksella-tyoelamaan\/\" \/>\n<meta property=\"og:site_name\" content=\"Ammattiopisto Tavastia\" \/>\n<meta property=\"article:published_time\" content=\"2024-01-17T11:11:14+00:00\" \/>\n<meta property=\"og:image\" content=\"https:\/\/www.kktavastia.fi\/media\/sites\/2\/kalle-valtteri-aaltonen-ja-petteri-brusin-rajattu-1024x682.png\" \/>\n\t<meta property=\"og:image:width\" content=\"1024\" \/>\n\t<meta property=\"og:image:height\" content=\"682\" \/>\n\t<meta property=\"og:image:type\" content=\"image\/png\" \/>\n<meta name=\"author\" content=\"Alina Kauppi\" \/>\n<meta name=\"twitter:card\" content=\"summary_large_image\" \/>\n<script type=\"application\/ld+json\" class=\"yoast-schema-graph\">{\"@context\":\"https:\\\/\\\/schema.org\",\"@graph\":[{\"@type\":\"Article\",\"@id\":\"https:\\\/\\\/www.kktavastia.fi\\\/ammattiopisto\\\/2024\\\/01\\\/17\\\/oppisopimuksella-tyoelamaan\\\/#article\",\"isPartOf\":{\"@id\":\"https:\\\/\\\/www.kktavastia.fi\\\/ammattiopisto\\\/2024\\\/01\\\/17\\\/oppisopimuksella-tyoelamaan\\\/\"},\"author\":{\"name\":\"Alina Kauppi\",\"@id\":\"https:\\\/\\\/www.kktavastia.fi\\\/ammattiopisto\\\/#\\\/schema\\\/person\\\/bd7cfbbe2c0c002a190ce7c132f3ca32\"},\"headline\":\"Oppisopimuksella ty\u00f6el\u00e4m\u00e4\u00e4n\",\"datePublished\":\"2024-01-17T11:11:14+00:00\",\"mainEntityOfPage\":{\"@id\":\"https:\\\/\\\/www.kktavastia.fi\\\/ammattiopisto\\\/2024\\\/01\\\/17\\\/oppisopimuksella-tyoelamaan\\\/\"},\"wordCount\":683,\"image\":{\"@id\":\"https:\\\/\\\/www.kktavastia.fi\\\/ammattiopisto\\\/2024\\\/01\\\/17\\\/oppisopimuksella-tyoelamaan\\\/#primaryimage\"},\"thumbnailUrl\":\"https:\\\/\\\/www.kktavastia.fi\\\/media\\\/sites\\\/2\\\/kalle-valtteri-aaltonen-ja-petteri-brusin-rajattu.png\",\"keywords\":[\"oppisopimus\"],\"articleSection\":[\"Opiskelijatarina\"],\"inLanguage\":\"fi\"},{\"@type\":\"WebPage\",\"@id\":\"https:\\\/\\\/www.kktavastia.fi\\\/ammattiopisto\\\/2024\\\/01\\\/17\\\/oppisopimuksella-tyoelamaan\\\/\",\"url\":\"https:\\\/\\\/www.kktavastia.fi\\\/ammattiopisto\\\/2024\\\/01\\\/17\\\/oppisopimuksella-tyoelamaan\\\/\",\"name\":\"Oppisopimuksella ty\u00f6el\u00e4m\u00e4\u00e4n - Ammattiopisto Tavastia\",\"isPartOf\":{\"@id\":\"https:\\\/\\\/www.kktavastia.fi\\\/ammattiopisto\\\/#website\"},\"primaryImageOfPage\":{\"@id\":\"https:\\\/\\\/www.kktavastia.fi\\\/ammattiopisto\\\/2024\\\/01\\\/17\\\/oppisopimuksella-tyoelamaan\\\/#primaryimage\"},\"image\":{\"@id\":\"https:\\\/\\\/www.kktavastia.fi\\\/ammattiopisto\\\/2024\\\/01\\\/17\\\/oppisopimuksella-tyoelamaan\\\/#primaryimage\"},\"thumbnailUrl\":\"https:\\\/\\\/www.kktavastia.fi\\\/media\\\/sites\\\/2\\\/kalle-valtteri-aaltonen-ja-petteri-brusin-rajattu.png\",\"datePublished\":\"2024-01-17T11:11:14+00:00\",\"author\":{\"@id\":\"https:\\\/\\\/www.kktavastia.fi\\\/ammattiopisto\\\/#\\\/schema\\\/person\\\/bd7cfbbe2c0c002a190ce7c132f3ca32\"},\"breadcrumb\":{\"@id\":\"https:\\\/\\\/www.kktavastia.fi\\\/ammattiopisto\\\/2024\\\/01\\\/17\\\/oppisopimuksella-tyoelamaan\\\/#breadcrumb\"},\"inLanguage\":\"fi\",\"potentialAction\":[{\"@type\":\"ReadAction\",\"target\":[\"https:\\\/\\\/www.kktavastia.fi\\\/ammattiopisto\\\/2024\\\/01\\\/17\\\/oppisopimuksella-tyoelamaan\\\/\"]}]},{\"@type\":\"ImageObject\",\"inLanguage\":\"fi\",\"@id\":\"https:\\\/\\\/www.kktavastia.fi\\\/ammattiopisto\\\/2024\\\/01\\\/17\\\/oppisopimuksella-tyoelamaan\\\/#primaryimage\",\"url\":\"https:\\\/\\\/www.kktavastia.fi\\\/media\\\/sites\\\/2\\\/kalle-valtteri-aaltonen-ja-petteri-brusin-rajattu.png\",\"contentUrl\":\"https:\\\/\\\/www.kktavastia.fi\\\/media\\\/sites\\\/2\\\/kalle-valtteri-aaltonen-ja-petteri-brusin-rajattu.png\",\"width\":1703,\"height\":1135,\"caption\":\"Kaksi miest\u00e4 ty\u00f6vaatteissa hallissa ty\u00f6koneiden keskell\u00e4 poseeraamassa kameraan.\"},{\"@type\":\"BreadcrumbList\",\"@id\":\"https:\\\/\\\/www.kktavastia.fi\\\/ammattiopisto\\\/2024\\\/01\\\/17\\\/oppisopimuksella-tyoelamaan\\\/#breadcrumb\",\"itemListElement\":[{\"@type\":\"ListItem\",\"position\":1,\"name\":\"Home\",\"item\":\"https:\\\/\\\/www.kktavastia.fi\\\/ammattiopisto\\\/\"},{\"@type\":\"ListItem\",\"position\":2,\"name\":\"Oppisopimuksella ty\u00f6el\u00e4m\u00e4\u00e4n\"}]},{\"@type\":\"WebSite\",\"@id\":\"https:\\\/\\\/www.kktavastia.fi\\\/ammattiopisto\\\/#website\",\"url\":\"https:\\\/\\\/www.kktavastia.fi\\\/ammattiopisto\\\/\",\"name\":\"Ammattiopisto Tavastia\",\"description\":\"\",\"potentialAction\":[{\"@type\":\"SearchAction\",\"target\":{\"@type\":\"EntryPoint\",\"urlTemplate\":\"https:\\\/\\\/www.kktavastia.fi\\\/ammattiopisto\\\/?s={search_term_string}\"},\"query-input\":{\"@type\":\"PropertyValueSpecification\",\"valueRequired\":true,\"valueName\":\"search_term_string\"}}],\"inLanguage\":\"fi\"},{\"@type\":\"Person\",\"@id\":\"https:\\\/\\\/www.kktavastia.fi\\\/ammattiopisto\\\/#\\\/schema\\\/person\\\/bd7cfbbe2c0c002a190ce7c132f3ca32\",\"name\":\"Alina Kauppi\",\"image\":{\"@type\":\"ImageObject\",\"inLanguage\":\"fi\",\"@id\":\"https:\\\/\\\/secure.gravatar.com\\\/avatar\\\/4d0f04340784c5b3c4667510472c4c352c0191a5747665cbec58972e1a7c1a46?s=96&d=mm&r=g\",\"url\":\"https:\\\/\\\/secure.gravatar.com\\\/avatar\\\/4d0f04340784c5b3c4667510472c4c352c0191a5747665cbec58972e1a7c1a46?s=96&d=mm&r=g\",\"contentUrl\":\"https:\\\/\\\/secure.gravatar.com\\\/avatar\\\/4d0f04340784c5b3c4667510472c4c352c0191a5747665cbec58972e1a7c1a46?s=96&d=mm&r=g\",\"caption\":\"Alina Kauppi\"},\"url\":\"https:\\\/\\\/www.kktavastia.fi\\\/ammattiopisto\\\/author\\\/alinakauppi1\\\/\"}]}<\/script>","yoast_head_json":{"title":"Oppisopimuksella ty\u00f6el\u00e4m\u00e4\u00e4n - Ammattiopisto Tavastia","robots":{"index":"index","follow":"follow","max-snippet":"max-snippet:-1","max-image-preview":"max-image-preview:large","max-video-preview":"max-video-preview:-1"},"canonical":"https:\/\/www.kktavastia.fi\/ammattiopisto\/2024\/01\/17\/oppisopimuksella-tyoelamaan\/","og_locale":"fi_FI","og_type":"article","og_title":"Oppisopimuksella ty\u00f6el\u00e4m\u00e4\u00e4n - Ammattiopisto Tavastia","og_description":"Kalle-Valtteri Aaltonen suoritti osan ajoneuvoalan opinnoistaan oppisopimuksella ja ty\u00f6llistyi lopulta sen ansiosta Patrialle. H\u00e4nen mielest\u00e4\u00e4n oppisopimuskoulutus on hyv\u00e4 opiskelutapa ja [&hellip;]","og_url":"https:\/\/www.kktavastia.fi\/ammattiopisto\/2024\/01\/17\/oppisopimuksella-tyoelamaan\/","og_site_name":"Ammattiopisto Tavastia","article_published_time":"2024-01-17T11:11:14+00:00","og_image":[{"width":1024,"height":682,"url":"https:\/\/www.kktavastia.fi\/media\/sites\/2\/kalle-valtteri-aaltonen-ja-petteri-brusin-rajattu-1024x682.png","type":"image\/png"}],"author":"Alina Kauppi","twitter_card":"summary_large_image","schema":{"@context":"https:\/\/schema.org","@graph":[{"@type":"Article","@id":"https:\/\/www.kktavastia.fi\/ammattiopisto\/2024\/01\/17\/oppisopimuksella-tyoelamaan\/#article","isPartOf":{"@id":"https:\/\/www.kktavastia.fi\/ammattiopisto\/2024\/01\/17\/oppisopimuksella-tyoelamaan\/"},"author":{"name":"Alina Kauppi","@id":"https:\/\/www.kktavastia.fi\/ammattiopisto\/#\/schema\/person\/bd7cfbbe2c0c002a190ce7c132f3ca32"},"headline":"Oppisopimuksella ty\u00f6el\u00e4m\u00e4\u00e4n","datePublished":"2024-01-17T11:11:14+00:00","mainEntityOfPage":{"@id":"https:\/\/www.kktavastia.fi\/ammattiopisto\/2024\/01\/17\/oppisopimuksella-tyoelamaan\/"},"wordCount":683,"image":{"@id":"https:\/\/www.kktavastia.fi\/ammattiopisto\/2024\/01\/17\/oppisopimuksella-tyoelamaan\/#primaryimage"},"thumbnailUrl":"https:\/\/www.kktavastia.fi\/media\/sites\/2\/kalle-valtteri-aaltonen-ja-petteri-brusin-rajattu.png","keywords":["oppisopimus"],"articleSection":["Opiskelijatarina"],"inLanguage":"fi"},{"@type":"WebPage","@id":"https:\/\/www.kktavastia.fi\/ammattiopisto\/2024\/01\/17\/oppisopimuksella-tyoelamaan\/","url":"https:\/\/www.kktavastia.fi\/ammattiopisto\/2024\/01\/17\/oppisopimuksella-tyoelamaan\/","name":"Oppisopimuksella ty\u00f6el\u00e4m\u00e4\u00e4n - Ammattiopisto Tavastia","isPartOf":{"@id":"https:\/\/www.kktavastia.fi\/ammattiopisto\/#website"},"primaryImageOfPage":{"@id":"https:\/\/www.kktavastia.fi\/ammattiopisto\/2024\/01\/17\/oppisopimuksella-tyoelamaan\/#primaryimage"},"image":{"@id":"https:\/\/www.kktavastia.fi\/ammattiopisto\/2024\/01\/17\/oppisopimuksella-tyoelamaan\/#primaryimage"},"thumbnailUrl":"https:\/\/www.kktavastia.fi\/media\/sites\/2\/kalle-valtteri-aaltonen-ja-petteri-brusin-rajattu.png","datePublished":"2024-01-17T11:11:14+00:00","author":{"@id":"https:\/\/www.kktavastia.fi\/ammattiopisto\/#\/schema\/person\/bd7cfbbe2c0c002a190ce7c132f3ca32"},"breadcrumb":{"@id":"https:\/\/www.kktavastia.fi\/ammattiopisto\/2024\/01\/17\/oppisopimuksella-tyoelamaan\/#breadcrumb"},"inLanguage":"fi","potentialAction":[{"@type":"ReadAction","target":["https:\/\/www.kktavastia.fi\/ammattiopisto\/2024\/01\/17\/oppisopimuksella-tyoelamaan\/"]}]},{"@type":"ImageObject","inLanguage":"fi","@id":"https:\/\/www.kktavastia.fi\/ammattiopisto\/2024\/01\/17\/oppisopimuksella-tyoelamaan\/#primaryimage","url":"https:\/\/www.kktavastia.fi\/media\/sites\/2\/kalle-valtteri-aaltonen-ja-petteri-brusin-rajattu.png","contentUrl":"https:\/\/www.kktavastia.fi\/media\/sites\/2\/kalle-valtteri-aaltonen-ja-petteri-brusin-rajattu.png","width":1703,"height":1135,"caption":"Kaksi miest\u00e4 ty\u00f6vaatteissa hallissa ty\u00f6koneiden keskell\u00e4 poseeraamassa kameraan."},{"@type":"BreadcrumbList","@id":"https:\/\/www.kktavastia.fi\/ammattiopisto\/2024\/01\/17\/oppisopimuksella-tyoelamaan\/#breadcrumb","itemListElement":[{"@type":"ListItem","position":1,"name":"Home","item":"https:\/\/www.kktavastia.fi\/ammattiopisto\/"},{"@type":"ListItem","position":2,"name":"Oppisopimuksella ty\u00f6el\u00e4m\u00e4\u00e4n"}]},{"@type":"WebSite","@id":"https:\/\/www.kktavastia.fi\/ammattiopisto\/#website","url":"https:\/\/www.kktavastia.fi\/ammattiopisto\/","name":"Ammattiopisto Tavastia","description":"","potentialAction":[{"@type":"SearchAction","target":{"@type":"EntryPoint","urlTemplate":"https:\/\/www.kktavastia.fi\/ammattiopisto\/?s={search_term_string}"},"query-input":{"@type":"PropertyValueSpecification","valueRequired":true,"valueName":"search_term_string"}}],"inLanguage":"fi"},{"@type":"Person","@id":"https:\/\/www.kktavastia.fi\/ammattiopisto\/#\/schema\/person\/bd7cfbbe2c0c002a190ce7c132f3ca32","name":"Alina Kauppi","image":{"@type":"ImageObject","inLanguage":"fi","@id":"https:\/\/secure.gravatar.com\/avatar\/4d0f04340784c5b3c4667510472c4c352c0191a5747665cbec58972e1a7c1a46?s=96&d=mm&r=g","url":"https:\/\/secure.gravatar.com\/avatar\/4d0f04340784c5b3c4667510472c4c352c0191a5747665cbec58972e1a7c1a46?s=96&d=mm&r=g","contentUrl":"https:\/\/secure.gravatar.com\/avatar\/4d0f04340784c5b3c4667510472c4c352c0191a5747665cbec58972e1a7c1a46?s=96&d=mm&r=g","caption":"Alina Kauppi"},"url":"https:\/\/www.kktavastia.fi\/ammattiopisto\/author\/alinakauppi1\/"}]}},"_links":{"self":[{"href":"https:\/\/www.kktavastia.fi\/ammattiopisto\/wp-json\/wp\/v2\/posts\/23076","targetHints":{"allow":["GET"]}}],"collection":[{"href":"https:\/\/www.kktavastia.fi\/ammattiopisto\/wp-json\/wp\/v2\/posts"}],"about":[{"href":"https:\/\/www.kktavastia.fi\/ammattiopisto\/wp-json\/wp\/v2\/types\/post"}],"author":[{"embeddable":true,"href":"https:\/\/www.kktavastia.fi\/ammattiopisto\/wp-json\/wp\/v2\/users\/48"}],"replies":[{"embeddable":true,"href":"https:\/\/www.kktavastia.fi\/ammattiopisto\/wp-json\/wp\/v2\/comments?post=23076"}],"version-history":[{"count":15,"href":"https:\/\/www.kktavastia.fi\/ammattiopisto\/wp-json\/wp\/v2\/posts\/23076\/revisions"}],"predecessor-version":[{"id":23097,"href":"https:\/\/www.kktavastia.fi\/ammattiopisto\/wp-json\/wp\/v2\/posts\/23076\/revisions\/23097"}],"wp:featuredmedia":[{"embeddable":true,"href":"https:\/\/www.kktavastia.fi\/ammattiopisto\/wp-json\/wp\/v2\/media\/23077"}],"wp:attachment":[{"href":"https:\/\/www.kktavastia.fi\/ammattiopisto\/wp-json\/wp\/v2\/media?parent=23076"}],"wp:term":[{"taxonomy":"category","embeddable":true,"href":"https:\/\/www.kktavastia.fi\/ammattiopisto\/wp-json\/wp\/v2\/categories?post=23076"},{"taxonomy":"post_tag","embeddable":true,"href":"https:\/\/www.kktavastia.fi\/ammattiopisto\/wp-json\/wp\/v2\/tags?post=23076"}],"curies":[{"name":"wp","href":"https:\/\/api.w.org\/{rel}","templated":true}]}}