{"id":21472,"date":"2023-06-06T15:15:08","date_gmt":"2023-06-06T12:15:08","guid":{"rendered":"https:\/\/www.kktavastia.fi\/ammattiopisto\/?p=21472"},"modified":"2023-06-06T15:15:09","modified_gmt":"2023-06-06T12:15:09","slug":"tavastian-lasialan-koulutus-juhlistaa-30-vuotista-taivaltaan","status":"publish","type":"post","link":"https:\/\/www.kktavastia.fi\/ammattiopisto\/2023\/06\/06\/tavastian-lasialan-koulutus-juhlistaa-30-vuotista-taivaltaan\/","title":{"rendered":"Tavastian lasialan koulutus juhlistaa 30-vuotista taivaltaan"},"content":{"rendered":"\n<p class=\"is-style-ingress\"><strong>Ammattiopisto Tavastian lasialan koulutus on toiminut t\u00e4n\u00e4 vuonna 30 vuotta. Juhlavuoden valokuvan\u00e4yttely on esill\u00e4 Nuutaj\u00e4rven lasikyl\u00e4ss\u00e4, Urjalassa, koko kes\u00e4n 2023. Valokuvat esitt\u00e4v\u00e4t lasinpuhalluksen eri prosesseja ja ne on ottanut valokuvaaja ja lasialan opiskelija Janika Karttunen.<\/strong><\/p>\n\n\n\n<p>Lasialan ammatillisessa koulutuksessa keskityt\u00e4\u00e4n ryhm\u00e4ty\u00f6skentelyyn ja lasinpuhalluksen perusteiden oppimiseen. Opetus painottuu vahvasti k\u00e4yt\u00e4nn\u00f6n ty\u00f6skentelyyn ja toistojen tekemiselle, joita vaativan k\u00e4sity\u00f6taidon oppiminen edellytt\u00e4\u00e4. Lasialalta valmistuu taideteollisuusalan perustutkinnosta artesaaneja, taideteollisuusalan ammattitutkinnosta lasinpuhaltajia ja taideteollisuusalan erikoisammattitutkinnosta lasinpuhaltajamestareita.<\/p>\n\n\n\n<p>Ammattiopisto Tavastia on osa Koulutuskuntayhtym\u00e4 Tavastiaa. Oppilaitosmuotoinen koulutus on tulevaisuudessakin \u00e4\u00e4rimm\u00e4isen t\u00e4rke\u00e4\u00e4 harvinaisella, k\u00e4sity\u00f6valtaisella alalla, jossa valmiita ty\u00f6paikkoja on vain v\u00e4h\u00e4n. Lasinpuhallus on suojeltavaa aineetonta kulttuuriperint\u00f6\u00e4 ja Suomi on mukana monikansallisessa hankkeessa, joka esitt\u00e4\u00e4 lasin valmistusta Unescon suojeltavaksi.<\/p>\n\n\n\n<p>Lasialan koulutus alkoi vuonna 1993 H\u00e4meen ammatti-instituutin\/Wetterhoffin alaisuudessa, kun teollisuus tarvitsi uusia ty\u00f6ntekij\u00f6it\u00e4 ja Nuutaj\u00e4rvell\u00e4 oli vapaata hyttitilaa. Yksi koulutuksen perustamisen puolestapuhujista oli professori Oiva Toikka. Nyky\u00e4\u00e4n lasialan koulutus toimii tiiviiss\u00e4 yhteisty\u00f6ss\u00e4 muun muassa Suomen ainoan lasitehtaan, Iittalan lasitehtaan kanssa. Ammatti- ja erikoisammattitutkintoja on voinut suorittaa oppisopimuksella koko koulutuksen historian ajan. Vuodesta 2021 l\u00e4htien Ammattiopisto Tavastiassa on voinut opiskella taideteollisuusalan perustutkintoa joko Nuutaj\u00e4rven lasikyl\u00e4ss\u00e4, Urjalassa tai Iittalan lasitehtaalla, H\u00e4meenlinnassa.<\/p>\n\n\n\n<p><a href=\"https:\/\/www.kktavastia.fi\/ammattiopisto\/tutkinnot\/perustutkinnot\/lasialan-artesaani-taideteollisuusalan-perustutkinto\/\"><strong>Lis\u00e4tiedot koulutuksesta<\/strong>. <\/a><\/p>\n\n\n\n<p>Minna Leminen, koulutusp\u00e4\u00e4llikk\u00f6, Ammattiopisto Tavastia, <a href=\"mailto:minna.leminen@kktavastia.fi\">minna.leminen@kktavastia.fi<\/a><\/p>\n\n\n\n<p><strong>Lis\u00e4tiedot n\u00e4yttelyst\u00e4:<\/strong><\/p>\n\n\n\n<p>N\u00e4yttely on esill\u00e4 Pruukin Pajat -k\u00e4yt\u00e4v\u00e4ll\u00e4 Nuutaj\u00e4rven lasikyl\u00e4ss\u00e4, <a href=\"http:\/\/www.nuutajarvi.fi\">www.nuutajarvi.fi<\/a>.<\/p>\n","protected":false},"excerpt":{"rendered":"<p>Ammattiopisto Tavastian lasialan koulutus on toiminut t\u00e4n\u00e4 vuonna 30 vuotta. Juhlavuoden valokuvan\u00e4yttely on esill\u00e4 Nuutaj\u00e4rven lasikyl\u00e4ss\u00e4, Urjalassa, koko kes\u00e4n 2023. [&hellip;]<\/p>\n","protected":false},"author":3,"featured_media":21473,"comment_status":"closed","ping_status":"closed","sticky":false,"template":"","format":"standard","meta":{"_acf_changed":false,"_relevanssi_hide_post":"","_relevanssi_hide_content":"","_relevanssi_pin_for_all":"","_relevanssi_pin_keywords":"","_relevanssi_unpin_keywords":"","_relevanssi_related_keywords":"","_relevanssi_related_include_ids":"","_relevanssi_related_exclude_ids":"","_relevanssi_related_no_append":"","_relevanssi_related_not_related":"","_relevanssi_related_posts":"","_relevanssi_noindex_reason":"","footnotes":""},"categories":[1],"tags":[],"class_list":["post-21472","post","type-post","status-publish","format-standard","has-post-thumbnail","hentry","category-yleinen"],"acf":[],"yoast_head":"<title>Tavastian lasialan koulutus juhlistaa 30-vuotista taivaltaan - Ammattiopisto Tavastia<\/title>\n<meta name=\"robots\" content=\"index, follow, max-snippet:-1, max-image-preview:large, max-video-preview:-1\" \/>\n<link rel=\"canonical\" href=\"https:\/\/www.kktavastia.fi\/ammattiopisto\/2023\/06\/06\/tavastian-lasialan-koulutus-juhlistaa-30-vuotista-taivaltaan\/\" \/>\n<meta property=\"og:locale\" content=\"fi_FI\" \/>\n<meta property=\"og:type\" content=\"article\" \/>\n<meta property=\"og:title\" content=\"Tavastian lasialan koulutus juhlistaa 30-vuotista taivaltaan - Ammattiopisto Tavastia\" \/>\n<meta property=\"og:description\" content=\"Ammattiopisto Tavastian lasialan koulutus on toiminut t\u00e4n\u00e4 vuonna 30 vuotta. Juhlavuoden valokuvan\u00e4yttely on esill\u00e4 Nuutaj\u00e4rven lasikyl\u00e4ss\u00e4, Urjalassa, koko kes\u00e4n 2023. [&hellip;]\" \/>\n<meta property=\"og:url\" content=\"https:\/\/www.kktavastia.fi\/ammattiopisto\/2023\/06\/06\/tavastian-lasialan-koulutus-juhlistaa-30-vuotista-taivaltaan\/\" \/>\n<meta property=\"og:site_name\" content=\"Ammattiopisto Tavastia\" \/>\n<meta property=\"article:published_time\" content=\"2023-06-06T12:15:08+00:00\" \/>\n<meta property=\"article:modified_time\" content=\"2023-06-06T12:15:09+00:00\" \/>\n<meta property=\"og:image\" content=\"https:\/\/www.kktavastia.fi\/media\/sites\/2\/lasialan-valokuvanayttelyn-kuvat-janika-karttunen.jpg\" \/>\n\t<meta property=\"og:image:width\" content=\"1890\" \/>\n\t<meta property=\"og:image:height\" content=\"1417\" \/>\n\t<meta property=\"og:image:type\" content=\"image\/jpeg\" \/>\n<meta name=\"author\" content=\"jennimanninen\" \/>\n<meta name=\"twitter:card\" content=\"summary_large_image\" \/>\n<script type=\"application\/ld+json\" class=\"yoast-schema-graph\">{\"@context\":\"https:\\\/\\\/schema.org\",\"@graph\":[{\"@type\":\"Article\",\"@id\":\"https:\\\/\\\/www.kktavastia.fi\\\/ammattiopisto\\\/2023\\\/06\\\/06\\\/tavastian-lasialan-koulutus-juhlistaa-30-vuotista-taivaltaan\\\/#article\",\"isPartOf\":{\"@id\":\"https:\\\/\\\/www.kktavastia.fi\\\/ammattiopisto\\\/2023\\\/06\\\/06\\\/tavastian-lasialan-koulutus-juhlistaa-30-vuotista-taivaltaan\\\/\"},\"author\":{\"name\":\"jennimanninen\",\"@id\":\"https:\\\/\\\/www.kktavastia.fi\\\/ammattiopisto\\\/#\\\/schema\\\/person\\\/024aefaad0a17654b61e7deb02a467ab\"},\"headline\":\"Tavastian lasialan koulutus juhlistaa 30-vuotista taivaltaan\",\"datePublished\":\"2023-06-06T12:15:08+00:00\",\"dateModified\":\"2023-06-06T12:15:09+00:00\",\"mainEntityOfPage\":{\"@id\":\"https:\\\/\\\/www.kktavastia.fi\\\/ammattiopisto\\\/2023\\\/06\\\/06\\\/tavastian-lasialan-koulutus-juhlistaa-30-vuotista-taivaltaan\\\/\"},\"wordCount\":246,\"image\":{\"@id\":\"https:\\\/\\\/www.kktavastia.fi\\\/ammattiopisto\\\/2023\\\/06\\\/06\\\/tavastian-lasialan-koulutus-juhlistaa-30-vuotista-taivaltaan\\\/#primaryimage\"},\"thumbnailUrl\":\"https:\\\/\\\/www.kktavastia.fi\\\/media\\\/sites\\\/2\\\/lasialan-valokuvanayttelyn-kuvat-janika-karttunen.jpg\",\"inLanguage\":\"fi\"},{\"@type\":\"WebPage\",\"@id\":\"https:\\\/\\\/www.kktavastia.fi\\\/ammattiopisto\\\/2023\\\/06\\\/06\\\/tavastian-lasialan-koulutus-juhlistaa-30-vuotista-taivaltaan\\\/\",\"url\":\"https:\\\/\\\/www.kktavastia.fi\\\/ammattiopisto\\\/2023\\\/06\\\/06\\\/tavastian-lasialan-koulutus-juhlistaa-30-vuotista-taivaltaan\\\/\",\"name\":\"Tavastian lasialan koulutus juhlistaa 30-vuotista taivaltaan - Ammattiopisto Tavastia\",\"isPartOf\":{\"@id\":\"https:\\\/\\\/www.kktavastia.fi\\\/ammattiopisto\\\/#website\"},\"primaryImageOfPage\":{\"@id\":\"https:\\\/\\\/www.kktavastia.fi\\\/ammattiopisto\\\/2023\\\/06\\\/06\\\/tavastian-lasialan-koulutus-juhlistaa-30-vuotista-taivaltaan\\\/#primaryimage\"},\"image\":{\"@id\":\"https:\\\/\\\/www.kktavastia.fi\\\/ammattiopisto\\\/2023\\\/06\\\/06\\\/tavastian-lasialan-koulutus-juhlistaa-30-vuotista-taivaltaan\\\/#primaryimage\"},\"thumbnailUrl\":\"https:\\\/\\\/www.kktavastia.fi\\\/media\\\/sites\\\/2\\\/lasialan-valokuvanayttelyn-kuvat-janika-karttunen.jpg\",\"datePublished\":\"2023-06-06T12:15:08+00:00\",\"dateModified\":\"2023-06-06T12:15:09+00:00\",\"author\":{\"@id\":\"https:\\\/\\\/www.kktavastia.fi\\\/ammattiopisto\\\/#\\\/schema\\\/person\\\/024aefaad0a17654b61e7deb02a467ab\"},\"breadcrumb\":{\"@id\":\"https:\\\/\\\/www.kktavastia.fi\\\/ammattiopisto\\\/2023\\\/06\\\/06\\\/tavastian-lasialan-koulutus-juhlistaa-30-vuotista-taivaltaan\\\/#breadcrumb\"},\"inLanguage\":\"fi\",\"potentialAction\":[{\"@type\":\"ReadAction\",\"target\":[\"https:\\\/\\\/www.kktavastia.fi\\\/ammattiopisto\\\/2023\\\/06\\\/06\\\/tavastian-lasialan-koulutus-juhlistaa-30-vuotista-taivaltaan\\\/\"]}]},{\"@type\":\"ImageObject\",\"inLanguage\":\"fi\",\"@id\":\"https:\\\/\\\/www.kktavastia.fi\\\/ammattiopisto\\\/2023\\\/06\\\/06\\\/tavastian-lasialan-koulutus-juhlistaa-30-vuotista-taivaltaan\\\/#primaryimage\",\"url\":\"https:\\\/\\\/www.kktavastia.fi\\\/media\\\/sites\\\/2\\\/lasialan-valokuvanayttelyn-kuvat-janika-karttunen.jpg\",\"contentUrl\":\"https:\\\/\\\/www.kktavastia.fi\\\/media\\\/sites\\\/2\\\/lasialan-valokuvanayttelyn-kuvat-janika-karttunen.jpg\",\"width\":1890,\"height\":1417},{\"@type\":\"BreadcrumbList\",\"@id\":\"https:\\\/\\\/www.kktavastia.fi\\\/ammattiopisto\\\/2023\\\/06\\\/06\\\/tavastian-lasialan-koulutus-juhlistaa-30-vuotista-taivaltaan\\\/#breadcrumb\",\"itemListElement\":[{\"@type\":\"ListItem\",\"position\":1,\"name\":\"Home\",\"item\":\"https:\\\/\\\/www.kktavastia.fi\\\/ammattiopisto\\\/\"},{\"@type\":\"ListItem\",\"position\":2,\"name\":\"Tavastian lasialan koulutus juhlistaa 30-vuotista taivaltaan\"}]},{\"@type\":\"WebSite\",\"@id\":\"https:\\\/\\\/www.kktavastia.fi\\\/ammattiopisto\\\/#website\",\"url\":\"https:\\\/\\\/www.kktavastia.fi\\\/ammattiopisto\\\/\",\"name\":\"Ammattiopisto Tavastia\",\"description\":\"\",\"potentialAction\":[{\"@type\":\"SearchAction\",\"target\":{\"@type\":\"EntryPoint\",\"urlTemplate\":\"https:\\\/\\\/www.kktavastia.fi\\\/ammattiopisto\\\/?s={search_term_string}\"},\"query-input\":{\"@type\":\"PropertyValueSpecification\",\"valueRequired\":true,\"valueName\":\"search_term_string\"}}],\"inLanguage\":\"fi\"},{\"@type\":\"Person\",\"@id\":\"https:\\\/\\\/www.kktavastia.fi\\\/ammattiopisto\\\/#\\\/schema\\\/person\\\/024aefaad0a17654b61e7deb02a467ab\",\"name\":\"jennimanninen\",\"image\":{\"@type\":\"ImageObject\",\"inLanguage\":\"fi\",\"@id\":\"https:\\\/\\\/secure.gravatar.com\\\/avatar\\\/5457e44008198bb53daa774600a7e8e4246bcac6a14afc3db6e5d007d9dc6f39?s=96&d=mm&r=g\",\"url\":\"https:\\\/\\\/secure.gravatar.com\\\/avatar\\\/5457e44008198bb53daa774600a7e8e4246bcac6a14afc3db6e5d007d9dc6f39?s=96&d=mm&r=g\",\"contentUrl\":\"https:\\\/\\\/secure.gravatar.com\\\/avatar\\\/5457e44008198bb53daa774600a7e8e4246bcac6a14afc3db6e5d007d9dc6f39?s=96&d=mm&r=g\",\"caption\":\"jennimanninen\"},\"url\":\"https:\\\/\\\/www.kktavastia.fi\\\/ammattiopisto\\\/author\\\/jennimanninen\\\/\"}]}<\/script>","yoast_head_json":{"title":"Tavastian lasialan koulutus juhlistaa 30-vuotista taivaltaan - Ammattiopisto Tavastia","robots":{"index":"index","follow":"follow","max-snippet":"max-snippet:-1","max-image-preview":"max-image-preview:large","max-video-preview":"max-video-preview:-1"},"canonical":"https:\/\/www.kktavastia.fi\/ammattiopisto\/2023\/06\/06\/tavastian-lasialan-koulutus-juhlistaa-30-vuotista-taivaltaan\/","og_locale":"fi_FI","og_type":"article","og_title":"Tavastian lasialan koulutus juhlistaa 30-vuotista taivaltaan - Ammattiopisto Tavastia","og_description":"Ammattiopisto Tavastian lasialan koulutus on toiminut t\u00e4n\u00e4 vuonna 30 vuotta. Juhlavuoden valokuvan\u00e4yttely on esill\u00e4 Nuutaj\u00e4rven lasikyl\u00e4ss\u00e4, Urjalassa, koko kes\u00e4n 2023. [&hellip;]","og_url":"https:\/\/www.kktavastia.fi\/ammattiopisto\/2023\/06\/06\/tavastian-lasialan-koulutus-juhlistaa-30-vuotista-taivaltaan\/","og_site_name":"Ammattiopisto Tavastia","article_published_time":"2023-06-06T12:15:08+00:00","article_modified_time":"2023-06-06T12:15:09+00:00","og_image":[{"width":1890,"height":1417,"url":"https:\/\/www.kktavastia.fi\/media\/sites\/2\/lasialan-valokuvanayttelyn-kuvat-janika-karttunen.jpg","type":"image\/jpeg"}],"author":"jennimanninen","twitter_card":"summary_large_image","schema":{"@context":"https:\/\/schema.org","@graph":[{"@type":"Article","@id":"https:\/\/www.kktavastia.fi\/ammattiopisto\/2023\/06\/06\/tavastian-lasialan-koulutus-juhlistaa-30-vuotista-taivaltaan\/#article","isPartOf":{"@id":"https:\/\/www.kktavastia.fi\/ammattiopisto\/2023\/06\/06\/tavastian-lasialan-koulutus-juhlistaa-30-vuotista-taivaltaan\/"},"author":{"name":"jennimanninen","@id":"https:\/\/www.kktavastia.fi\/ammattiopisto\/#\/schema\/person\/024aefaad0a17654b61e7deb02a467ab"},"headline":"Tavastian lasialan koulutus juhlistaa 30-vuotista taivaltaan","datePublished":"2023-06-06T12:15:08+00:00","dateModified":"2023-06-06T12:15:09+00:00","mainEntityOfPage":{"@id":"https:\/\/www.kktavastia.fi\/ammattiopisto\/2023\/06\/06\/tavastian-lasialan-koulutus-juhlistaa-30-vuotista-taivaltaan\/"},"wordCount":246,"image":{"@id":"https:\/\/www.kktavastia.fi\/ammattiopisto\/2023\/06\/06\/tavastian-lasialan-koulutus-juhlistaa-30-vuotista-taivaltaan\/#primaryimage"},"thumbnailUrl":"https:\/\/www.kktavastia.fi\/media\/sites\/2\/lasialan-valokuvanayttelyn-kuvat-janika-karttunen.jpg","inLanguage":"fi"},{"@type":"WebPage","@id":"https:\/\/www.kktavastia.fi\/ammattiopisto\/2023\/06\/06\/tavastian-lasialan-koulutus-juhlistaa-30-vuotista-taivaltaan\/","url":"https:\/\/www.kktavastia.fi\/ammattiopisto\/2023\/06\/06\/tavastian-lasialan-koulutus-juhlistaa-30-vuotista-taivaltaan\/","name":"Tavastian lasialan koulutus juhlistaa 30-vuotista taivaltaan - Ammattiopisto Tavastia","isPartOf":{"@id":"https:\/\/www.kktavastia.fi\/ammattiopisto\/#website"},"primaryImageOfPage":{"@id":"https:\/\/www.kktavastia.fi\/ammattiopisto\/2023\/06\/06\/tavastian-lasialan-koulutus-juhlistaa-30-vuotista-taivaltaan\/#primaryimage"},"image":{"@id":"https:\/\/www.kktavastia.fi\/ammattiopisto\/2023\/06\/06\/tavastian-lasialan-koulutus-juhlistaa-30-vuotista-taivaltaan\/#primaryimage"},"thumbnailUrl":"https:\/\/www.kktavastia.fi\/media\/sites\/2\/lasialan-valokuvanayttelyn-kuvat-janika-karttunen.jpg","datePublished":"2023-06-06T12:15:08+00:00","dateModified":"2023-06-06T12:15:09+00:00","author":{"@id":"https:\/\/www.kktavastia.fi\/ammattiopisto\/#\/schema\/person\/024aefaad0a17654b61e7deb02a467ab"},"breadcrumb":{"@id":"https:\/\/www.kktavastia.fi\/ammattiopisto\/2023\/06\/06\/tavastian-lasialan-koulutus-juhlistaa-30-vuotista-taivaltaan\/#breadcrumb"},"inLanguage":"fi","potentialAction":[{"@type":"ReadAction","target":["https:\/\/www.kktavastia.fi\/ammattiopisto\/2023\/06\/06\/tavastian-lasialan-koulutus-juhlistaa-30-vuotista-taivaltaan\/"]}]},{"@type":"ImageObject","inLanguage":"fi","@id":"https:\/\/www.kktavastia.fi\/ammattiopisto\/2023\/06\/06\/tavastian-lasialan-koulutus-juhlistaa-30-vuotista-taivaltaan\/#primaryimage","url":"https:\/\/www.kktavastia.fi\/media\/sites\/2\/lasialan-valokuvanayttelyn-kuvat-janika-karttunen.jpg","contentUrl":"https:\/\/www.kktavastia.fi\/media\/sites\/2\/lasialan-valokuvanayttelyn-kuvat-janika-karttunen.jpg","width":1890,"height":1417},{"@type":"BreadcrumbList","@id":"https:\/\/www.kktavastia.fi\/ammattiopisto\/2023\/06\/06\/tavastian-lasialan-koulutus-juhlistaa-30-vuotista-taivaltaan\/#breadcrumb","itemListElement":[{"@type":"ListItem","position":1,"name":"Home","item":"https:\/\/www.kktavastia.fi\/ammattiopisto\/"},{"@type":"ListItem","position":2,"name":"Tavastian lasialan koulutus juhlistaa 30-vuotista taivaltaan"}]},{"@type":"WebSite","@id":"https:\/\/www.kktavastia.fi\/ammattiopisto\/#website","url":"https:\/\/www.kktavastia.fi\/ammattiopisto\/","name":"Ammattiopisto Tavastia","description":"","potentialAction":[{"@type":"SearchAction","target":{"@type":"EntryPoint","urlTemplate":"https:\/\/www.kktavastia.fi\/ammattiopisto\/?s={search_term_string}"},"query-input":{"@type":"PropertyValueSpecification","valueRequired":true,"valueName":"search_term_string"}}],"inLanguage":"fi"},{"@type":"Person","@id":"https:\/\/www.kktavastia.fi\/ammattiopisto\/#\/schema\/person\/024aefaad0a17654b61e7deb02a467ab","name":"jennimanninen","image":{"@type":"ImageObject","inLanguage":"fi","@id":"https:\/\/secure.gravatar.com\/avatar\/5457e44008198bb53daa774600a7e8e4246bcac6a14afc3db6e5d007d9dc6f39?s=96&d=mm&r=g","url":"https:\/\/secure.gravatar.com\/avatar\/5457e44008198bb53daa774600a7e8e4246bcac6a14afc3db6e5d007d9dc6f39?s=96&d=mm&r=g","contentUrl":"https:\/\/secure.gravatar.com\/avatar\/5457e44008198bb53daa774600a7e8e4246bcac6a14afc3db6e5d007d9dc6f39?s=96&d=mm&r=g","caption":"jennimanninen"},"url":"https:\/\/www.kktavastia.fi\/ammattiopisto\/author\/jennimanninen\/"}]}},"_links":{"self":[{"href":"https:\/\/www.kktavastia.fi\/ammattiopisto\/wp-json\/wp\/v2\/posts\/21472","targetHints":{"allow":["GET"]}}],"collection":[{"href":"https:\/\/www.kktavastia.fi\/ammattiopisto\/wp-json\/wp\/v2\/posts"}],"about":[{"href":"https:\/\/www.kktavastia.fi\/ammattiopisto\/wp-json\/wp\/v2\/types\/post"}],"author":[{"embeddable":true,"href":"https:\/\/www.kktavastia.fi\/ammattiopisto\/wp-json\/wp\/v2\/users\/3"}],"replies":[{"embeddable":true,"href":"https:\/\/www.kktavastia.fi\/ammattiopisto\/wp-json\/wp\/v2\/comments?post=21472"}],"version-history":[{"count":1,"href":"https:\/\/www.kktavastia.fi\/ammattiopisto\/wp-json\/wp\/v2\/posts\/21472\/revisions"}],"predecessor-version":[{"id":21474,"href":"https:\/\/www.kktavastia.fi\/ammattiopisto\/wp-json\/wp\/v2\/posts\/21472\/revisions\/21474"}],"wp:featuredmedia":[{"embeddable":true,"href":"https:\/\/www.kktavastia.fi\/ammattiopisto\/wp-json\/wp\/v2\/media\/21473"}],"wp:attachment":[{"href":"https:\/\/www.kktavastia.fi\/ammattiopisto\/wp-json\/wp\/v2\/media?parent=21472"}],"wp:term":[{"taxonomy":"category","embeddable":true,"href":"https:\/\/www.kktavastia.fi\/ammattiopisto\/wp-json\/wp\/v2\/categories?post=21472"},{"taxonomy":"post_tag","embeddable":true,"href":"https:\/\/www.kktavastia.fi\/ammattiopisto\/wp-json\/wp\/v2\/tags?post=21472"}],"curies":[{"name":"wp","href":"https:\/\/api.w.org\/{rel}","templated":true}]}}