{"id":20627,"date":"2023-03-21T13:35:19","date_gmt":"2023-03-21T11:35:19","guid":{"rendered":"https:\/\/www.kktavastia.fi\/ammattiopisto\/?p=20627"},"modified":"2023-03-23T14:13:46","modified_gmt":"2023-03-23T12:13:46","slug":"tavastiarekry-tarjoili-tietoa-kesatoista","status":"publish","type":"post","link":"https:\/\/www.kktavastia.fi\/ammattiopisto\/2023\/03\/21\/tavastiarekry-tarjoili-tietoa-kesatoista\/","title":{"rendered":"TAVASTIArekry tarjoili tietoa kes\u00e4t\u00f6ist\u00e4"},"content":{"rendered":"\n<p>Tiistaina 21.3.2023 Ammattiopisto Tavastiassa j\u00e4rjestettiin jo perinteinen TAVASTIArekry-tapahtuma. Rekryss\u00e4 noin kolmisenkymment\u00e4 yrityst\u00e4 ja yhteis\u00f6\u00e4 esitteli ty\u00f6paikkatarjontaansa ja etsi ty\u00f6voimaa kes\u00e4ksi, harjoittelujaksoille ja pidemm\u00e4ksikin aikaa. Lis\u00e4ksi mukana oli ty\u00f6llisyyden toimijoita sek\u00e4 tietoa erilaisista koulutuspalveluista.<\/p>\n\n\n\n<p>Rekrytapahtuma pidettiin kampusalueen S-rakennuksen aulassa ja ensimm\u00e4ist\u00e4 kertaa tapahtuma levitt\u00e4ytyi kahteen kerrokseen niin, ett\u00e4 sosiaali- ja terveysalan yritykset olivat omassa tilassaan. <\/p>\n\n\n\n<p>Kaksi tuntia kest\u00e4neen tapahtuman aikana v\u00e4ke\u00e4 k\u00e4vi paikalla tasaisena virtana ja puheensorina oli iloista. <\/p>\n\n\n\n<p>Kiitos kaikille tapahtumaan osallistuneille!<\/p>\n\n\n\n<div class=\"wp-block-columns is-layout-flex wp-container-core-columns-is-layout-9d6595d7 wp-block-columns-is-layout-flex\">\n<div class=\"wp-block-column is-layout-flow wp-block-column-is-layout-flow\" style=\"flex-basis:100%\">\n<figure class=\"wp-block-gallery has-nested-images columns-default is-cropped wp-block-gallery-2 is-layout-flex wp-block-gallery-is-layout-flex\">\n<figure class=\"wp-block-image size-large\"><img loading=\"lazy\" decoding=\"async\" width=\"1024\" height=\"768\" data-id=\"20638\" src=\"https:\/\/www.kktavastia.fi\/media\/sites\/2\/img_20230321_093244-1024x768.jpg\" alt=\"\" class=\"wp-image-20638\" srcset=\"https:\/\/www.kktavastia.fi\/media\/sites\/2\/img_20230321_093244-1024x768.jpg 1024w, https:\/\/www.kktavastia.fi\/media\/sites\/2\/img_20230321_093244-300x225.jpg 300w, https:\/\/www.kktavastia.fi\/media\/sites\/2\/img_20230321_093244-768x576.jpg 768w, https:\/\/www.kktavastia.fi\/media\/sites\/2\/img_20230321_093244-1536x1152.jpg 1536w, https:\/\/www.kktavastia.fi\/media\/sites\/2\/img_20230321_093244-2048x1536.jpg 2048w, https:\/\/www.kktavastia.fi\/media\/sites\/2\/img_20230321_093244-20x15.jpg 20w\" sizes=\"auto, (max-width: 1024px) 100vw, 1024px\" \/><\/figure>\n\n\n\n<figure class=\"wp-block-image size-large\"><img decoding=\"async\" data-id=\"20639\" src=\"https:\/\/www.kktavastia.fi\/media\/sites\/2\/img_20230321_093323-768x1024.jpg\" alt=\"\" class=\"wp-image-20639 wpsmartcrop-image\" data-smartcrop-focus=\"[50,50]\" \/><\/figure>\n\n\n\n<figure class=\"wp-block-image size-large\"><img loading=\"lazy\" decoding=\"async\" width=\"1024\" height=\"768\" data-id=\"20637\" src=\"https:\/\/www.kktavastia.fi\/media\/sites\/2\/img_20230321_093643-1024x768.jpg\" alt=\"\" class=\"wp-image-20637\" srcset=\"https:\/\/www.kktavastia.fi\/media\/sites\/2\/img_20230321_093643-1024x768.jpg 1024w, https:\/\/www.kktavastia.fi\/media\/sites\/2\/img_20230321_093643-300x225.jpg 300w, https:\/\/www.kktavastia.fi\/media\/sites\/2\/img_20230321_093643-768x576.jpg 768w, https:\/\/www.kktavastia.fi\/media\/sites\/2\/img_20230321_093643-1536x1152.jpg 1536w, https:\/\/www.kktavastia.fi\/media\/sites\/2\/img_20230321_093643-2048x1536.jpg 2048w, https:\/\/www.kktavastia.fi\/media\/sites\/2\/img_20230321_093643-20x15.jpg 20w\" sizes=\"auto, (max-width: 1024px) 100vw, 1024px\" \/><\/figure>\n<\/figure>\n<\/div>\n<\/div>\n","protected":false},"excerpt":{"rendered":"<p>Tiistaina 21.3.2023 Ammattiopisto Tavastiassa j\u00e4rjestettiin jo perinteinen TAVASTIArekry-tapahtuma. Rekryss\u00e4 noin kolmisenkymment\u00e4 yrityst\u00e4 ja yhteis\u00f6\u00e4 esitteli ty\u00f6paikkatarjontaansa ja etsi ty\u00f6voimaa kes\u00e4ksi, [&hellip;]<\/p>\n","protected":false},"author":6,"featured_media":20639,"comment_status":"closed","ping_status":"closed","sticky":false,"template":"","format":"standard","meta":{"_acf_changed":false,"_relevanssi_hide_post":"","_relevanssi_hide_content":"","_relevanssi_pin_for_all":"","_relevanssi_pin_keywords":"","_relevanssi_unpin_keywords":"","_relevanssi_related_keywords":"","_relevanssi_related_include_ids":"","_relevanssi_related_exclude_ids":"","_relevanssi_related_no_append":"","_relevanssi_related_not_related":"","_relevanssi_related_posts":"","_relevanssi_noindex_reason":"","footnotes":""},"categories":[1],"tags":[],"class_list":["post-20627","post","type-post","status-publish","format-standard","has-post-thumbnail","hentry","category-yleinen"],"acf":[],"yoast_head":"<title>TAVASTIArekry tarjoili tietoa kes\u00e4t\u00f6ist\u00e4 - Ammattiopisto Tavastia<\/title>\n<meta name=\"robots\" content=\"index, follow, max-snippet:-1, max-image-preview:large, max-video-preview:-1\" \/>\n<link rel=\"canonical\" href=\"https:\/\/www.kktavastia.fi\/ammattiopisto\/2023\/03\/21\/tavastiarekry-tarjoili-tietoa-kesatoista\/\" \/>\n<meta property=\"og:locale\" content=\"fi_FI\" \/>\n<meta property=\"og:type\" content=\"article\" \/>\n<meta property=\"og:title\" content=\"TAVASTIArekry tarjoili tietoa kes\u00e4t\u00f6ist\u00e4 - Ammattiopisto Tavastia\" \/>\n<meta property=\"og:description\" content=\"Tiistaina 21.3.2023 Ammattiopisto Tavastiassa j\u00e4rjestettiin jo perinteinen TAVASTIArekry-tapahtuma. Rekryss\u00e4 noin kolmisenkymment\u00e4 yrityst\u00e4 ja yhteis\u00f6\u00e4 esitteli ty\u00f6paikkatarjontaansa ja etsi ty\u00f6voimaa kes\u00e4ksi, [&hellip;]\" \/>\n<meta property=\"og:url\" content=\"https:\/\/www.kktavastia.fi\/ammattiopisto\/2023\/03\/21\/tavastiarekry-tarjoili-tietoa-kesatoista\/\" \/>\n<meta property=\"og:site_name\" content=\"Ammattiopisto Tavastia\" \/>\n<meta property=\"article:published_time\" content=\"2023-03-21T11:35:19+00:00\" \/>\n<meta property=\"article:modified_time\" content=\"2023-03-23T12:13:46+00:00\" \/>\n<meta property=\"og:image\" content=\"https:\/\/www.kktavastia.fi\/media\/sites\/2\/img_20230321_093323-scaled.jpg\" \/>\n\t<meta property=\"og:image:width\" content=\"1920\" \/>\n\t<meta property=\"og:image:height\" content=\"2560\" \/>\n\t<meta property=\"og:image:type\" content=\"image\/jpeg\" \/>\n<meta name=\"author\" content=\"saraseppala\" \/>\n<meta name=\"twitter:card\" content=\"summary_large_image\" \/>\n<script type=\"application\/ld+json\" class=\"yoast-schema-graph\">{\"@context\":\"https:\\\/\\\/schema.org\",\"@graph\":[{\"@type\":\"Article\",\"@id\":\"https:\\\/\\\/www.kktavastia.fi\\\/ammattiopisto\\\/2023\\\/03\\\/21\\\/tavastiarekry-tarjoili-tietoa-kesatoista\\\/#article\",\"isPartOf\":{\"@id\":\"https:\\\/\\\/www.kktavastia.fi\\\/ammattiopisto\\\/2023\\\/03\\\/21\\\/tavastiarekry-tarjoili-tietoa-kesatoista\\\/\"},\"author\":{\"name\":\"saraseppala\",\"@id\":\"https:\\\/\\\/www.kktavastia.fi\\\/ammattiopisto\\\/#\\\/schema\\\/person\\\/817cce3016d2f14b9a7ed273534dcf4d\"},\"headline\":\"TAVASTIArekry tarjoili tietoa kes\u00e4t\u00f6ist\u00e4\",\"datePublished\":\"2023-03-21T11:35:19+00:00\",\"dateModified\":\"2023-03-23T12:13:46+00:00\",\"mainEntityOfPage\":{\"@id\":\"https:\\\/\\\/www.kktavastia.fi\\\/ammattiopisto\\\/2023\\\/03\\\/21\\\/tavastiarekry-tarjoili-tietoa-kesatoista\\\/\"},\"wordCount\":89,\"image\":{\"@id\":\"https:\\\/\\\/www.kktavastia.fi\\\/ammattiopisto\\\/2023\\\/03\\\/21\\\/tavastiarekry-tarjoili-tietoa-kesatoista\\\/#primaryimage\"},\"thumbnailUrl\":\"https:\\\/\\\/www.kktavastia.fi\\\/media\\\/sites\\\/2\\\/img_20230321_093323-scaled.jpg\",\"inLanguage\":\"fi\"},{\"@type\":\"WebPage\",\"@id\":\"https:\\\/\\\/www.kktavastia.fi\\\/ammattiopisto\\\/2023\\\/03\\\/21\\\/tavastiarekry-tarjoili-tietoa-kesatoista\\\/\",\"url\":\"https:\\\/\\\/www.kktavastia.fi\\\/ammattiopisto\\\/2023\\\/03\\\/21\\\/tavastiarekry-tarjoili-tietoa-kesatoista\\\/\",\"name\":\"TAVASTIArekry tarjoili tietoa kes\u00e4t\u00f6ist\u00e4 - Ammattiopisto Tavastia\",\"isPartOf\":{\"@id\":\"https:\\\/\\\/www.kktavastia.fi\\\/ammattiopisto\\\/#website\"},\"primaryImageOfPage\":{\"@id\":\"https:\\\/\\\/www.kktavastia.fi\\\/ammattiopisto\\\/2023\\\/03\\\/21\\\/tavastiarekry-tarjoili-tietoa-kesatoista\\\/#primaryimage\"},\"image\":{\"@id\":\"https:\\\/\\\/www.kktavastia.fi\\\/ammattiopisto\\\/2023\\\/03\\\/21\\\/tavastiarekry-tarjoili-tietoa-kesatoista\\\/#primaryimage\"},\"thumbnailUrl\":\"https:\\\/\\\/www.kktavastia.fi\\\/media\\\/sites\\\/2\\\/img_20230321_093323-scaled.jpg\",\"datePublished\":\"2023-03-21T11:35:19+00:00\",\"dateModified\":\"2023-03-23T12:13:46+00:00\",\"author\":{\"@id\":\"https:\\\/\\\/www.kktavastia.fi\\\/ammattiopisto\\\/#\\\/schema\\\/person\\\/817cce3016d2f14b9a7ed273534dcf4d\"},\"breadcrumb\":{\"@id\":\"https:\\\/\\\/www.kktavastia.fi\\\/ammattiopisto\\\/2023\\\/03\\\/21\\\/tavastiarekry-tarjoili-tietoa-kesatoista\\\/#breadcrumb\"},\"inLanguage\":\"fi\",\"potentialAction\":[{\"@type\":\"ReadAction\",\"target\":[\"https:\\\/\\\/www.kktavastia.fi\\\/ammattiopisto\\\/2023\\\/03\\\/21\\\/tavastiarekry-tarjoili-tietoa-kesatoista\\\/\"]}]},{\"@type\":\"ImageObject\",\"inLanguage\":\"fi\",\"@id\":\"https:\\\/\\\/www.kktavastia.fi\\\/ammattiopisto\\\/2023\\\/03\\\/21\\\/tavastiarekry-tarjoili-tietoa-kesatoista\\\/#primaryimage\",\"url\":\"https:\\\/\\\/www.kktavastia.fi\\\/media\\\/sites\\\/2\\\/img_20230321_093323-scaled.jpg\",\"contentUrl\":\"https:\\\/\\\/www.kktavastia.fi\\\/media\\\/sites\\\/2\\\/img_20230321_093323-scaled.jpg\",\"width\":1920,\"height\":2560,\"caption\":\"tavastia rekryn osallistujia ja n\u00e4ytteilleasettajia\"},{\"@type\":\"BreadcrumbList\",\"@id\":\"https:\\\/\\\/www.kktavastia.fi\\\/ammattiopisto\\\/2023\\\/03\\\/21\\\/tavastiarekry-tarjoili-tietoa-kesatoista\\\/#breadcrumb\",\"itemListElement\":[{\"@type\":\"ListItem\",\"position\":1,\"name\":\"Home\",\"item\":\"https:\\\/\\\/www.kktavastia.fi\\\/ammattiopisto\\\/\"},{\"@type\":\"ListItem\",\"position\":2,\"name\":\"TAVASTIArekry tarjoili tietoa kes\u00e4t\u00f6ist\u00e4\"}]},{\"@type\":\"WebSite\",\"@id\":\"https:\\\/\\\/www.kktavastia.fi\\\/ammattiopisto\\\/#website\",\"url\":\"https:\\\/\\\/www.kktavastia.fi\\\/ammattiopisto\\\/\",\"name\":\"Ammattiopisto Tavastia\",\"description\":\"\",\"potentialAction\":[{\"@type\":\"SearchAction\",\"target\":{\"@type\":\"EntryPoint\",\"urlTemplate\":\"https:\\\/\\\/www.kktavastia.fi\\\/ammattiopisto\\\/?s={search_term_string}\"},\"query-input\":{\"@type\":\"PropertyValueSpecification\",\"valueRequired\":true,\"valueName\":\"search_term_string\"}}],\"inLanguage\":\"fi\"},{\"@type\":\"Person\",\"@id\":\"https:\\\/\\\/www.kktavastia.fi\\\/ammattiopisto\\\/#\\\/schema\\\/person\\\/817cce3016d2f14b9a7ed273534dcf4d\",\"name\":\"saraseppala\",\"image\":{\"@type\":\"ImageObject\",\"inLanguage\":\"fi\",\"@id\":\"https:\\\/\\\/secure.gravatar.com\\\/avatar\\\/478c9f0d13d5df0e5e3d2ec80a1d93afb10baa5bf0f981b9874b9ad1ff76cafc?s=96&d=mm&r=g\",\"url\":\"https:\\\/\\\/secure.gravatar.com\\\/avatar\\\/478c9f0d13d5df0e5e3d2ec80a1d93afb10baa5bf0f981b9874b9ad1ff76cafc?s=96&d=mm&r=g\",\"contentUrl\":\"https:\\\/\\\/secure.gravatar.com\\\/avatar\\\/478c9f0d13d5df0e5e3d2ec80a1d93afb10baa5bf0f981b9874b9ad1ff76cafc?s=96&d=mm&r=g\",\"caption\":\"saraseppala\"},\"url\":\"https:\\\/\\\/www.kktavastia.fi\\\/ammattiopisto\\\/author\\\/saraseppala\\\/\"}]}<\/script>","yoast_head_json":{"title":"TAVASTIArekry tarjoili tietoa kes\u00e4t\u00f6ist\u00e4 - Ammattiopisto Tavastia","robots":{"index":"index","follow":"follow","max-snippet":"max-snippet:-1","max-image-preview":"max-image-preview:large","max-video-preview":"max-video-preview:-1"},"canonical":"https:\/\/www.kktavastia.fi\/ammattiopisto\/2023\/03\/21\/tavastiarekry-tarjoili-tietoa-kesatoista\/","og_locale":"fi_FI","og_type":"article","og_title":"TAVASTIArekry tarjoili tietoa kes\u00e4t\u00f6ist\u00e4 - Ammattiopisto Tavastia","og_description":"Tiistaina 21.3.2023 Ammattiopisto Tavastiassa j\u00e4rjestettiin jo perinteinen TAVASTIArekry-tapahtuma. Rekryss\u00e4 noin kolmisenkymment\u00e4 yrityst\u00e4 ja yhteis\u00f6\u00e4 esitteli ty\u00f6paikkatarjontaansa ja etsi ty\u00f6voimaa kes\u00e4ksi, [&hellip;]","og_url":"https:\/\/www.kktavastia.fi\/ammattiopisto\/2023\/03\/21\/tavastiarekry-tarjoili-tietoa-kesatoista\/","og_site_name":"Ammattiopisto Tavastia","article_published_time":"2023-03-21T11:35:19+00:00","article_modified_time":"2023-03-23T12:13:46+00:00","og_image":[{"width":1920,"height":2560,"url":"https:\/\/www.kktavastia.fi\/media\/sites\/2\/img_20230321_093323-scaled.jpg","type":"image\/jpeg"}],"author":"saraseppala","twitter_card":"summary_large_image","schema":{"@context":"https:\/\/schema.org","@graph":[{"@type":"Article","@id":"https:\/\/www.kktavastia.fi\/ammattiopisto\/2023\/03\/21\/tavastiarekry-tarjoili-tietoa-kesatoista\/#article","isPartOf":{"@id":"https:\/\/www.kktavastia.fi\/ammattiopisto\/2023\/03\/21\/tavastiarekry-tarjoili-tietoa-kesatoista\/"},"author":{"name":"saraseppala","@id":"https:\/\/www.kktavastia.fi\/ammattiopisto\/#\/schema\/person\/817cce3016d2f14b9a7ed273534dcf4d"},"headline":"TAVASTIArekry tarjoili tietoa kes\u00e4t\u00f6ist\u00e4","datePublished":"2023-03-21T11:35:19+00:00","dateModified":"2023-03-23T12:13:46+00:00","mainEntityOfPage":{"@id":"https:\/\/www.kktavastia.fi\/ammattiopisto\/2023\/03\/21\/tavastiarekry-tarjoili-tietoa-kesatoista\/"},"wordCount":89,"image":{"@id":"https:\/\/www.kktavastia.fi\/ammattiopisto\/2023\/03\/21\/tavastiarekry-tarjoili-tietoa-kesatoista\/#primaryimage"},"thumbnailUrl":"https:\/\/www.kktavastia.fi\/media\/sites\/2\/img_20230321_093323-scaled.jpg","inLanguage":"fi"},{"@type":"WebPage","@id":"https:\/\/www.kktavastia.fi\/ammattiopisto\/2023\/03\/21\/tavastiarekry-tarjoili-tietoa-kesatoista\/","url":"https:\/\/www.kktavastia.fi\/ammattiopisto\/2023\/03\/21\/tavastiarekry-tarjoili-tietoa-kesatoista\/","name":"TAVASTIArekry tarjoili tietoa kes\u00e4t\u00f6ist\u00e4 - Ammattiopisto Tavastia","isPartOf":{"@id":"https:\/\/www.kktavastia.fi\/ammattiopisto\/#website"},"primaryImageOfPage":{"@id":"https:\/\/www.kktavastia.fi\/ammattiopisto\/2023\/03\/21\/tavastiarekry-tarjoili-tietoa-kesatoista\/#primaryimage"},"image":{"@id":"https:\/\/www.kktavastia.fi\/ammattiopisto\/2023\/03\/21\/tavastiarekry-tarjoili-tietoa-kesatoista\/#primaryimage"},"thumbnailUrl":"https:\/\/www.kktavastia.fi\/media\/sites\/2\/img_20230321_093323-scaled.jpg","datePublished":"2023-03-21T11:35:19+00:00","dateModified":"2023-03-23T12:13:46+00:00","author":{"@id":"https:\/\/www.kktavastia.fi\/ammattiopisto\/#\/schema\/person\/817cce3016d2f14b9a7ed273534dcf4d"},"breadcrumb":{"@id":"https:\/\/www.kktavastia.fi\/ammattiopisto\/2023\/03\/21\/tavastiarekry-tarjoili-tietoa-kesatoista\/#breadcrumb"},"inLanguage":"fi","potentialAction":[{"@type":"ReadAction","target":["https:\/\/www.kktavastia.fi\/ammattiopisto\/2023\/03\/21\/tavastiarekry-tarjoili-tietoa-kesatoista\/"]}]},{"@type":"ImageObject","inLanguage":"fi","@id":"https:\/\/www.kktavastia.fi\/ammattiopisto\/2023\/03\/21\/tavastiarekry-tarjoili-tietoa-kesatoista\/#primaryimage","url":"https:\/\/www.kktavastia.fi\/media\/sites\/2\/img_20230321_093323-scaled.jpg","contentUrl":"https:\/\/www.kktavastia.fi\/media\/sites\/2\/img_20230321_093323-scaled.jpg","width":1920,"height":2560,"caption":"tavastia rekryn osallistujia ja n\u00e4ytteilleasettajia"},{"@type":"BreadcrumbList","@id":"https:\/\/www.kktavastia.fi\/ammattiopisto\/2023\/03\/21\/tavastiarekry-tarjoili-tietoa-kesatoista\/#breadcrumb","itemListElement":[{"@type":"ListItem","position":1,"name":"Home","item":"https:\/\/www.kktavastia.fi\/ammattiopisto\/"},{"@type":"ListItem","position":2,"name":"TAVASTIArekry tarjoili tietoa kes\u00e4t\u00f6ist\u00e4"}]},{"@type":"WebSite","@id":"https:\/\/www.kktavastia.fi\/ammattiopisto\/#website","url":"https:\/\/www.kktavastia.fi\/ammattiopisto\/","name":"Ammattiopisto Tavastia","description":"","potentialAction":[{"@type":"SearchAction","target":{"@type":"EntryPoint","urlTemplate":"https:\/\/www.kktavastia.fi\/ammattiopisto\/?s={search_term_string}"},"query-input":{"@type":"PropertyValueSpecification","valueRequired":true,"valueName":"search_term_string"}}],"inLanguage":"fi"},{"@type":"Person","@id":"https:\/\/www.kktavastia.fi\/ammattiopisto\/#\/schema\/person\/817cce3016d2f14b9a7ed273534dcf4d","name":"saraseppala","image":{"@type":"ImageObject","inLanguage":"fi","@id":"https:\/\/secure.gravatar.com\/avatar\/478c9f0d13d5df0e5e3d2ec80a1d93afb10baa5bf0f981b9874b9ad1ff76cafc?s=96&d=mm&r=g","url":"https:\/\/secure.gravatar.com\/avatar\/478c9f0d13d5df0e5e3d2ec80a1d93afb10baa5bf0f981b9874b9ad1ff76cafc?s=96&d=mm&r=g","contentUrl":"https:\/\/secure.gravatar.com\/avatar\/478c9f0d13d5df0e5e3d2ec80a1d93afb10baa5bf0f981b9874b9ad1ff76cafc?s=96&d=mm&r=g","caption":"saraseppala"},"url":"https:\/\/www.kktavastia.fi\/ammattiopisto\/author\/saraseppala\/"}]}},"_links":{"self":[{"href":"https:\/\/www.kktavastia.fi\/ammattiopisto\/wp-json\/wp\/v2\/posts\/20627","targetHints":{"allow":["GET"]}}],"collection":[{"href":"https:\/\/www.kktavastia.fi\/ammattiopisto\/wp-json\/wp\/v2\/posts"}],"about":[{"href":"https:\/\/www.kktavastia.fi\/ammattiopisto\/wp-json\/wp\/v2\/types\/post"}],"author":[{"embeddable":true,"href":"https:\/\/www.kktavastia.fi\/ammattiopisto\/wp-json\/wp\/v2\/users\/6"}],"replies":[{"embeddable":true,"href":"https:\/\/www.kktavastia.fi\/ammattiopisto\/wp-json\/wp\/v2\/comments?post=20627"}],"version-history":[{"count":4,"href":"https:\/\/www.kktavastia.fi\/ammattiopisto\/wp-json\/wp\/v2\/posts\/20627\/revisions"}],"predecessor-version":[{"id":20736,"href":"https:\/\/www.kktavastia.fi\/ammattiopisto\/wp-json\/wp\/v2\/posts\/20627\/revisions\/20736"}],"wp:featuredmedia":[{"embeddable":true,"href":"https:\/\/www.kktavastia.fi\/ammattiopisto\/wp-json\/wp\/v2\/media\/20639"}],"wp:attachment":[{"href":"https:\/\/www.kktavastia.fi\/ammattiopisto\/wp-json\/wp\/v2\/media?parent=20627"}],"wp:term":[{"taxonomy":"category","embeddable":true,"href":"https:\/\/www.kktavastia.fi\/ammattiopisto\/wp-json\/wp\/v2\/categories?post=20627"},{"taxonomy":"post_tag","embeddable":true,"href":"https:\/\/www.kktavastia.fi\/ammattiopisto\/wp-json\/wp\/v2\/tags?post=20627"}],"curies":[{"name":"wp","href":"https:\/\/api.w.org\/{rel}","templated":true}]}}