{"id":20437,"date":"2023-02-22T10:16:44","date_gmt":"2023-02-22T08:16:44","guid":{"rendered":"https:\/\/www.kktavastia.fi\/ammattiopisto\/?p=20437"},"modified":"2023-02-22T10:17:19","modified_gmt":"2023-02-22T08:17:19","slug":"tv-ohjelma-ja-tyoharjoittelu-ranskassa-leipuri-kondiittoriopiskelijat-neea-ja-emily-vauhdissa","status":"publish","type":"post","link":"https:\/\/www.kktavastia.fi\/ammattiopisto\/2023\/02\/22\/tv-ohjelma-ja-tyoharjoittelu-ranskassa-leipuri-kondiittoriopiskelijat-neea-ja-emily-vauhdissa\/","title":{"rendered":"Tv-ohjelma ja ty\u00f6harjoittelu Ranskassa \u2013 leipuri-kondiittoriopiskelijat Neea ja Emily vauhdissa"},"content":{"rendered":"\n<p class=\"is-style-ingress\">Tavastian kolmannen vuoden leipuri-kondiittoriopiskelijat Neea Vainio ja Emily Thompson ovat mukana Nelosen uudessa Mestarileipurit-ohjelmassa. Ohjelma alkaa maaliskuun lopulla, ja nyt nuoret naiset taiteilevat sanojensa kanssa, jotta eiv\u00e4t vahingossa tule kertoneeksi, kuinka heille ohjelmassa k\u00e4y.<\/p>\n\n\n\n<p><strong>Neea Vainion<\/strong> ja <strong>Emily Thompsonin<\/strong> p\u00e4\u00e4t\u00f6s hakea <a href=\"https:\/\/www.nelonen.fi\/uutiset\/mestarileipurit-alkaa-maaliskuussa-kilpailijat-ja-mummotuomaristo-julki-mukana-muun-muassa?fbclid=IwAR0wLcfDdL3hv5Q4Vsw5Yznzx2YvIjVmE-ai7_oMpxilN_kjrgf7ZmhrGa4\">Mestarileipurit-kilpailuun<\/a> syntyi hetken mielijohteesta.<\/p>\n\n\n\n<p>\u2013 Min\u00e4 selasin netist\u00e4 erilaisia ohjelmia, joihin voisi hakea ja huomasin t\u00e4m\u00e4n. Kysyin Emilylt\u00e4 ett\u00e4 haetaanko ja h\u00e4n vastasi joo, miksei, Neea kertoo.<\/p>\n\n\n\n<p>\u2013 Siin\u00e4 vaiheessa kun Neea sanoi, ett\u00e4 huomenna t\u00e4ytet\u00e4\u00e4n sitten hakulomake, jouduin kysym\u00e4\u00e4n, ett\u00e4 oletko tosissasi. Siihen saakka luulin, ett\u00e4 h\u00e4n vitsailee, Emily nauraa.<\/p>\n\n\n\n<h3 class=\"wp-block-heading\">Kaverukset kisaamassa<\/h3>\n\n\n\n<p>Neea ja Emily ovat tutustuneet toisiinsa Tavastiassa opintojen alkaessa syksyll\u00e4 2020. Parhaiden kaverusten on helppo toimia yhdess\u00e4, eik\u00e4 Mestarileipureiden ennakkoteht\u00e4v\u00e4n\u00e4 ollut kakunleivontakaan tuottanut heille vaikeuksia, vaan teht\u00e4v\u00e4 oli \u201dsopivan vaikea ja kiva suorittaa\u201d. Valmiista kakusta l\u00e4hetettiin kuvat tuotannolle, ja siit\u00e4 noin kuukauden p\u00e4\u00e4st\u00e4 he saivat tiet\u00e4\u00e4 olevansa mukana tv-ohjelmassa.<\/p>\n\n\n<div class=\"wp-block-image\">\n<figure class=\"alignright size-large is-resized\"><img loading=\"lazy\" decoding=\"async\" src=\"https:\/\/www.kktavastia.fi\/media\/sites\/2\/kuva1-6-576x1024.jpg\" alt=\"Emily ja Neea sateenvarjojen alla\" class=\"wp-image-20438 wpsmartcrop-image\" width=\"432\" height=\"768\" srcset=\"https:\/\/www.kktavastia.fi\/media\/sites\/2\/kuva1-6-576x1024.jpg 576w, https:\/\/www.kktavastia.fi\/media\/sites\/2\/kuva1-6-169x300.jpg 169w, https:\/\/www.kktavastia.fi\/media\/sites\/2\/kuva1-6-11x20.jpg 11w, https:\/\/www.kktavastia.fi\/media\/sites\/2\/kuva1-6.jpg 750w\" sizes=\"auto, (max-width: 432px) 100vw, 432px\" data-smartcrop-focus=\"[49,25]\" \/><figcaption class=\"wp-element-caption\">Emily Thompson ja Neea Vainio tv-ohjelman kuvausten aikaan.<\/figcaption><\/figure>\n<\/div>\n\n\n<p>Mestarileipureiden jaksot kuvattiin tammikuussa. Sit\u00e4, kuinka kauan kuvaukset yhteens\u00e4 kestiv\u00e4t, Neea ja Emily eiv\u00e4t voi paljastaa, koska se tietysti riippuu siit\u00e4, miten pitk\u00e4lle kilpailussa p\u00e4\u00e4see. V\u00e4lill\u00e4 joutuukin pit\u00e4m\u00e4\u00e4n kielen keskell\u00e4 suuta, jotta ei tule paljastaneeksi liikaa.<\/p>\n\n\n\n<p>\u2013 Joudutte katsomaan ohjelman telkkarista, jotta n\u00e4ette, kuinka meille k\u00e4y, he virnuilevat.<\/p>\n\n\n\n<p>Kuvausten aikainen poissaolo opinnoista ei tuottanut kaksikolle hankaluuksia.<\/p>\n\n\n\n<p>\u2013 Meill\u00e4 sattui juuri kuvausten aikaan olemaan luovan leivonnan kurssi, joten saimme ohjelmasta hyv\u00e4ksilukuja opintoihin, Emily sanoo.<\/p>\n\n\n\n<p>Ohjelmassa keskityt\u00e4\u00e4n nimenomaan makeaan leivontaan, ja \u201dkilpailussa laatu korvaa m\u00e4\u00e4r\u00e4n, ja leivontaan hurahtaneiden kilpailijoiden luovuudelle annetaan tilaa\u201d. Mestarileipureiden tuomaristossa istuu kolme mummoa ja ohjelmaa juontaa <strong>Antti Holma<\/strong>.<\/p>\n\n\n\n<h3 class=\"wp-block-heading\">Taitajat ja Ranskan reissu<\/h3>\n\n\n\n<p>Kokemuksena kilpailu oli Neean ja Emilyn mielest\u00e4 hieno ja antoi uusia kavereita ja osaamista.<\/p>\n\n\n\n<p>\u2013 Meill\u00e4 on muiden kisaajien kanssa yhteinen ryhm\u00e4, jossa pidet\u00e4\u00e4n yhteytt\u00e4, ja kahden muun kilpailijan kanssa olemme enemm\u00e4nkin tekemisiss\u00e4 edelleen.<\/p>\n\n\n\n<p>Kaksikosta Emily ei tunnusta olevansa yht\u00e4\u00e4n kilpailuhenkinen, mutta Neea taas on sit\u00e4kin enemm\u00e4n. Siit\u00e4 kertoo my\u00f6s se, ett\u00e4 t\u00e4n\u00e4 kev\u00e4\u00e4n\u00e4 Neea on jo toista vuotta per\u00e4kk\u00e4in <a href=\"https:\/\/taitaja2023.fi\/fi\/\">Taitaja-kilpailun<\/a> finaalissa. Finaali pidet\u00e4\u00e4n toukokuussa Espoossa, mutta finaalille ei ole viel\u00e4 aikaa uhrata ajatuksia, sill\u00e4 heti talviloman j\u00e4lkeen Neea ja Emily suuntaavat Ranskaan, jossa heill\u00e4 on kuukauden kest\u00e4v\u00e4 ty\u00f6harjoittelujakso.<\/p>\n\n\n\n<p>\u2013 Menemme Le Mansin kaupunkiin, jossa meille on hankittu harjoittelupaikat paikallisesta leipomosta.<\/p>\n\n\n\n<p>Tavastiasta matkaan l\u00e4htee Neean ja Emilyn lis\u00e4ksi yksi muukin leipuri-kondiittoriopiskelija ja kaksi kokkiopiskelijaa. Majoitus koko porukalle on yhteisess\u00e4 Airbnb-asunnossa. Emily ja Neea odottavat Ranskan reissua innolla, sill\u00e4 molemmilla on haaveena joskus ty\u00f6skennell\u00e4 ulkomailla.<\/p>\n\n\n\n<p>\u2013 Tavoitteena on ty\u00f6nteon lis\u00e4ksi ehti\u00e4 k\u00e4ym\u00e4\u00e4n ainakin Pariisissa!<\/p>\n\n\n\n<p>Kes\u00e4ty\u00f6t sek\u00e4 Emily ett\u00e4 Neea aikovat hoitaa 4H-yritt\u00e4jin\u00e4 ty\u00f6llist\u00e4en itse itsens\u00e4. Aikomuksena on tehd\u00e4 tilausleivontaa sek\u00e4 v\u00e4lill\u00e4 pit\u00e4\u00e4 my\u00f6s pop up -kahviloita. Kiireinen kev\u00e4t ja kes\u00e4 siis edess\u00e4!<\/p>\n\n\n\n<p><em>Mestarileipurit-ohjelma alkaa Nelosella ja Ruudussa 28.3.<\/em><\/p>\n","protected":false},"excerpt":{"rendered":"<p>Tavastian kolmannen vuoden leipuri-kondiittoriopiskelijat Neea Vainio ja Emily Thompson ovat mukana Nelosen uudessa Mestarileipurit-ohjelmassa. Ohjelma alkaa maaliskuun lopulla, ja nyt [&hellip;]<\/p>\n","protected":false},"author":6,"featured_media":20438,"comment_status":"closed","ping_status":"closed","sticky":false,"template":"","format":"standard","meta":{"_acf_changed":false,"_relevanssi_hide_post":"","_relevanssi_hide_content":"","_relevanssi_pin_for_all":"","_relevanssi_pin_keywords":"","_relevanssi_unpin_keywords":"","_relevanssi_related_keywords":"","_relevanssi_related_include_ids":"","_relevanssi_related_exclude_ids":"","_relevanssi_related_no_append":"","_relevanssi_related_not_related":"","_relevanssi_related_posts":"","_relevanssi_noindex_reason":"","footnotes":""},"categories":[1],"tags":[139,138],"class_list":["post-20437","post","type-post","status-publish","format-standard","has-post-thumbnail","hentry","category-yleinen","tag-leipurit","tag-mestarileipurit"],"acf":[],"yoast_head":"<title>Tv-ohjelma ja ty\u00f6harjoittelu Ranskassa \u2013 leipuri-kondiittoriopiskelijat Neea ja Emily vauhdissa - Ammattiopisto Tavastia<\/title>\n<meta name=\"robots\" content=\"index, follow, max-snippet:-1, max-image-preview:large, max-video-preview:-1\" \/>\n<link rel=\"canonical\" href=\"https:\/\/www.kktavastia.fi\/ammattiopisto\/2023\/02\/22\/tv-ohjelma-ja-tyoharjoittelu-ranskassa-leipuri-kondiittoriopiskelijat-neea-ja-emily-vauhdissa\/\" \/>\n<meta property=\"og:locale\" content=\"fi_FI\" \/>\n<meta property=\"og:type\" content=\"article\" \/>\n<meta property=\"og:title\" content=\"Tv-ohjelma ja ty\u00f6harjoittelu Ranskassa \u2013 leipuri-kondiittoriopiskelijat Neea ja Emily vauhdissa - Ammattiopisto Tavastia\" \/>\n<meta property=\"og:description\" content=\"Tavastian kolmannen vuoden leipuri-kondiittoriopiskelijat Neea Vainio ja Emily Thompson ovat mukana Nelosen uudessa Mestarileipurit-ohjelmassa. Ohjelma alkaa maaliskuun lopulla, ja nyt [&hellip;]\" \/>\n<meta property=\"og:url\" content=\"https:\/\/www.kktavastia.fi\/ammattiopisto\/2023\/02\/22\/tv-ohjelma-ja-tyoharjoittelu-ranskassa-leipuri-kondiittoriopiskelijat-neea-ja-emily-vauhdissa\/\" \/>\n<meta property=\"og:site_name\" content=\"Ammattiopisto Tavastia\" \/>\n<meta property=\"article:published_time\" content=\"2023-02-22T08:16:44+00:00\" \/>\n<meta property=\"article:modified_time\" content=\"2023-02-22T08:17:19+00:00\" \/>\n<meta property=\"og:image\" content=\"https:\/\/www.kktavastia.fi\/media\/sites\/2\/kuva1-6.jpg\" \/>\n\t<meta property=\"og:image:width\" content=\"750\" \/>\n\t<meta property=\"og:image:height\" content=\"1334\" \/>\n\t<meta property=\"og:image:type\" content=\"image\/jpeg\" \/>\n<meta name=\"author\" content=\"saraseppala\" \/>\n<meta name=\"twitter:card\" content=\"summary_large_image\" \/>\n<script type=\"application\/ld+json\" class=\"yoast-schema-graph\">{\"@context\":\"https:\\\/\\\/schema.org\",\"@graph\":[{\"@type\":\"Article\",\"@id\":\"https:\\\/\\\/www.kktavastia.fi\\\/ammattiopisto\\\/2023\\\/02\\\/22\\\/tv-ohjelma-ja-tyoharjoittelu-ranskassa-leipuri-kondiittoriopiskelijat-neea-ja-emily-vauhdissa\\\/#article\",\"isPartOf\":{\"@id\":\"https:\\\/\\\/www.kktavastia.fi\\\/ammattiopisto\\\/2023\\\/02\\\/22\\\/tv-ohjelma-ja-tyoharjoittelu-ranskassa-leipuri-kondiittoriopiskelijat-neea-ja-emily-vauhdissa\\\/\"},\"author\":{\"name\":\"saraseppala\",\"@id\":\"https:\\\/\\\/www.kktavastia.fi\\\/ammattiopisto\\\/#\\\/schema\\\/person\\\/817cce3016d2f14b9a7ed273534dcf4d\"},\"headline\":\"Tv-ohjelma ja ty\u00f6harjoittelu Ranskassa \u2013 leipuri-kondiittoriopiskelijat Neea ja Emily vauhdissa\",\"datePublished\":\"2023-02-22T08:16:44+00:00\",\"dateModified\":\"2023-02-22T08:17:19+00:00\",\"mainEntityOfPage\":{\"@id\":\"https:\\\/\\\/www.kktavastia.fi\\\/ammattiopisto\\\/2023\\\/02\\\/22\\\/tv-ohjelma-ja-tyoharjoittelu-ranskassa-leipuri-kondiittoriopiskelijat-neea-ja-emily-vauhdissa\\\/\"},\"wordCount\":491,\"image\":{\"@id\":\"https:\\\/\\\/www.kktavastia.fi\\\/ammattiopisto\\\/2023\\\/02\\\/22\\\/tv-ohjelma-ja-tyoharjoittelu-ranskassa-leipuri-kondiittoriopiskelijat-neea-ja-emily-vauhdissa\\\/#primaryimage\"},\"thumbnailUrl\":\"https:\\\/\\\/www.kktavastia.fi\\\/media\\\/sites\\\/2\\\/kuva1-6.jpg\",\"keywords\":[\"leipurit\",\"mestarileipurit\"],\"inLanguage\":\"fi\"},{\"@type\":\"WebPage\",\"@id\":\"https:\\\/\\\/www.kktavastia.fi\\\/ammattiopisto\\\/2023\\\/02\\\/22\\\/tv-ohjelma-ja-tyoharjoittelu-ranskassa-leipuri-kondiittoriopiskelijat-neea-ja-emily-vauhdissa\\\/\",\"url\":\"https:\\\/\\\/www.kktavastia.fi\\\/ammattiopisto\\\/2023\\\/02\\\/22\\\/tv-ohjelma-ja-tyoharjoittelu-ranskassa-leipuri-kondiittoriopiskelijat-neea-ja-emily-vauhdissa\\\/\",\"name\":\"Tv-ohjelma ja ty\u00f6harjoittelu Ranskassa \u2013 leipuri-kondiittoriopiskelijat Neea ja Emily vauhdissa - Ammattiopisto Tavastia\",\"isPartOf\":{\"@id\":\"https:\\\/\\\/www.kktavastia.fi\\\/ammattiopisto\\\/#website\"},\"primaryImageOfPage\":{\"@id\":\"https:\\\/\\\/www.kktavastia.fi\\\/ammattiopisto\\\/2023\\\/02\\\/22\\\/tv-ohjelma-ja-tyoharjoittelu-ranskassa-leipuri-kondiittoriopiskelijat-neea-ja-emily-vauhdissa\\\/#primaryimage\"},\"image\":{\"@id\":\"https:\\\/\\\/www.kktavastia.fi\\\/ammattiopisto\\\/2023\\\/02\\\/22\\\/tv-ohjelma-ja-tyoharjoittelu-ranskassa-leipuri-kondiittoriopiskelijat-neea-ja-emily-vauhdissa\\\/#primaryimage\"},\"thumbnailUrl\":\"https:\\\/\\\/www.kktavastia.fi\\\/media\\\/sites\\\/2\\\/kuva1-6.jpg\",\"datePublished\":\"2023-02-22T08:16:44+00:00\",\"dateModified\":\"2023-02-22T08:17:19+00:00\",\"author\":{\"@id\":\"https:\\\/\\\/www.kktavastia.fi\\\/ammattiopisto\\\/#\\\/schema\\\/person\\\/817cce3016d2f14b9a7ed273534dcf4d\"},\"breadcrumb\":{\"@id\":\"https:\\\/\\\/www.kktavastia.fi\\\/ammattiopisto\\\/2023\\\/02\\\/22\\\/tv-ohjelma-ja-tyoharjoittelu-ranskassa-leipuri-kondiittoriopiskelijat-neea-ja-emily-vauhdissa\\\/#breadcrumb\"},\"inLanguage\":\"fi\",\"potentialAction\":[{\"@type\":\"ReadAction\",\"target\":[\"https:\\\/\\\/www.kktavastia.fi\\\/ammattiopisto\\\/2023\\\/02\\\/22\\\/tv-ohjelma-ja-tyoharjoittelu-ranskassa-leipuri-kondiittoriopiskelijat-neea-ja-emily-vauhdissa\\\/\"]}]},{\"@type\":\"ImageObject\",\"inLanguage\":\"fi\",\"@id\":\"https:\\\/\\\/www.kktavastia.fi\\\/ammattiopisto\\\/2023\\\/02\\\/22\\\/tv-ohjelma-ja-tyoharjoittelu-ranskassa-leipuri-kondiittoriopiskelijat-neea-ja-emily-vauhdissa\\\/#primaryimage\",\"url\":\"https:\\\/\\\/www.kktavastia.fi\\\/media\\\/sites\\\/2\\\/kuva1-6.jpg\",\"contentUrl\":\"https:\\\/\\\/www.kktavastia.fi\\\/media\\\/sites\\\/2\\\/kuva1-6.jpg\",\"width\":750,\"height\":1334,\"caption\":\"Emily ja Neea sateenvarjojen alla\"},{\"@type\":\"BreadcrumbList\",\"@id\":\"https:\\\/\\\/www.kktavastia.fi\\\/ammattiopisto\\\/2023\\\/02\\\/22\\\/tv-ohjelma-ja-tyoharjoittelu-ranskassa-leipuri-kondiittoriopiskelijat-neea-ja-emily-vauhdissa\\\/#breadcrumb\",\"itemListElement\":[{\"@type\":\"ListItem\",\"position\":1,\"name\":\"Home\",\"item\":\"https:\\\/\\\/www.kktavastia.fi\\\/ammattiopisto\\\/\"},{\"@type\":\"ListItem\",\"position\":2,\"name\":\"Tv-ohjelma ja ty\u00f6harjoittelu Ranskassa \u2013 leipuri-kondiittoriopiskelijat Neea ja Emily vauhdissa\"}]},{\"@type\":\"WebSite\",\"@id\":\"https:\\\/\\\/www.kktavastia.fi\\\/ammattiopisto\\\/#website\",\"url\":\"https:\\\/\\\/www.kktavastia.fi\\\/ammattiopisto\\\/\",\"name\":\"Ammattiopisto Tavastia\",\"description\":\"\",\"potentialAction\":[{\"@type\":\"SearchAction\",\"target\":{\"@type\":\"EntryPoint\",\"urlTemplate\":\"https:\\\/\\\/www.kktavastia.fi\\\/ammattiopisto\\\/?s={search_term_string}\"},\"query-input\":{\"@type\":\"PropertyValueSpecification\",\"valueRequired\":true,\"valueName\":\"search_term_string\"}}],\"inLanguage\":\"fi\"},{\"@type\":\"Person\",\"@id\":\"https:\\\/\\\/www.kktavastia.fi\\\/ammattiopisto\\\/#\\\/schema\\\/person\\\/817cce3016d2f14b9a7ed273534dcf4d\",\"name\":\"saraseppala\",\"image\":{\"@type\":\"ImageObject\",\"inLanguage\":\"fi\",\"@id\":\"https:\\\/\\\/secure.gravatar.com\\\/avatar\\\/478c9f0d13d5df0e5e3d2ec80a1d93afb10baa5bf0f981b9874b9ad1ff76cafc?s=96&d=mm&r=g\",\"url\":\"https:\\\/\\\/secure.gravatar.com\\\/avatar\\\/478c9f0d13d5df0e5e3d2ec80a1d93afb10baa5bf0f981b9874b9ad1ff76cafc?s=96&d=mm&r=g\",\"contentUrl\":\"https:\\\/\\\/secure.gravatar.com\\\/avatar\\\/478c9f0d13d5df0e5e3d2ec80a1d93afb10baa5bf0f981b9874b9ad1ff76cafc?s=96&d=mm&r=g\",\"caption\":\"saraseppala\"},\"url\":\"https:\\\/\\\/www.kktavastia.fi\\\/ammattiopisto\\\/author\\\/saraseppala\\\/\"}]}<\/script>","yoast_head_json":{"title":"Tv-ohjelma ja ty\u00f6harjoittelu Ranskassa \u2013 leipuri-kondiittoriopiskelijat Neea ja Emily vauhdissa - Ammattiopisto Tavastia","robots":{"index":"index","follow":"follow","max-snippet":"max-snippet:-1","max-image-preview":"max-image-preview:large","max-video-preview":"max-video-preview:-1"},"canonical":"https:\/\/www.kktavastia.fi\/ammattiopisto\/2023\/02\/22\/tv-ohjelma-ja-tyoharjoittelu-ranskassa-leipuri-kondiittoriopiskelijat-neea-ja-emily-vauhdissa\/","og_locale":"fi_FI","og_type":"article","og_title":"Tv-ohjelma ja ty\u00f6harjoittelu Ranskassa \u2013 leipuri-kondiittoriopiskelijat Neea ja Emily vauhdissa - Ammattiopisto Tavastia","og_description":"Tavastian kolmannen vuoden leipuri-kondiittoriopiskelijat Neea Vainio ja Emily Thompson ovat mukana Nelosen uudessa Mestarileipurit-ohjelmassa. Ohjelma alkaa maaliskuun lopulla, ja nyt [&hellip;]","og_url":"https:\/\/www.kktavastia.fi\/ammattiopisto\/2023\/02\/22\/tv-ohjelma-ja-tyoharjoittelu-ranskassa-leipuri-kondiittoriopiskelijat-neea-ja-emily-vauhdissa\/","og_site_name":"Ammattiopisto Tavastia","article_published_time":"2023-02-22T08:16:44+00:00","article_modified_time":"2023-02-22T08:17:19+00:00","og_image":[{"width":750,"height":1334,"url":"https:\/\/www.kktavastia.fi\/media\/sites\/2\/kuva1-6.jpg","type":"image\/jpeg"}],"author":"saraseppala","twitter_card":"summary_large_image","schema":{"@context":"https:\/\/schema.org","@graph":[{"@type":"Article","@id":"https:\/\/www.kktavastia.fi\/ammattiopisto\/2023\/02\/22\/tv-ohjelma-ja-tyoharjoittelu-ranskassa-leipuri-kondiittoriopiskelijat-neea-ja-emily-vauhdissa\/#article","isPartOf":{"@id":"https:\/\/www.kktavastia.fi\/ammattiopisto\/2023\/02\/22\/tv-ohjelma-ja-tyoharjoittelu-ranskassa-leipuri-kondiittoriopiskelijat-neea-ja-emily-vauhdissa\/"},"author":{"name":"saraseppala","@id":"https:\/\/www.kktavastia.fi\/ammattiopisto\/#\/schema\/person\/817cce3016d2f14b9a7ed273534dcf4d"},"headline":"Tv-ohjelma ja ty\u00f6harjoittelu Ranskassa \u2013 leipuri-kondiittoriopiskelijat Neea ja Emily vauhdissa","datePublished":"2023-02-22T08:16:44+00:00","dateModified":"2023-02-22T08:17:19+00:00","mainEntityOfPage":{"@id":"https:\/\/www.kktavastia.fi\/ammattiopisto\/2023\/02\/22\/tv-ohjelma-ja-tyoharjoittelu-ranskassa-leipuri-kondiittoriopiskelijat-neea-ja-emily-vauhdissa\/"},"wordCount":491,"image":{"@id":"https:\/\/www.kktavastia.fi\/ammattiopisto\/2023\/02\/22\/tv-ohjelma-ja-tyoharjoittelu-ranskassa-leipuri-kondiittoriopiskelijat-neea-ja-emily-vauhdissa\/#primaryimage"},"thumbnailUrl":"https:\/\/www.kktavastia.fi\/media\/sites\/2\/kuva1-6.jpg","keywords":["leipurit","mestarileipurit"],"inLanguage":"fi"},{"@type":"WebPage","@id":"https:\/\/www.kktavastia.fi\/ammattiopisto\/2023\/02\/22\/tv-ohjelma-ja-tyoharjoittelu-ranskassa-leipuri-kondiittoriopiskelijat-neea-ja-emily-vauhdissa\/","url":"https:\/\/www.kktavastia.fi\/ammattiopisto\/2023\/02\/22\/tv-ohjelma-ja-tyoharjoittelu-ranskassa-leipuri-kondiittoriopiskelijat-neea-ja-emily-vauhdissa\/","name":"Tv-ohjelma ja ty\u00f6harjoittelu Ranskassa \u2013 leipuri-kondiittoriopiskelijat Neea ja Emily vauhdissa - Ammattiopisto Tavastia","isPartOf":{"@id":"https:\/\/www.kktavastia.fi\/ammattiopisto\/#website"},"primaryImageOfPage":{"@id":"https:\/\/www.kktavastia.fi\/ammattiopisto\/2023\/02\/22\/tv-ohjelma-ja-tyoharjoittelu-ranskassa-leipuri-kondiittoriopiskelijat-neea-ja-emily-vauhdissa\/#primaryimage"},"image":{"@id":"https:\/\/www.kktavastia.fi\/ammattiopisto\/2023\/02\/22\/tv-ohjelma-ja-tyoharjoittelu-ranskassa-leipuri-kondiittoriopiskelijat-neea-ja-emily-vauhdissa\/#primaryimage"},"thumbnailUrl":"https:\/\/www.kktavastia.fi\/media\/sites\/2\/kuva1-6.jpg","datePublished":"2023-02-22T08:16:44+00:00","dateModified":"2023-02-22T08:17:19+00:00","author":{"@id":"https:\/\/www.kktavastia.fi\/ammattiopisto\/#\/schema\/person\/817cce3016d2f14b9a7ed273534dcf4d"},"breadcrumb":{"@id":"https:\/\/www.kktavastia.fi\/ammattiopisto\/2023\/02\/22\/tv-ohjelma-ja-tyoharjoittelu-ranskassa-leipuri-kondiittoriopiskelijat-neea-ja-emily-vauhdissa\/#breadcrumb"},"inLanguage":"fi","potentialAction":[{"@type":"ReadAction","target":["https:\/\/www.kktavastia.fi\/ammattiopisto\/2023\/02\/22\/tv-ohjelma-ja-tyoharjoittelu-ranskassa-leipuri-kondiittoriopiskelijat-neea-ja-emily-vauhdissa\/"]}]},{"@type":"ImageObject","inLanguage":"fi","@id":"https:\/\/www.kktavastia.fi\/ammattiopisto\/2023\/02\/22\/tv-ohjelma-ja-tyoharjoittelu-ranskassa-leipuri-kondiittoriopiskelijat-neea-ja-emily-vauhdissa\/#primaryimage","url":"https:\/\/www.kktavastia.fi\/media\/sites\/2\/kuva1-6.jpg","contentUrl":"https:\/\/www.kktavastia.fi\/media\/sites\/2\/kuva1-6.jpg","width":750,"height":1334,"caption":"Emily ja Neea sateenvarjojen alla"},{"@type":"BreadcrumbList","@id":"https:\/\/www.kktavastia.fi\/ammattiopisto\/2023\/02\/22\/tv-ohjelma-ja-tyoharjoittelu-ranskassa-leipuri-kondiittoriopiskelijat-neea-ja-emily-vauhdissa\/#breadcrumb","itemListElement":[{"@type":"ListItem","position":1,"name":"Home","item":"https:\/\/www.kktavastia.fi\/ammattiopisto\/"},{"@type":"ListItem","position":2,"name":"Tv-ohjelma ja ty\u00f6harjoittelu Ranskassa \u2013 leipuri-kondiittoriopiskelijat Neea ja Emily vauhdissa"}]},{"@type":"WebSite","@id":"https:\/\/www.kktavastia.fi\/ammattiopisto\/#website","url":"https:\/\/www.kktavastia.fi\/ammattiopisto\/","name":"Ammattiopisto Tavastia","description":"","potentialAction":[{"@type":"SearchAction","target":{"@type":"EntryPoint","urlTemplate":"https:\/\/www.kktavastia.fi\/ammattiopisto\/?s={search_term_string}"},"query-input":{"@type":"PropertyValueSpecification","valueRequired":true,"valueName":"search_term_string"}}],"inLanguage":"fi"},{"@type":"Person","@id":"https:\/\/www.kktavastia.fi\/ammattiopisto\/#\/schema\/person\/817cce3016d2f14b9a7ed273534dcf4d","name":"saraseppala","image":{"@type":"ImageObject","inLanguage":"fi","@id":"https:\/\/secure.gravatar.com\/avatar\/478c9f0d13d5df0e5e3d2ec80a1d93afb10baa5bf0f981b9874b9ad1ff76cafc?s=96&d=mm&r=g","url":"https:\/\/secure.gravatar.com\/avatar\/478c9f0d13d5df0e5e3d2ec80a1d93afb10baa5bf0f981b9874b9ad1ff76cafc?s=96&d=mm&r=g","contentUrl":"https:\/\/secure.gravatar.com\/avatar\/478c9f0d13d5df0e5e3d2ec80a1d93afb10baa5bf0f981b9874b9ad1ff76cafc?s=96&d=mm&r=g","caption":"saraseppala"},"url":"https:\/\/www.kktavastia.fi\/ammattiopisto\/author\/saraseppala\/"}]}},"_links":{"self":[{"href":"https:\/\/www.kktavastia.fi\/ammattiopisto\/wp-json\/wp\/v2\/posts\/20437","targetHints":{"allow":["GET"]}}],"collection":[{"href":"https:\/\/www.kktavastia.fi\/ammattiopisto\/wp-json\/wp\/v2\/posts"}],"about":[{"href":"https:\/\/www.kktavastia.fi\/ammattiopisto\/wp-json\/wp\/v2\/types\/post"}],"author":[{"embeddable":true,"href":"https:\/\/www.kktavastia.fi\/ammattiopisto\/wp-json\/wp\/v2\/users\/6"}],"replies":[{"embeddable":true,"href":"https:\/\/www.kktavastia.fi\/ammattiopisto\/wp-json\/wp\/v2\/comments?post=20437"}],"version-history":[{"count":1,"href":"https:\/\/www.kktavastia.fi\/ammattiopisto\/wp-json\/wp\/v2\/posts\/20437\/revisions"}],"predecessor-version":[{"id":20439,"href":"https:\/\/www.kktavastia.fi\/ammattiopisto\/wp-json\/wp\/v2\/posts\/20437\/revisions\/20439"}],"wp:featuredmedia":[{"embeddable":true,"href":"https:\/\/www.kktavastia.fi\/ammattiopisto\/wp-json\/wp\/v2\/media\/20438"}],"wp:attachment":[{"href":"https:\/\/www.kktavastia.fi\/ammattiopisto\/wp-json\/wp\/v2\/media?parent=20437"}],"wp:term":[{"taxonomy":"category","embeddable":true,"href":"https:\/\/www.kktavastia.fi\/ammattiopisto\/wp-json\/wp\/v2\/categories?post=20437"},{"taxonomy":"post_tag","embeddable":true,"href":"https:\/\/www.kktavastia.fi\/ammattiopisto\/wp-json\/wp\/v2\/tags?post=20437"}],"curies":[{"name":"wp","href":"https:\/\/api.w.org\/{rel}","templated":true}]}}