{"id":19605,"date":"2022-10-25T16:12:45","date_gmt":"2022-10-25T13:12:45","guid":{"rendered":"https:\/\/www.kktavastia.fi\/ammattiopisto\/?p=19605"},"modified":"2022-10-25T16:16:05","modified_gmt":"2022-10-25T13:16:05","slug":"tyoelamavalmiuksia-vahvistettiin-syysloman-opvassa","status":"publish","type":"post","link":"https:\/\/www.kktavastia.fi\/ammattiopisto\/2022\/10\/25\/tyoelamavalmiuksia-vahvistettiin-syysloman-opvassa\/","title":{"rendered":"Ty\u00f6el\u00e4m\u00e4valmiuksia vahvistettiin syysloman OPVAssa"},"content":{"rendered":"\n<p>Syyslomalla toteutettiin Ty\u00f6el\u00e4m\u00e4valmiudet-OPVA-opinnot. Opo Elina Sorvari, uraohjaaja Taru Vierimaa, erityisopettaja Tia Ekholm sek\u00e4 projektity\u00f6ntekij\u00e4 Sirpa Rintala toteuttivat ensimm\u00e4ist\u00e4 kertaa viiden p\u00e4iv\u00e4n OPVA-pajan, jossa tavoitteena oli vahvistaa opiskelijoiden ty\u00f6nhakutaitoja. Pajassa pyrittiin l\u00f6yt\u00e4m\u00e4\u00e4n omia vahvuuksia, keskusteltiin suomalaisesta ty\u00f6el\u00e4m\u00e4st\u00e4, p\u00e4ivitettiin CV ja harjoiteltiin ty\u00f6hakemuksen kirjoittamista ja ty\u00f6haastatteluja sek\u00e4 oman video-CV:n laatimista.<\/p>\n\n\n\n<p>Puhtaus- ja kiinteist\u00f6palvelualan tuleva oppisopimusopiskelija Kinna Kaihola piti pajaty\u00f6skentely\u00e4 hy\u00f6dyllisen\u00e4, koska h\u00e4nen CV:ns\u00e4 kaipasi p\u00e4ivitt\u00e4mist\u00e4 ja nyt h\u00e4nell\u00e4 oli paikka miss\u00e4 sen sai tehd\u00e4 ja CV:n laatimiseen sai tukea. Kinna kertoi, ett\u00e4 h\u00e4n on innostunut opiskelusta ja tekee t\u00f6it\u00e4 samalla kun opiskelee. &nbsp;Nyt oli hyv\u00e4 aika p\u00e4ivitt\u00e4\u00e4 omat paperit ty\u00f6nhakukuntoon pitk\u00e4n tauon j\u00e4lkeen.<\/p>\n\n\n\n<p>Ty\u00f6el\u00e4m\u00e4valmiudet-OPVA on yksi OPVA-opintojen malleista, joita oppilaitoksessamme j\u00e4rjestet\u00e4\u00e4n t\u00e4n\u00e4 lukuvuonna. Tavoitteena on vahvistaa esimerkiksi kieli-, digi-, sek\u00e4 ammatillisia ty\u00f6el\u00e4m\u00e4valmiuksia opiskelijoiden yksil\u00f6llisist\u00e4 tarpeista l\u00e4htien.<\/p>\n\n\n\n<p><em>Teksti: oppimisen tuen koordinaattori Elina Jalli.<\/em><\/p>\n\n\n\n<figure class=\"wp-block-image size-full\"><img loading=\"lazy\" decoding=\"async\" width=\"645\" height=\"523\" src=\"https:\/\/www.kktavastia.fi\/media\/sites\/2\/opva2.png\" alt=\"\" class=\"wp-image-19607\" srcset=\"https:\/\/www.kktavastia.fi\/media\/sites\/2\/opva2.png 645w, https:\/\/www.kktavastia.fi\/media\/sites\/2\/opva2-300x243.png 300w, https:\/\/www.kktavastia.fi\/media\/sites\/2\/opva2-20x16.png 20w\" sizes=\"auto, (max-width: 645px) 100vw, 645px\" \/><figcaption>Opiskelijat Kinna Kaihola (oik.), opo Elina Sorvari ja Fatime Kotollaku keskittyv\u00e4t.<\/figcaption><\/figure>\n\n\n\n<figure class=\"wp-block-image size-full\"><img loading=\"lazy\" decoding=\"async\" width=\"160\" height=\"213\" src=\"https:\/\/www.kktavastia.fi\/media\/sites\/2\/opva-1.jpg\" alt=\"\" class=\"wp-image-19606\" srcset=\"https:\/\/www.kktavastia.fi\/media\/sites\/2\/opva-1.jpg 160w, https:\/\/www.kktavastia.fi\/media\/sites\/2\/opva-1-15x20.jpg 15w\" sizes=\"auto, (max-width: 160px) 100vw, 160px\" \/><figcaption>Uraohjaaja Minna Tuominen oli apuna ty\u00f6hakemuksen kirjoittamisessa.<\/figcaption><\/figure>\n","protected":false},"excerpt":{"rendered":"<p>Syyslomalla toteutettiin Ty\u00f6el\u00e4m\u00e4valmiudet-OPVA-opinnot. Opo Elina Sorvari, uraohjaaja Taru Vierimaa, erityisopettaja Tia Ekholm sek\u00e4 projektity\u00f6ntekij\u00e4 Sirpa Rintala toteuttivat ensimm\u00e4ist\u00e4 kertaa viiden [&hellip;]<\/p>\n","protected":false},"author":3,"featured_media":19607,"comment_status":"closed","ping_status":"closed","sticky":false,"template":"","format":"standard","meta":{"_acf_changed":false,"_relevanssi_hide_post":"","_relevanssi_hide_content":"","_relevanssi_pin_for_all":"","_relevanssi_pin_keywords":"","_relevanssi_unpin_keywords":"","_relevanssi_related_keywords":"","_relevanssi_related_include_ids":"","_relevanssi_related_exclude_ids":"","_relevanssi_related_no_append":"","_relevanssi_related_not_related":"","_relevanssi_related_posts":"","_relevanssi_noindex_reason":"","footnotes":""},"categories":[1],"tags":[114,117,116,115],"class_list":["post-19605","post","type-post","status-publish","format-standard","has-post-thumbnail","hentry","category-yleinen","tag-opva","tag-rekrytointi","tag-tyonhaku","tag-tyopaja"],"acf":[],"yoast_head":"<title>Ty\u00f6el\u00e4m\u00e4valmiuksia vahvistettiin syysloman OPVAssa - Ammattiopisto Tavastia<\/title>\n<meta name=\"robots\" content=\"index, follow, max-snippet:-1, max-image-preview:large, max-video-preview:-1\" \/>\n<link rel=\"canonical\" href=\"https:\/\/www.kktavastia.fi\/ammattiopisto\/2022\/10\/25\/tyoelamavalmiuksia-vahvistettiin-syysloman-opvassa\/\" \/>\n<meta property=\"og:locale\" content=\"fi_FI\" \/>\n<meta property=\"og:type\" content=\"article\" \/>\n<meta property=\"og:title\" content=\"Ty\u00f6el\u00e4m\u00e4valmiuksia vahvistettiin syysloman OPVAssa - Ammattiopisto Tavastia\" \/>\n<meta property=\"og:description\" content=\"Syyslomalla toteutettiin Ty\u00f6el\u00e4m\u00e4valmiudet-OPVA-opinnot. Opo Elina Sorvari, uraohjaaja Taru Vierimaa, erityisopettaja Tia Ekholm sek\u00e4 projektity\u00f6ntekij\u00e4 Sirpa Rintala toteuttivat ensimm\u00e4ist\u00e4 kertaa viiden [&hellip;]\" \/>\n<meta property=\"og:url\" content=\"https:\/\/www.kktavastia.fi\/ammattiopisto\/2022\/10\/25\/tyoelamavalmiuksia-vahvistettiin-syysloman-opvassa\/\" \/>\n<meta property=\"og:site_name\" content=\"Ammattiopisto Tavastia\" \/>\n<meta property=\"article:published_time\" content=\"2022-10-25T13:12:45+00:00\" \/>\n<meta property=\"article:modified_time\" content=\"2022-10-25T13:16:05+00:00\" \/>\n<meta property=\"og:image\" content=\"https:\/\/www.kktavastia.fi\/media\/sites\/2\/opva2.png\" \/>\n\t<meta property=\"og:image:width\" content=\"645\" \/>\n\t<meta property=\"og:image:height\" content=\"523\" \/>\n\t<meta property=\"og:image:type\" content=\"image\/png\" \/>\n<meta name=\"author\" content=\"jennimanninen\" \/>\n<meta name=\"twitter:card\" content=\"summary_large_image\" \/>\n<script type=\"application\/ld+json\" class=\"yoast-schema-graph\">{\"@context\":\"https:\\\/\\\/schema.org\",\"@graph\":[{\"@type\":\"Article\",\"@id\":\"https:\\\/\\\/www.kktavastia.fi\\\/ammattiopisto\\\/2022\\\/10\\\/25\\\/tyoelamavalmiuksia-vahvistettiin-syysloman-opvassa\\\/#article\",\"isPartOf\":{\"@id\":\"https:\\\/\\\/www.kktavastia.fi\\\/ammattiopisto\\\/2022\\\/10\\\/25\\\/tyoelamavalmiuksia-vahvistettiin-syysloman-opvassa\\\/\"},\"author\":{\"name\":\"jennimanninen\",\"@id\":\"https:\\\/\\\/www.kktavastia.fi\\\/ammattiopisto\\\/#\\\/schema\\\/person\\\/024aefaad0a17654b61e7deb02a467ab\"},\"headline\":\"Ty\u00f6el\u00e4m\u00e4valmiuksia vahvistettiin syysloman OPVAssa\",\"datePublished\":\"2022-10-25T13:12:45+00:00\",\"dateModified\":\"2022-10-25T13:16:05+00:00\",\"mainEntityOfPage\":{\"@id\":\"https:\\\/\\\/www.kktavastia.fi\\\/ammattiopisto\\\/2022\\\/10\\\/25\\\/tyoelamavalmiuksia-vahvistettiin-syysloman-opvassa\\\/\"},\"wordCount\":202,\"image\":{\"@id\":\"https:\\\/\\\/www.kktavastia.fi\\\/ammattiopisto\\\/2022\\\/10\\\/25\\\/tyoelamavalmiuksia-vahvistettiin-syysloman-opvassa\\\/#primaryimage\"},\"thumbnailUrl\":\"https:\\\/\\\/www.kktavastia.fi\\\/media\\\/sites\\\/2\\\/opva2.png\",\"keywords\":[\"opva\",\"rekrytointi\",\"ty\u00f6nhaku\",\"ty\u00f6paja\"],\"inLanguage\":\"fi\"},{\"@type\":\"WebPage\",\"@id\":\"https:\\\/\\\/www.kktavastia.fi\\\/ammattiopisto\\\/2022\\\/10\\\/25\\\/tyoelamavalmiuksia-vahvistettiin-syysloman-opvassa\\\/\",\"url\":\"https:\\\/\\\/www.kktavastia.fi\\\/ammattiopisto\\\/2022\\\/10\\\/25\\\/tyoelamavalmiuksia-vahvistettiin-syysloman-opvassa\\\/\",\"name\":\"Ty\u00f6el\u00e4m\u00e4valmiuksia vahvistettiin syysloman OPVAssa - Ammattiopisto Tavastia\",\"isPartOf\":{\"@id\":\"https:\\\/\\\/www.kktavastia.fi\\\/ammattiopisto\\\/#website\"},\"primaryImageOfPage\":{\"@id\":\"https:\\\/\\\/www.kktavastia.fi\\\/ammattiopisto\\\/2022\\\/10\\\/25\\\/tyoelamavalmiuksia-vahvistettiin-syysloman-opvassa\\\/#primaryimage\"},\"image\":{\"@id\":\"https:\\\/\\\/www.kktavastia.fi\\\/ammattiopisto\\\/2022\\\/10\\\/25\\\/tyoelamavalmiuksia-vahvistettiin-syysloman-opvassa\\\/#primaryimage\"},\"thumbnailUrl\":\"https:\\\/\\\/www.kktavastia.fi\\\/media\\\/sites\\\/2\\\/opva2.png\",\"datePublished\":\"2022-10-25T13:12:45+00:00\",\"dateModified\":\"2022-10-25T13:16:05+00:00\",\"author\":{\"@id\":\"https:\\\/\\\/www.kktavastia.fi\\\/ammattiopisto\\\/#\\\/schema\\\/person\\\/024aefaad0a17654b61e7deb02a467ab\"},\"breadcrumb\":{\"@id\":\"https:\\\/\\\/www.kktavastia.fi\\\/ammattiopisto\\\/2022\\\/10\\\/25\\\/tyoelamavalmiuksia-vahvistettiin-syysloman-opvassa\\\/#breadcrumb\"},\"inLanguage\":\"fi\",\"potentialAction\":[{\"@type\":\"ReadAction\",\"target\":[\"https:\\\/\\\/www.kktavastia.fi\\\/ammattiopisto\\\/2022\\\/10\\\/25\\\/tyoelamavalmiuksia-vahvistettiin-syysloman-opvassa\\\/\"]}]},{\"@type\":\"ImageObject\",\"inLanguage\":\"fi\",\"@id\":\"https:\\\/\\\/www.kktavastia.fi\\\/ammattiopisto\\\/2022\\\/10\\\/25\\\/tyoelamavalmiuksia-vahvistettiin-syysloman-opvassa\\\/#primaryimage\",\"url\":\"https:\\\/\\\/www.kktavastia.fi\\\/media\\\/sites\\\/2\\\/opva2.png\",\"contentUrl\":\"https:\\\/\\\/www.kktavastia.fi\\\/media\\\/sites\\\/2\\\/opva2.png\",\"width\":645,\"height\":523},{\"@type\":\"BreadcrumbList\",\"@id\":\"https:\\\/\\\/www.kktavastia.fi\\\/ammattiopisto\\\/2022\\\/10\\\/25\\\/tyoelamavalmiuksia-vahvistettiin-syysloman-opvassa\\\/#breadcrumb\",\"itemListElement\":[{\"@type\":\"ListItem\",\"position\":1,\"name\":\"Home\",\"item\":\"https:\\\/\\\/www.kktavastia.fi\\\/ammattiopisto\\\/\"},{\"@type\":\"ListItem\",\"position\":2,\"name\":\"Ty\u00f6el\u00e4m\u00e4valmiuksia vahvistettiin syysloman OPVAssa\"}]},{\"@type\":\"WebSite\",\"@id\":\"https:\\\/\\\/www.kktavastia.fi\\\/ammattiopisto\\\/#website\",\"url\":\"https:\\\/\\\/www.kktavastia.fi\\\/ammattiopisto\\\/\",\"name\":\"Ammattiopisto Tavastia\",\"description\":\"\",\"potentialAction\":[{\"@type\":\"SearchAction\",\"target\":{\"@type\":\"EntryPoint\",\"urlTemplate\":\"https:\\\/\\\/www.kktavastia.fi\\\/ammattiopisto\\\/?s={search_term_string}\"},\"query-input\":{\"@type\":\"PropertyValueSpecification\",\"valueRequired\":true,\"valueName\":\"search_term_string\"}}],\"inLanguage\":\"fi\"},{\"@type\":\"Person\",\"@id\":\"https:\\\/\\\/www.kktavastia.fi\\\/ammattiopisto\\\/#\\\/schema\\\/person\\\/024aefaad0a17654b61e7deb02a467ab\",\"name\":\"jennimanninen\",\"image\":{\"@type\":\"ImageObject\",\"inLanguage\":\"fi\",\"@id\":\"https:\\\/\\\/secure.gravatar.com\\\/avatar\\\/5457e44008198bb53daa774600a7e8e4246bcac6a14afc3db6e5d007d9dc6f39?s=96&d=mm&r=g\",\"url\":\"https:\\\/\\\/secure.gravatar.com\\\/avatar\\\/5457e44008198bb53daa774600a7e8e4246bcac6a14afc3db6e5d007d9dc6f39?s=96&d=mm&r=g\",\"contentUrl\":\"https:\\\/\\\/secure.gravatar.com\\\/avatar\\\/5457e44008198bb53daa774600a7e8e4246bcac6a14afc3db6e5d007d9dc6f39?s=96&d=mm&r=g\",\"caption\":\"jennimanninen\"},\"url\":\"https:\\\/\\\/www.kktavastia.fi\\\/ammattiopisto\\\/author\\\/jennimanninen\\\/\"}]}<\/script>","yoast_head_json":{"title":"Ty\u00f6el\u00e4m\u00e4valmiuksia vahvistettiin syysloman OPVAssa - Ammattiopisto Tavastia","robots":{"index":"index","follow":"follow","max-snippet":"max-snippet:-1","max-image-preview":"max-image-preview:large","max-video-preview":"max-video-preview:-1"},"canonical":"https:\/\/www.kktavastia.fi\/ammattiopisto\/2022\/10\/25\/tyoelamavalmiuksia-vahvistettiin-syysloman-opvassa\/","og_locale":"fi_FI","og_type":"article","og_title":"Ty\u00f6el\u00e4m\u00e4valmiuksia vahvistettiin syysloman OPVAssa - Ammattiopisto Tavastia","og_description":"Syyslomalla toteutettiin Ty\u00f6el\u00e4m\u00e4valmiudet-OPVA-opinnot. Opo Elina Sorvari, uraohjaaja Taru Vierimaa, erityisopettaja Tia Ekholm sek\u00e4 projektity\u00f6ntekij\u00e4 Sirpa Rintala toteuttivat ensimm\u00e4ist\u00e4 kertaa viiden [&hellip;]","og_url":"https:\/\/www.kktavastia.fi\/ammattiopisto\/2022\/10\/25\/tyoelamavalmiuksia-vahvistettiin-syysloman-opvassa\/","og_site_name":"Ammattiopisto Tavastia","article_published_time":"2022-10-25T13:12:45+00:00","article_modified_time":"2022-10-25T13:16:05+00:00","og_image":[{"width":645,"height":523,"url":"https:\/\/www.kktavastia.fi\/media\/sites\/2\/opva2.png","type":"image\/png"}],"author":"jennimanninen","twitter_card":"summary_large_image","schema":{"@context":"https:\/\/schema.org","@graph":[{"@type":"Article","@id":"https:\/\/www.kktavastia.fi\/ammattiopisto\/2022\/10\/25\/tyoelamavalmiuksia-vahvistettiin-syysloman-opvassa\/#article","isPartOf":{"@id":"https:\/\/www.kktavastia.fi\/ammattiopisto\/2022\/10\/25\/tyoelamavalmiuksia-vahvistettiin-syysloman-opvassa\/"},"author":{"name":"jennimanninen","@id":"https:\/\/www.kktavastia.fi\/ammattiopisto\/#\/schema\/person\/024aefaad0a17654b61e7deb02a467ab"},"headline":"Ty\u00f6el\u00e4m\u00e4valmiuksia vahvistettiin syysloman OPVAssa","datePublished":"2022-10-25T13:12:45+00:00","dateModified":"2022-10-25T13:16:05+00:00","mainEntityOfPage":{"@id":"https:\/\/www.kktavastia.fi\/ammattiopisto\/2022\/10\/25\/tyoelamavalmiuksia-vahvistettiin-syysloman-opvassa\/"},"wordCount":202,"image":{"@id":"https:\/\/www.kktavastia.fi\/ammattiopisto\/2022\/10\/25\/tyoelamavalmiuksia-vahvistettiin-syysloman-opvassa\/#primaryimage"},"thumbnailUrl":"https:\/\/www.kktavastia.fi\/media\/sites\/2\/opva2.png","keywords":["opva","rekrytointi","ty\u00f6nhaku","ty\u00f6paja"],"inLanguage":"fi"},{"@type":"WebPage","@id":"https:\/\/www.kktavastia.fi\/ammattiopisto\/2022\/10\/25\/tyoelamavalmiuksia-vahvistettiin-syysloman-opvassa\/","url":"https:\/\/www.kktavastia.fi\/ammattiopisto\/2022\/10\/25\/tyoelamavalmiuksia-vahvistettiin-syysloman-opvassa\/","name":"Ty\u00f6el\u00e4m\u00e4valmiuksia vahvistettiin syysloman OPVAssa - Ammattiopisto Tavastia","isPartOf":{"@id":"https:\/\/www.kktavastia.fi\/ammattiopisto\/#website"},"primaryImageOfPage":{"@id":"https:\/\/www.kktavastia.fi\/ammattiopisto\/2022\/10\/25\/tyoelamavalmiuksia-vahvistettiin-syysloman-opvassa\/#primaryimage"},"image":{"@id":"https:\/\/www.kktavastia.fi\/ammattiopisto\/2022\/10\/25\/tyoelamavalmiuksia-vahvistettiin-syysloman-opvassa\/#primaryimage"},"thumbnailUrl":"https:\/\/www.kktavastia.fi\/media\/sites\/2\/opva2.png","datePublished":"2022-10-25T13:12:45+00:00","dateModified":"2022-10-25T13:16:05+00:00","author":{"@id":"https:\/\/www.kktavastia.fi\/ammattiopisto\/#\/schema\/person\/024aefaad0a17654b61e7deb02a467ab"},"breadcrumb":{"@id":"https:\/\/www.kktavastia.fi\/ammattiopisto\/2022\/10\/25\/tyoelamavalmiuksia-vahvistettiin-syysloman-opvassa\/#breadcrumb"},"inLanguage":"fi","potentialAction":[{"@type":"ReadAction","target":["https:\/\/www.kktavastia.fi\/ammattiopisto\/2022\/10\/25\/tyoelamavalmiuksia-vahvistettiin-syysloman-opvassa\/"]}]},{"@type":"ImageObject","inLanguage":"fi","@id":"https:\/\/www.kktavastia.fi\/ammattiopisto\/2022\/10\/25\/tyoelamavalmiuksia-vahvistettiin-syysloman-opvassa\/#primaryimage","url":"https:\/\/www.kktavastia.fi\/media\/sites\/2\/opva2.png","contentUrl":"https:\/\/www.kktavastia.fi\/media\/sites\/2\/opva2.png","width":645,"height":523},{"@type":"BreadcrumbList","@id":"https:\/\/www.kktavastia.fi\/ammattiopisto\/2022\/10\/25\/tyoelamavalmiuksia-vahvistettiin-syysloman-opvassa\/#breadcrumb","itemListElement":[{"@type":"ListItem","position":1,"name":"Home","item":"https:\/\/www.kktavastia.fi\/ammattiopisto\/"},{"@type":"ListItem","position":2,"name":"Ty\u00f6el\u00e4m\u00e4valmiuksia vahvistettiin syysloman OPVAssa"}]},{"@type":"WebSite","@id":"https:\/\/www.kktavastia.fi\/ammattiopisto\/#website","url":"https:\/\/www.kktavastia.fi\/ammattiopisto\/","name":"Ammattiopisto Tavastia","description":"","potentialAction":[{"@type":"SearchAction","target":{"@type":"EntryPoint","urlTemplate":"https:\/\/www.kktavastia.fi\/ammattiopisto\/?s={search_term_string}"},"query-input":{"@type":"PropertyValueSpecification","valueRequired":true,"valueName":"search_term_string"}}],"inLanguage":"fi"},{"@type":"Person","@id":"https:\/\/www.kktavastia.fi\/ammattiopisto\/#\/schema\/person\/024aefaad0a17654b61e7deb02a467ab","name":"jennimanninen","image":{"@type":"ImageObject","inLanguage":"fi","@id":"https:\/\/secure.gravatar.com\/avatar\/5457e44008198bb53daa774600a7e8e4246bcac6a14afc3db6e5d007d9dc6f39?s=96&d=mm&r=g","url":"https:\/\/secure.gravatar.com\/avatar\/5457e44008198bb53daa774600a7e8e4246bcac6a14afc3db6e5d007d9dc6f39?s=96&d=mm&r=g","contentUrl":"https:\/\/secure.gravatar.com\/avatar\/5457e44008198bb53daa774600a7e8e4246bcac6a14afc3db6e5d007d9dc6f39?s=96&d=mm&r=g","caption":"jennimanninen"},"url":"https:\/\/www.kktavastia.fi\/ammattiopisto\/author\/jennimanninen\/"}]}},"_links":{"self":[{"href":"https:\/\/www.kktavastia.fi\/ammattiopisto\/wp-json\/wp\/v2\/posts\/19605","targetHints":{"allow":["GET"]}}],"collection":[{"href":"https:\/\/www.kktavastia.fi\/ammattiopisto\/wp-json\/wp\/v2\/posts"}],"about":[{"href":"https:\/\/www.kktavastia.fi\/ammattiopisto\/wp-json\/wp\/v2\/types\/post"}],"author":[{"embeddable":true,"href":"https:\/\/www.kktavastia.fi\/ammattiopisto\/wp-json\/wp\/v2\/users\/3"}],"replies":[{"embeddable":true,"href":"https:\/\/www.kktavastia.fi\/ammattiopisto\/wp-json\/wp\/v2\/comments?post=19605"}],"version-history":[{"count":4,"href":"https:\/\/www.kktavastia.fi\/ammattiopisto\/wp-json\/wp\/v2\/posts\/19605\/revisions"}],"predecessor-version":[{"id":19612,"href":"https:\/\/www.kktavastia.fi\/ammattiopisto\/wp-json\/wp\/v2\/posts\/19605\/revisions\/19612"}],"wp:featuredmedia":[{"embeddable":true,"href":"https:\/\/www.kktavastia.fi\/ammattiopisto\/wp-json\/wp\/v2\/media\/19607"}],"wp:attachment":[{"href":"https:\/\/www.kktavastia.fi\/ammattiopisto\/wp-json\/wp\/v2\/media?parent=19605"}],"wp:term":[{"taxonomy":"category","embeddable":true,"href":"https:\/\/www.kktavastia.fi\/ammattiopisto\/wp-json\/wp\/v2\/categories?post=19605"},{"taxonomy":"post_tag","embeddable":true,"href":"https:\/\/www.kktavastia.fi\/ammattiopisto\/wp-json\/wp\/v2\/tags?post=19605"}],"curies":[{"name":"wp","href":"https:\/\/api.w.org\/{rel}","templated":true}]}}