{"id":18972,"date":"2022-09-05T12:46:26","date_gmt":"2022-09-05T09:46:26","guid":{"rendered":"https:\/\/www.kktavastia.fi\/ammattiopisto\/?p=18972"},"modified":"2023-05-26T09:50:49","modified_gmt":"2023-05-26T06:50:49","slug":"lahihoitajasta-yrittajaksi-essi-maatan-tarina","status":"publish","type":"post","link":"https:\/\/www.kktavastia.fi\/ammattiopisto\/2022\/09\/05\/lahihoitajasta-yrittajaksi-essi-maatan-tarina\/","title":{"rendered":"L\u00e4hihoitajasta yritt\u00e4j\u00e4ksi \u2013 Essi M\u00e4\u00e4t\u00e4n tarina"},"content":{"rendered":"\n<p class=\"is-style-ingress\">Ammattiopisto Tavastia sai Yritt\u00e4j\u00e4n p\u00e4iv\u00e4n\u00e4 vieraaksi entisen opiskelijansa Essi M\u00e4\u00e4t\u00e4n, joka kertoi oman uratarinansa nykyisille opiskelijoille.<\/p>\n\n\n\n<p><strong>Essi M\u00e4\u00e4tt\u00e4<\/strong> opiskeli Ammattiopisto Tavastiassa l\u00e4hihoitajaksi ja valmistui vuonna 2008. Nyky\u00e4\u00e4n h\u00e4n toimii hyvinvointialan yritt\u00e4j\u00e4n\u00e4, mutta vuosien varrelle on mahtunut monenlaisia kokeiluita, onnistumisia ja ep\u00e4onnistumisia.<\/p>\n\n\n\n<p>\u2013 En olisi ikin\u00e4 16-vuotiaana voinut kuvitella, ett\u00e4 toimisin joskus yritt\u00e4j\u00e4n\u00e4, M\u00e4\u00e4tt\u00e4 muistelee.<\/p>\n\n\n\n<p>L\u00e4hihoitajaksi h\u00e4n hakeutui peruskoulun j\u00e4lkeen ajatuksella, ett\u00e4 kun kolmen vuoden opinnot on suoritettu, ei tarvitse en\u00e4\u00e4 ikin\u00e4 opiskella mit\u00e4\u00e4n. Jo kouluaikana M\u00e4\u00e4tt\u00e4 perusti kaverinsa kanssa kotipalveluyrityksen, jonka johtava ajatus oli se, ett\u00e4 kun ty\u00f6ntekij\u00e4t hoitavat hommat, M\u00e4\u00e4tt\u00e4 voi keskitty\u00e4 j\u00e4\u00e4kiekon pelaamiseen ja rahoittaa peliuran yrityksens\u00e4 kautta.<\/p>\n\n\n\n<p>Homma ei mennyt ihan putkeen vaikka t\u00f6it\u00e4 olikin, ja M\u00e4\u00e4tt\u00e4 p\u00e4\u00e4tyi tekem\u00e4\u00e4n l\u00e4hihoitajana keikkat\u00f6it\u00e4 yksityisille kotihoitoyrityksille. <\/p>\n\n\n<div class=\"wp-block-image\">\n<figure class=\"alignleft size-large is-resized\"><img loading=\"lazy\" decoding=\"async\" src=\"https:\/\/www.kktavastia.fi\/media\/sites\/2\/essimaatta1-768x1024.jpg\" alt=\"\" class=\"wp-image-18973\" width=\"384\" height=\"512\" srcset=\"https:\/\/www.kktavastia.fi\/media\/sites\/2\/essimaatta1-768x1024.jpg 768w, https:\/\/www.kktavastia.fi\/media\/sites\/2\/essimaatta1-225x300.jpg 225w, https:\/\/www.kktavastia.fi\/media\/sites\/2\/essimaatta1-1152x1536.jpg 1152w, https:\/\/www.kktavastia.fi\/media\/sites\/2\/essimaatta1-scaled.jpg 1536w, https:\/\/www.kktavastia.fi\/media\/sites\/2\/essimaatta1-15x20.jpg 15w\" sizes=\"auto, (max-width: 384px) 100vw, 384px\" \/><figcaption class=\"wp-element-caption\">Essi M\u00e4\u00e4tt\u00e4 toimii hyvinvointiyritt\u00e4j\u00e4n\u00e4.<\/figcaption><\/figure>\n<\/div>\n\n\n<p>\u2013 Silloin tein y\u00f6t t\u00f6it\u00e4 ja pelasin illat j\u00e4\u00e4kiekkoa, joten jaksaminen alkoi olla kortilla. V\u00e4h\u00e4n my\u00f6hemmin hajosi lonkka ja peliura piti lopettaa, ja sen j\u00e4lkeen aloin pohtia, ett\u00e4 mit\u00e4 tekisin, jos rahaa ei tarvitsisi ajatella ollenkaan.<\/p>\n\n\n\n<p>M\u00e4\u00e4tt\u00e4 perusti kaverinsa kanssa Funky Fit -nimisen liikunta-alan yrityksen, jota M\u00e4\u00e4t\u00e4n sanojen mukaan puskettiin eteen p\u00e4in enemm\u00e4n innostuksella ja intohimolla, ei niink\u00e4\u00e4n yritt\u00e4jyystaidoilla. Funky Fit kasvoi nopeasti isoksi, ja kun piti toimia parinkymmenen ohjaajan esimiehen\u00e4 vailla kokemusta ja tehd\u00e4 fyysist\u00e4 ty\u00f6t\u00e4, M\u00e4\u00e4tt\u00e4 paloi loppuun.<\/p>\n\n\n\n<p>\u2013 En tajunnut, ett\u00e4 t\u00e4m\u00e4 yritt\u00e4jyysmalli, jossa t\u00f6it\u00e4 tehd\u00e4\u00e4n hulluna kellon ymp\u00e4ri, oli ainoa mink\u00e4 osasin. Sen j\u00e4lkeen ymm\u00e4rsin, ett\u00e4 jos haluan auttaa muita voimaan hyvin, minun on ensin pidett\u00e4v\u00e4 itsest\u00e4ni huolta, M\u00e4\u00e4tt\u00e4 toteaa.<\/p>\n\n\n\n<h3 class=\"wp-block-heading\">Kirjailija ja hyvinvointiyritt\u00e4j\u00e4<\/h3>\n\n\n\n<p>Vuosien aikana M\u00e4\u00e4tt\u00e4 on opiskellut sosionomin tutkinnon ja lukuisan m\u00e4\u00e4r\u00e4n erilaisia hyvinvointiin ja liikuntaan liittyvi\u00e4 koulutuksia ja kursseja. Koronan my\u00f6t\u00e4 M\u00e4\u00e4tt\u00e4 ryhtyi pit\u00e4m\u00e4\u00e4n nettikursseja ja nyt h\u00e4n toimii netiss\u00e4 muun muassa yin-jooga-ohjaajana ja tunnelukkoterapeuttina. Lis\u00e4ksi lokakuussa toteutuu suuri unelma, kun M\u00e4\u00e4tt\u00e4 j\u00e4rjest\u00e4\u00e4 hyvinvointimatkan Italiaan Gardaj\u00e4rvelle.<\/p>\n\n\n\n<p>\u2013 Olen huomannut, ett\u00e4 kun tekee ty\u00f6kseen asioita mist\u00e4 nauttii, yritt\u00e4jyys ei ole niin kuluttavaa.<\/p>\n\n\n\n<p>Jos M\u00e4\u00e4tt\u00e4 ei nuorempana koskaan uskonut olevansa yritt\u00e4j\u00e4, niin ei h\u00e4n my\u00f6sk\u00e4\u00e4n uskonut olevansa kirjailija. Silti h\u00e4n on julkaissut kaksi kirjaa, toisen kirjan hyv\u00e4n ja halvan ruuan sy\u00f6misest\u00e4 ja toisen arjen lean-kokemuksista.<\/p>\n\n\n\n<p>\u2013 Keksin yhten\u00e4 iltana Facebook-haasteen, jossa sy\u00f6t\u00e4isiin yksi kuukausi 3,5 eurolla per p\u00e4iv\u00e4. Yht\u00e4kki\u00e4 siihen oli l\u00e4htenyt mukaan 40 000 ihmist\u00e4 ja valtakunnalliset mediat soittelivat ja kysyiv\u00e4t haasteesta, jonka olin tosiaan keksinyt lauantai-iltana minuutissa sohvalla. Keksin ottaa yhteytt\u00e4 kustantamoon ja he halusivat tehd\u00e4 halvan ja terveellisen ruuan sy\u00f6misest\u00e4 kirjan. Saimme kollegan kanssa kolme kuukautta aikaa eik\u00e4 kummallakaan ollut mit\u00e4\u00e4n kirjoitus- tai valokuvauskokemusta, mutta valmista tuli.<\/p>\n\n\n\n<p>Toinen kirja on kirjoitettu yhdess\u00e4 miehen kanssa arjen tehostamisesta.<\/p>\n\n\n\n<p>\u2013 Sekin on v\u00e4h\u00e4n outoa ihmiselt\u00e4, jolla on aina tavarat hukassa, M\u00e4\u00e4tt\u00e4 naurahtaa.<\/p>\n\n\n\n<p>Yritt\u00e4jyyden ohella M\u00e4\u00e4tt\u00e4 on tehnyt puolikasta ty\u00f6aikaa Keski-Suomen Yritt\u00e4jill\u00e4 hyvinvointiasiantuntijana. Se onkin M\u00e4\u00e4t\u00e4n yksi neuvo opiskelijoille:<\/p>\n\n\n\n<p>\u2013 Yritt\u00e4jyytt\u00e4 voi tehd\u00e4 niin monella tavalla. Oman ty\u00f6n ohessa pienimuotoisesti tai p\u00e4\u00e4toimisesti tai jotain silt\u00e4 v\u00e4lilt\u00e4. Kannattaa pohtia mit\u00e4 itse haluaa ja miss\u00e4 on hyv\u00e4 ja menn\u00e4 sit\u00e4 kohti. Pit\u00e4\u00e4 my\u00f6s uskaltaa ep\u00e4onnistua, M\u00e4\u00e4tt\u00e4 muistuttaa yritt\u00e4jyyden monista puolista.<\/p>\n","protected":false},"excerpt":{"rendered":"<p>Ammattiopisto Tavastia sai Yritt\u00e4j\u00e4n p\u00e4iv\u00e4n\u00e4 vieraaksi entisen opiskelijansa Essi M\u00e4\u00e4t\u00e4n, joka kertoi oman uratarinansa nykyisille opiskelijoille. Essi M\u00e4\u00e4tt\u00e4 opiskeli Ammattiopisto [&hellip;]<\/p>\n","protected":false},"author":6,"featured_media":18974,"comment_status":"closed","ping_status":"closed","sticky":false,"template":"","format":"standard","meta":{"_acf_changed":false,"_relevanssi_hide_post":"","_relevanssi_hide_content":"","_relevanssi_pin_for_all":"","_relevanssi_pin_keywords":"","_relevanssi_unpin_keywords":"","_relevanssi_related_keywords":"","_relevanssi_related_include_ids":"","_relevanssi_related_exclude_ids":"","_relevanssi_related_no_append":"","_relevanssi_related_not_related":"","_relevanssi_related_posts":"","_relevanssi_noindex_reason":"","footnotes":""},"categories":[143],"tags":[],"class_list":["post-18972","post","type-post","status-publish","format-standard","has-post-thumbnail","hentry","category-opiskelijatarina"],"acf":[],"yoast_head":"<title>L\u00e4hihoitajasta yritt\u00e4j\u00e4ksi \u2013 Essi M\u00e4\u00e4t\u00e4n tarina - Ammattiopisto Tavastia<\/title>\n<meta name=\"robots\" content=\"index, follow, max-snippet:-1, max-image-preview:large, max-video-preview:-1\" \/>\n<link rel=\"canonical\" href=\"https:\/\/www.kktavastia.fi\/ammattiopisto\/2022\/09\/05\/lahihoitajasta-yrittajaksi-essi-maatan-tarina\/\" \/>\n<meta property=\"og:locale\" content=\"fi_FI\" \/>\n<meta property=\"og:type\" content=\"article\" \/>\n<meta property=\"og:title\" content=\"L\u00e4hihoitajasta yritt\u00e4j\u00e4ksi \u2013 Essi M\u00e4\u00e4t\u00e4n tarina - Ammattiopisto Tavastia\" \/>\n<meta property=\"og:description\" content=\"Ammattiopisto Tavastia sai Yritt\u00e4j\u00e4n p\u00e4iv\u00e4n\u00e4 vieraaksi entisen opiskelijansa Essi M\u00e4\u00e4t\u00e4n, joka kertoi oman uratarinansa nykyisille opiskelijoille. Essi M\u00e4\u00e4tt\u00e4 opiskeli Ammattiopisto [&hellip;]\" \/>\n<meta property=\"og:url\" content=\"https:\/\/www.kktavastia.fi\/ammattiopisto\/2022\/09\/05\/lahihoitajasta-yrittajaksi-essi-maatan-tarina\/\" \/>\n<meta property=\"og:site_name\" content=\"Ammattiopisto Tavastia\" \/>\n<meta property=\"article:published_time\" content=\"2022-09-05T09:46:26+00:00\" \/>\n<meta property=\"article:modified_time\" content=\"2023-05-26T06:50:49+00:00\" \/>\n<meta property=\"og:image\" content=\"https:\/\/www.kktavastia.fi\/media\/sites\/2\/essimaatta2-scaled.jpg\" \/>\n\t<meta property=\"og:image:width\" content=\"1536\" \/>\n\t<meta property=\"og:image:height\" content=\"2048\" \/>\n\t<meta property=\"og:image:type\" content=\"image\/jpeg\" \/>\n<meta name=\"author\" content=\"saraseppala\" \/>\n<meta name=\"twitter:card\" content=\"summary_large_image\" \/>\n<script type=\"application\/ld+json\" class=\"yoast-schema-graph\">{\"@context\":\"https:\\\/\\\/schema.org\",\"@graph\":[{\"@type\":\"Article\",\"@id\":\"https:\\\/\\\/www.kktavastia.fi\\\/ammattiopisto\\\/2022\\\/09\\\/05\\\/lahihoitajasta-yrittajaksi-essi-maatan-tarina\\\/#article\",\"isPartOf\":{\"@id\":\"https:\\\/\\\/www.kktavastia.fi\\\/ammattiopisto\\\/2022\\\/09\\\/05\\\/lahihoitajasta-yrittajaksi-essi-maatan-tarina\\\/\"},\"author\":{\"name\":\"saraseppala\",\"@id\":\"https:\\\/\\\/www.kktavastia.fi\\\/ammattiopisto\\\/#\\\/schema\\\/person\\\/817cce3016d2f14b9a7ed273534dcf4d\"},\"headline\":\"L\u00e4hihoitajasta yritt\u00e4j\u00e4ksi \u2013 Essi M\u00e4\u00e4t\u00e4n tarina\",\"datePublished\":\"2022-09-05T09:46:26+00:00\",\"dateModified\":\"2023-05-26T06:50:49+00:00\",\"mainEntityOfPage\":{\"@id\":\"https:\\\/\\\/www.kktavastia.fi\\\/ammattiopisto\\\/2022\\\/09\\\/05\\\/lahihoitajasta-yrittajaksi-essi-maatan-tarina\\\/\"},\"wordCount\":578,\"image\":{\"@id\":\"https:\\\/\\\/www.kktavastia.fi\\\/ammattiopisto\\\/2022\\\/09\\\/05\\\/lahihoitajasta-yrittajaksi-essi-maatan-tarina\\\/#primaryimage\"},\"thumbnailUrl\":\"https:\\\/\\\/www.kktavastia.fi\\\/media\\\/sites\\\/2\\\/essimaatta2-scaled.jpg\",\"articleSection\":[\"Opiskelijatarina\"],\"inLanguage\":\"fi\"},{\"@type\":\"WebPage\",\"@id\":\"https:\\\/\\\/www.kktavastia.fi\\\/ammattiopisto\\\/2022\\\/09\\\/05\\\/lahihoitajasta-yrittajaksi-essi-maatan-tarina\\\/\",\"url\":\"https:\\\/\\\/www.kktavastia.fi\\\/ammattiopisto\\\/2022\\\/09\\\/05\\\/lahihoitajasta-yrittajaksi-essi-maatan-tarina\\\/\",\"name\":\"L\u00e4hihoitajasta yritt\u00e4j\u00e4ksi \u2013 Essi M\u00e4\u00e4t\u00e4n tarina - Ammattiopisto Tavastia\",\"isPartOf\":{\"@id\":\"https:\\\/\\\/www.kktavastia.fi\\\/ammattiopisto\\\/#website\"},\"primaryImageOfPage\":{\"@id\":\"https:\\\/\\\/www.kktavastia.fi\\\/ammattiopisto\\\/2022\\\/09\\\/05\\\/lahihoitajasta-yrittajaksi-essi-maatan-tarina\\\/#primaryimage\"},\"image\":{\"@id\":\"https:\\\/\\\/www.kktavastia.fi\\\/ammattiopisto\\\/2022\\\/09\\\/05\\\/lahihoitajasta-yrittajaksi-essi-maatan-tarina\\\/#primaryimage\"},\"thumbnailUrl\":\"https:\\\/\\\/www.kktavastia.fi\\\/media\\\/sites\\\/2\\\/essimaatta2-scaled.jpg\",\"datePublished\":\"2022-09-05T09:46:26+00:00\",\"dateModified\":\"2023-05-26T06:50:49+00:00\",\"author\":{\"@id\":\"https:\\\/\\\/www.kktavastia.fi\\\/ammattiopisto\\\/#\\\/schema\\\/person\\\/817cce3016d2f14b9a7ed273534dcf4d\"},\"breadcrumb\":{\"@id\":\"https:\\\/\\\/www.kktavastia.fi\\\/ammattiopisto\\\/2022\\\/09\\\/05\\\/lahihoitajasta-yrittajaksi-essi-maatan-tarina\\\/#breadcrumb\"},\"inLanguage\":\"fi\",\"potentialAction\":[{\"@type\":\"ReadAction\",\"target\":[\"https:\\\/\\\/www.kktavastia.fi\\\/ammattiopisto\\\/2022\\\/09\\\/05\\\/lahihoitajasta-yrittajaksi-essi-maatan-tarina\\\/\"]}]},{\"@type\":\"ImageObject\",\"inLanguage\":\"fi\",\"@id\":\"https:\\\/\\\/www.kktavastia.fi\\\/ammattiopisto\\\/2022\\\/09\\\/05\\\/lahihoitajasta-yrittajaksi-essi-maatan-tarina\\\/#primaryimage\",\"url\":\"https:\\\/\\\/www.kktavastia.fi\\\/media\\\/sites\\\/2\\\/essimaatta2-scaled.jpg\",\"contentUrl\":\"https:\\\/\\\/www.kktavastia.fi\\\/media\\\/sites\\\/2\\\/essimaatta2-scaled.jpg\",\"width\":1536,\"height\":2048},{\"@type\":\"BreadcrumbList\",\"@id\":\"https:\\\/\\\/www.kktavastia.fi\\\/ammattiopisto\\\/2022\\\/09\\\/05\\\/lahihoitajasta-yrittajaksi-essi-maatan-tarina\\\/#breadcrumb\",\"itemListElement\":[{\"@type\":\"ListItem\",\"position\":1,\"name\":\"Home\",\"item\":\"https:\\\/\\\/www.kktavastia.fi\\\/ammattiopisto\\\/\"},{\"@type\":\"ListItem\",\"position\":2,\"name\":\"L\u00e4hihoitajasta yritt\u00e4j\u00e4ksi \u2013 Essi M\u00e4\u00e4t\u00e4n tarina\"}]},{\"@type\":\"WebSite\",\"@id\":\"https:\\\/\\\/www.kktavastia.fi\\\/ammattiopisto\\\/#website\",\"url\":\"https:\\\/\\\/www.kktavastia.fi\\\/ammattiopisto\\\/\",\"name\":\"Ammattiopisto Tavastia\",\"description\":\"\",\"potentialAction\":[{\"@type\":\"SearchAction\",\"target\":{\"@type\":\"EntryPoint\",\"urlTemplate\":\"https:\\\/\\\/www.kktavastia.fi\\\/ammattiopisto\\\/?s={search_term_string}\"},\"query-input\":{\"@type\":\"PropertyValueSpecification\",\"valueRequired\":true,\"valueName\":\"search_term_string\"}}],\"inLanguage\":\"fi\"},{\"@type\":\"Person\",\"@id\":\"https:\\\/\\\/www.kktavastia.fi\\\/ammattiopisto\\\/#\\\/schema\\\/person\\\/817cce3016d2f14b9a7ed273534dcf4d\",\"name\":\"saraseppala\",\"image\":{\"@type\":\"ImageObject\",\"inLanguage\":\"fi\",\"@id\":\"https:\\\/\\\/secure.gravatar.com\\\/avatar\\\/478c9f0d13d5df0e5e3d2ec80a1d93afb10baa5bf0f981b9874b9ad1ff76cafc?s=96&d=mm&r=g\",\"url\":\"https:\\\/\\\/secure.gravatar.com\\\/avatar\\\/478c9f0d13d5df0e5e3d2ec80a1d93afb10baa5bf0f981b9874b9ad1ff76cafc?s=96&d=mm&r=g\",\"contentUrl\":\"https:\\\/\\\/secure.gravatar.com\\\/avatar\\\/478c9f0d13d5df0e5e3d2ec80a1d93afb10baa5bf0f981b9874b9ad1ff76cafc?s=96&d=mm&r=g\",\"caption\":\"saraseppala\"},\"url\":\"https:\\\/\\\/www.kktavastia.fi\\\/ammattiopisto\\\/author\\\/saraseppala\\\/\"}]}<\/script>","yoast_head_json":{"title":"L\u00e4hihoitajasta yritt\u00e4j\u00e4ksi \u2013 Essi M\u00e4\u00e4t\u00e4n tarina - Ammattiopisto Tavastia","robots":{"index":"index","follow":"follow","max-snippet":"max-snippet:-1","max-image-preview":"max-image-preview:large","max-video-preview":"max-video-preview:-1"},"canonical":"https:\/\/www.kktavastia.fi\/ammattiopisto\/2022\/09\/05\/lahihoitajasta-yrittajaksi-essi-maatan-tarina\/","og_locale":"fi_FI","og_type":"article","og_title":"L\u00e4hihoitajasta yritt\u00e4j\u00e4ksi \u2013 Essi M\u00e4\u00e4t\u00e4n tarina - Ammattiopisto Tavastia","og_description":"Ammattiopisto Tavastia sai Yritt\u00e4j\u00e4n p\u00e4iv\u00e4n\u00e4 vieraaksi entisen opiskelijansa Essi M\u00e4\u00e4t\u00e4n, joka kertoi oman uratarinansa nykyisille opiskelijoille. Essi M\u00e4\u00e4tt\u00e4 opiskeli Ammattiopisto [&hellip;]","og_url":"https:\/\/www.kktavastia.fi\/ammattiopisto\/2022\/09\/05\/lahihoitajasta-yrittajaksi-essi-maatan-tarina\/","og_site_name":"Ammattiopisto Tavastia","article_published_time":"2022-09-05T09:46:26+00:00","article_modified_time":"2023-05-26T06:50:49+00:00","og_image":[{"width":1536,"height":2048,"url":"https:\/\/www.kktavastia.fi\/media\/sites\/2\/essimaatta2-scaled.jpg","type":"image\/jpeg"}],"author":"saraseppala","twitter_card":"summary_large_image","schema":{"@context":"https:\/\/schema.org","@graph":[{"@type":"Article","@id":"https:\/\/www.kktavastia.fi\/ammattiopisto\/2022\/09\/05\/lahihoitajasta-yrittajaksi-essi-maatan-tarina\/#article","isPartOf":{"@id":"https:\/\/www.kktavastia.fi\/ammattiopisto\/2022\/09\/05\/lahihoitajasta-yrittajaksi-essi-maatan-tarina\/"},"author":{"name":"saraseppala","@id":"https:\/\/www.kktavastia.fi\/ammattiopisto\/#\/schema\/person\/817cce3016d2f14b9a7ed273534dcf4d"},"headline":"L\u00e4hihoitajasta yritt\u00e4j\u00e4ksi \u2013 Essi M\u00e4\u00e4t\u00e4n tarina","datePublished":"2022-09-05T09:46:26+00:00","dateModified":"2023-05-26T06:50:49+00:00","mainEntityOfPage":{"@id":"https:\/\/www.kktavastia.fi\/ammattiopisto\/2022\/09\/05\/lahihoitajasta-yrittajaksi-essi-maatan-tarina\/"},"wordCount":578,"image":{"@id":"https:\/\/www.kktavastia.fi\/ammattiopisto\/2022\/09\/05\/lahihoitajasta-yrittajaksi-essi-maatan-tarina\/#primaryimage"},"thumbnailUrl":"https:\/\/www.kktavastia.fi\/media\/sites\/2\/essimaatta2-scaled.jpg","articleSection":["Opiskelijatarina"],"inLanguage":"fi"},{"@type":"WebPage","@id":"https:\/\/www.kktavastia.fi\/ammattiopisto\/2022\/09\/05\/lahihoitajasta-yrittajaksi-essi-maatan-tarina\/","url":"https:\/\/www.kktavastia.fi\/ammattiopisto\/2022\/09\/05\/lahihoitajasta-yrittajaksi-essi-maatan-tarina\/","name":"L\u00e4hihoitajasta yritt\u00e4j\u00e4ksi \u2013 Essi M\u00e4\u00e4t\u00e4n tarina - Ammattiopisto Tavastia","isPartOf":{"@id":"https:\/\/www.kktavastia.fi\/ammattiopisto\/#website"},"primaryImageOfPage":{"@id":"https:\/\/www.kktavastia.fi\/ammattiopisto\/2022\/09\/05\/lahihoitajasta-yrittajaksi-essi-maatan-tarina\/#primaryimage"},"image":{"@id":"https:\/\/www.kktavastia.fi\/ammattiopisto\/2022\/09\/05\/lahihoitajasta-yrittajaksi-essi-maatan-tarina\/#primaryimage"},"thumbnailUrl":"https:\/\/www.kktavastia.fi\/media\/sites\/2\/essimaatta2-scaled.jpg","datePublished":"2022-09-05T09:46:26+00:00","dateModified":"2023-05-26T06:50:49+00:00","author":{"@id":"https:\/\/www.kktavastia.fi\/ammattiopisto\/#\/schema\/person\/817cce3016d2f14b9a7ed273534dcf4d"},"breadcrumb":{"@id":"https:\/\/www.kktavastia.fi\/ammattiopisto\/2022\/09\/05\/lahihoitajasta-yrittajaksi-essi-maatan-tarina\/#breadcrumb"},"inLanguage":"fi","potentialAction":[{"@type":"ReadAction","target":["https:\/\/www.kktavastia.fi\/ammattiopisto\/2022\/09\/05\/lahihoitajasta-yrittajaksi-essi-maatan-tarina\/"]}]},{"@type":"ImageObject","inLanguage":"fi","@id":"https:\/\/www.kktavastia.fi\/ammattiopisto\/2022\/09\/05\/lahihoitajasta-yrittajaksi-essi-maatan-tarina\/#primaryimage","url":"https:\/\/www.kktavastia.fi\/media\/sites\/2\/essimaatta2-scaled.jpg","contentUrl":"https:\/\/www.kktavastia.fi\/media\/sites\/2\/essimaatta2-scaled.jpg","width":1536,"height":2048},{"@type":"BreadcrumbList","@id":"https:\/\/www.kktavastia.fi\/ammattiopisto\/2022\/09\/05\/lahihoitajasta-yrittajaksi-essi-maatan-tarina\/#breadcrumb","itemListElement":[{"@type":"ListItem","position":1,"name":"Home","item":"https:\/\/www.kktavastia.fi\/ammattiopisto\/"},{"@type":"ListItem","position":2,"name":"L\u00e4hihoitajasta yritt\u00e4j\u00e4ksi \u2013 Essi M\u00e4\u00e4t\u00e4n tarina"}]},{"@type":"WebSite","@id":"https:\/\/www.kktavastia.fi\/ammattiopisto\/#website","url":"https:\/\/www.kktavastia.fi\/ammattiopisto\/","name":"Ammattiopisto Tavastia","description":"","potentialAction":[{"@type":"SearchAction","target":{"@type":"EntryPoint","urlTemplate":"https:\/\/www.kktavastia.fi\/ammattiopisto\/?s={search_term_string}"},"query-input":{"@type":"PropertyValueSpecification","valueRequired":true,"valueName":"search_term_string"}}],"inLanguage":"fi"},{"@type":"Person","@id":"https:\/\/www.kktavastia.fi\/ammattiopisto\/#\/schema\/person\/817cce3016d2f14b9a7ed273534dcf4d","name":"saraseppala","image":{"@type":"ImageObject","inLanguage":"fi","@id":"https:\/\/secure.gravatar.com\/avatar\/478c9f0d13d5df0e5e3d2ec80a1d93afb10baa5bf0f981b9874b9ad1ff76cafc?s=96&d=mm&r=g","url":"https:\/\/secure.gravatar.com\/avatar\/478c9f0d13d5df0e5e3d2ec80a1d93afb10baa5bf0f981b9874b9ad1ff76cafc?s=96&d=mm&r=g","contentUrl":"https:\/\/secure.gravatar.com\/avatar\/478c9f0d13d5df0e5e3d2ec80a1d93afb10baa5bf0f981b9874b9ad1ff76cafc?s=96&d=mm&r=g","caption":"saraseppala"},"url":"https:\/\/www.kktavastia.fi\/ammattiopisto\/author\/saraseppala\/"}]}},"_links":{"self":[{"href":"https:\/\/www.kktavastia.fi\/ammattiopisto\/wp-json\/wp\/v2\/posts\/18972","targetHints":{"allow":["GET"]}}],"collection":[{"href":"https:\/\/www.kktavastia.fi\/ammattiopisto\/wp-json\/wp\/v2\/posts"}],"about":[{"href":"https:\/\/www.kktavastia.fi\/ammattiopisto\/wp-json\/wp\/v2\/types\/post"}],"author":[{"embeddable":true,"href":"https:\/\/www.kktavastia.fi\/ammattiopisto\/wp-json\/wp\/v2\/users\/6"}],"replies":[{"embeddable":true,"href":"https:\/\/www.kktavastia.fi\/ammattiopisto\/wp-json\/wp\/v2\/comments?post=18972"}],"version-history":[{"count":3,"href":"https:\/\/www.kktavastia.fi\/ammattiopisto\/wp-json\/wp\/v2\/posts\/18972\/revisions"}],"predecessor-version":[{"id":21330,"href":"https:\/\/www.kktavastia.fi\/ammattiopisto\/wp-json\/wp\/v2\/posts\/18972\/revisions\/21330"}],"wp:featuredmedia":[{"embeddable":true,"href":"https:\/\/www.kktavastia.fi\/ammattiopisto\/wp-json\/wp\/v2\/media\/18974"}],"wp:attachment":[{"href":"https:\/\/www.kktavastia.fi\/ammattiopisto\/wp-json\/wp\/v2\/media?parent=18972"}],"wp:term":[{"taxonomy":"category","embeddable":true,"href":"https:\/\/www.kktavastia.fi\/ammattiopisto\/wp-json\/wp\/v2\/categories?post=18972"},{"taxonomy":"post_tag","embeddable":true,"href":"https:\/\/www.kktavastia.fi\/ammattiopisto\/wp-json\/wp\/v2\/tags?post=18972"}],"curies":[{"name":"wp","href":"https:\/\/api.w.org\/{rel}","templated":true}]}}