{"id":18908,"date":"2022-08-31T09:24:48","date_gmt":"2022-08-31T06:24:48","guid":{"rendered":"https:\/\/www.kktavastia.fi\/ammattiopisto\/?p=18908"},"modified":"2022-08-31T09:24:48","modified_gmt":"2022-08-31T06:24:48","slug":"ammattiopisto-tavastiassa-vahvistetaan-uraohjausta","status":"publish","type":"post","link":"https:\/\/www.kktavastia.fi\/ammattiopisto\/2022\/08\/31\/ammattiopisto-tavastiassa-vahvistetaan-uraohjausta\/","title":{"rendered":"Ammattiopisto Tavastiassa vahvistetaan uraohjausta"},"content":{"rendered":"\n<p class=\"is-style-ingress\">Ammattiopisto Tavastiassa kehitet\u00e4\u00e4n aktiivisesti ohjauksen kokonaisuutta. Osana t\u00e4t\u00e4 ty\u00f6t\u00e4 haluttiin vahvistaa my\u00f6s uraohjausta. Elokuun alussa uraohjaajien m\u00e4\u00e4r\u00e4 nousikin yhdest\u00e4 nelj\u00e4\u00e4n, kun kolme uutta uraohjaajaa aloitti ty\u00f6ns\u00e4.<\/p>\n\n\n\n<p>Uraohjaajien ty\u00f6teht\u00e4v\u00e4t painottuvat opiskelijan opintopolun eri vaiheissa tapahtuvaan ohjaukseen. Uraohjaajat ty\u00f6skentelev\u00e4t nuorten ja ty\u00f6ik\u00e4isten uraohjauksessa yhteisty\u00f6ss\u00e4 opettajien, opinto-ohjaajien ja muun henkil\u00f6st\u00f6n kanssa.<\/p>\n\n\n\n<h3 class=\"wp-block-heading\">Tukea opintojen alkuun ja niiden aikana<\/h3>\n\n\n\n<p><strong>Annika Kuparinen<\/strong> ty\u00f6skentelee hakeutumisvaiheen uraohjaajana. H\u00e4nen ty\u00f6ns\u00e4 painottuu opiskelua suunnittelevien neuvontaan ja ohjaukseen, ja Annikaa voikin tavata niin Ammattiopisto Tavastian Ohjauspisteess\u00e4 kuin erilaisissa hakeutumisvaiheen ohjaustapahtumissa.<\/p>\n\n\n\n<p>\u2013 Minuun voi olla yhteydess\u00e4 erityisesti silloin, jos haluaa tulla opiskelemaan Ammattiopisto Tavastiaan ja tarvitsee apua tai neuvoja. Autan nuoria ja aikuisia l\u00f6yt\u00e4m\u00e4\u00e4n innostavan alan, jota opiskella, Annika Kuparinen kertoo.<\/p>\n\n\n<div class=\"wp-block-image\">\n<figure class=\"alignleft size-large is-resized\"><img loading=\"lazy\" decoding=\"async\" src=\"https:\/\/www.kktavastia.fi\/media\/sites\/2\/tiimi-1024x768.jpg\" alt=\"\" class=\"wp-image-18909\" width=\"512\" height=\"384\" srcset=\"https:\/\/www.kktavastia.fi\/media\/sites\/2\/tiimi-1024x768.jpg 1024w, https:\/\/www.kktavastia.fi\/media\/sites\/2\/tiimi-300x225.jpg 300w, https:\/\/www.kktavastia.fi\/media\/sites\/2\/tiimi-768x576.jpg 768w, https:\/\/www.kktavastia.fi\/media\/sites\/2\/tiimi-1536x1152.jpg 1536w, https:\/\/www.kktavastia.fi\/media\/sites\/2\/tiimi-scaled.jpg 2048w, https:\/\/www.kktavastia.fi\/media\/sites\/2\/tiimi-20x15.jpg 20w\" sizes=\"auto, (max-width: 512px) 100vw, 512px\" \/><figcaption>Tavastian uraohjaajat. Vasemmalta Annika Kuparinen, Taru Vierimaa, Tiia M\u00e4kinen ja Minna Tuominen.<\/figcaption><\/figure>\n<\/div>\n\n\n<p>T\u00e4rke\u00e4 osa Annikan ty\u00f6t\u00e4 on my\u00f6s yhteisty\u00f6 TE-palvelujen ja ty\u00f6llisyyden kuntakokeilun kanssa. Lis\u00e4ksi h\u00e4n on mukana tapahtumaj\u00e4rjestelyiss\u00e4 ja koordinoi koulutuskokeiluja.<\/p>\n\n\n\n<p>Kuparinen kehottaa olemaan stressaamatta opiskelujen suhteen.<\/p>\n\n\n\n<p>\u2013 Mielest\u00e4ni nuoren tai aikuisenkaan ei tarvitse tiet\u00e4\u00e4, mik\u00e4 minusta isona tulee, vaan ennemmin kannattaa pohtia, mit\u00e4 haluaisi seuraavaksi tehd\u00e4!<\/p>\n\n\n\n<p><strong>Tiia M\u00e4kinen<\/strong> ty\u00f6skentelee hakeutumisvaiheen ja opintojen aikaisen uraohjauksen teht\u00e4viss\u00e4. Tiiaa n\u00e4kee Annikan tavoin hakeutumisvaiheen ohjaustapahtumissa ja Ohjauspisteess\u00e4, mutta sen lis\u00e4ksi Tiia on mukana opintojen aikaisen uraohjauksessa vastuuopettajien tukena.<\/p>\n\n\n\n<p>\u2013 Jos opintojen aikana alkaa tuntua silt\u00e4, ett\u00e4 ala ei olekaan oikea tai el\u00e4m\u00e4ntilanne muuttuu ja opiskelut vaikeutuvat, kannattaa ottaa yhteytt\u00e4 minuun. Yhdess\u00e4 voidaan katsoa, mit\u00e4 asialle voisi tehd\u00e4, vinkkaa M\u00e4kinen.<\/p>\n\n\n\n<p>Tiia M\u00e4kinen toteuttaa opiskelijoille my\u00f6s erilaisia uraohjaustapahtumia, kuten esittelee s\u00e4hk\u00f6ist\u00e4 TAVASTIArekry-palvelua ja j\u00e4rjest\u00e4\u00e4 kes\u00e4ty\u00f6nhakuun liittyvi\u00e4 tapahtumia yhdess\u00e4 opintojen p\u00e4\u00e4ttymisvaiheen uraohjauksesta vastaavan <strong>Taru Vierimaan<\/strong> kanssa.<\/p>\n\n\n\n<h3 class=\"wp-block-heading\">Ohjausta opintojen loppuvaiheessa ja vieraskielisille<\/h3>\n\n\n\n<p>Taru Vierimaa on opiskelijoiden ja vastuuopettajien tukena opintojen p\u00e4\u00e4ttymisvaiheen urasuunnitelman p\u00e4ivitt\u00e4misess\u00e4 ja tukee opiskelijoita siin\u00e4, miten omat vahvuudet saa parhaiten tuotua esille t\u00f6it\u00e4 hakiessa.<\/p>\n\n\n\n<p>\u2013 Min\u00e4 olen apuna erityisesti siin\u00e4 vaiheessa, kun on aika siirty\u00e4 opinnoista ty\u00f6el\u00e4m\u00e4\u00e4n tai jatko-opintoihin. Voimme yhdess\u00e4 opiskelijan kanssa p\u00e4ivitt\u00e4\u00e4 h\u00e4nen ty\u00f6nhakutaitojaan ja minun hommaani on my\u00f6s pit\u00e4\u00e4 silm\u00e4t ja korvat auki ty\u00f6el\u00e4m\u00e4n ja avoimien ty\u00f6paikkojen suuntaan, kertoo Taru Vierimaa.<\/p>\n\n\n\n<p>Taru tekeekin aktiivisesti yhteisty\u00f6t\u00e4 my\u00f6s TE-palvelujen ja kuntakokeilun sek\u00e4 alueen ty\u00f6el\u00e4m\u00e4n ja muiden verkostojen kanssa.<\/p>\n\n\n\n<p>Tavastian nelj\u00e4nnen uraohjaajan <strong>Minna Tuomisen <\/strong>vastuualue on vieraskielisten nivelvaiheiden uraohjaus. H\u00e4n ty\u00f6skentelee yhdess\u00e4 muun opetus- ja ohjaushenkil\u00f6st\u00f6n kanssa ohjaten vieraskielisi\u00e4 opiskelijoita opiskelun kaikissa vaiheissa.<\/p>\n\n\n\n<p>\u2013 Autan maahanmuuttaneita sek\u00e4 opintoihin hakeutumisessa, niiden aikana, ett\u00e4 my\u00f6s opintojen p\u00e4\u00e4tt\u00f6vaiheessa, kun ollaan menossa t\u00f6ihin tai jatko-opintoihin.<\/p>\n\n\n\n<p>Tuominen on kiinnostunut vieraiden kielten opiskelusta, ja suomen lis\u00e4ksi saattaa l\u00f6yty\u00e4 toinenkin yhteinen kieli. Tarvittaessa tulkkaustakin voidaan k\u00e4ytt\u00e4\u00e4.<\/p>\n\n\n\n<p>\u2013 Puhun englantia ja mandariinikiinaa sek\u00e4 v\u00e4h\u00e4n espanjaa. Tavastian henkil\u00f6st\u00f6lle tiedoksi, ett\u00e4 minun kauttani voi tilata tulkkauspalveluita, Tuominen vinkkaa.<\/p>\n\n\n\n<p>Lis\u00e4ksi h\u00e4nen ty\u00f6h\u00f6ns\u00e4 kuuluu muun muassa yhteisty\u00f6t\u00e4 kuntakokeilun ja TE-hallinnon kanssa, kielitaidon varmistamisen prosessiin liittyvi\u00e4 teht\u00e4vi\u00e4 sek\u00e4 ty\u00f6nhaun tukemista ja palveluohjausta.<\/p>\n\n\n\n<h3 class=\"wp-block-heading\">Ole yhteydess\u00e4 rohkeasti<\/h3>\n\n\n\n<p>Uraohjaajiin voi ottaa yhteytt\u00e4 matalalla kynnyksell\u00e4. Saat aina apua ja tukea ja tarvittaessa sinut ohjataan eteenp\u00e4in. Uraohjaajat auttavat kaikenik\u00e4isi\u00e4!<\/p>\n\n\n\n<p>Uraohjaajat p\u00e4ivyst\u00e4v\u00e4t viikoittain sek\u00e4 Ammattiopisto Tavastian Ohjauspisteess\u00e4 Hattelmalantien kampusalueella (keskiviikko ja perjantai) ett\u00e4 Ohjaamo Stagen tiloissa Turuntiell\u00e4 H\u00e4meenlinnassa tiistaisin kello 14-16.<\/p>\n\n\n\n<p>Katso uraohjaajien yhteystiedot <a href=\"https:\/\/www.kktavastia.fi\/ammattiopisto\/tule-opiskelijaksi\/palvelut-opiskelijalle\/ohjauspalvelut\/\">t\u00e4\u00e4lt\u00e4<\/a>.<\/p>\n","protected":false},"excerpt":{"rendered":"<p>Ammattiopisto Tavastiassa kehitet\u00e4\u00e4n aktiivisesti ohjauksen kokonaisuutta. Osana t\u00e4t\u00e4 ty\u00f6t\u00e4 haluttiin vahvistaa my\u00f6s uraohjausta. Elokuun alussa uraohjaajien m\u00e4\u00e4r\u00e4 nousikin yhdest\u00e4 nelj\u00e4\u00e4n, [&hellip;]<\/p>\n","protected":false},"author":6,"featured_media":18910,"comment_status":"closed","ping_status":"closed","sticky":false,"template":"","format":"standard","meta":{"_acf_changed":false,"_relevanssi_hide_post":"","_relevanssi_hide_content":"","_relevanssi_pin_for_all":"","_relevanssi_pin_keywords":"","_relevanssi_unpin_keywords":"","_relevanssi_related_keywords":"","_relevanssi_related_include_ids":"","_relevanssi_related_exclude_ids":"","_relevanssi_related_no_append":"","_relevanssi_related_not_related":"","_relevanssi_related_posts":"","_relevanssi_noindex_reason":"","footnotes":""},"categories":[1],"tags":[109],"class_list":["post-18908","post","type-post","status-publish","format-standard","has-post-thumbnail","hentry","category-yleinen","tag-uraohjaaja"],"acf":[],"yoast_head":"<title>Ammattiopisto Tavastiassa vahvistetaan uraohjausta - Ammattiopisto Tavastia<\/title>\n<meta name=\"robots\" content=\"index, follow, max-snippet:-1, max-image-preview:large, max-video-preview:-1\" \/>\n<link rel=\"canonical\" href=\"https:\/\/www.kktavastia.fi\/ammattiopisto\/2022\/08\/31\/ammattiopisto-tavastiassa-vahvistetaan-uraohjausta\/\" \/>\n<meta property=\"og:locale\" content=\"fi_FI\" \/>\n<meta property=\"og:type\" content=\"article\" \/>\n<meta property=\"og:title\" content=\"Ammattiopisto Tavastiassa vahvistetaan uraohjausta - Ammattiopisto Tavastia\" \/>\n<meta property=\"og:description\" content=\"Ammattiopisto Tavastiassa kehitet\u00e4\u00e4n aktiivisesti ohjauksen kokonaisuutta. Osana t\u00e4t\u00e4 ty\u00f6t\u00e4 haluttiin vahvistaa my\u00f6s uraohjausta. Elokuun alussa uraohjaajien m\u00e4\u00e4r\u00e4 nousikin yhdest\u00e4 nelj\u00e4\u00e4n, [&hellip;]\" \/>\n<meta property=\"og:url\" content=\"https:\/\/www.kktavastia.fi\/ammattiopisto\/2022\/08\/31\/ammattiopisto-tavastiassa-vahvistetaan-uraohjausta\/\" \/>\n<meta property=\"og:site_name\" content=\"Ammattiopisto Tavastia\" \/>\n<meta property=\"article:published_time\" content=\"2022-08-31T06:24:48+00:00\" \/>\n<meta property=\"og:image\" content=\"https:\/\/www.kktavastia.fi\/media\/sites\/2\/uraohjaajat.png\" \/>\n\t<meta property=\"og:image:width\" content=\"600\" \/>\n\t<meta property=\"og:image:height\" content=\"300\" \/>\n\t<meta property=\"og:image:type\" content=\"image\/png\" \/>\n<meta name=\"author\" content=\"saraseppala\" \/>\n<meta name=\"twitter:card\" content=\"summary_large_image\" \/>\n<script type=\"application\/ld+json\" class=\"yoast-schema-graph\">{\"@context\":\"https:\\\/\\\/schema.org\",\"@graph\":[{\"@type\":\"Article\",\"@id\":\"https:\\\/\\\/www.kktavastia.fi\\\/ammattiopisto\\\/2022\\\/08\\\/31\\\/ammattiopisto-tavastiassa-vahvistetaan-uraohjausta\\\/#article\",\"isPartOf\":{\"@id\":\"https:\\\/\\\/www.kktavastia.fi\\\/ammattiopisto\\\/2022\\\/08\\\/31\\\/ammattiopisto-tavastiassa-vahvistetaan-uraohjausta\\\/\"},\"author\":{\"name\":\"saraseppala\",\"@id\":\"https:\\\/\\\/www.kktavastia.fi\\\/ammattiopisto\\\/#\\\/schema\\\/person\\\/817cce3016d2f14b9a7ed273534dcf4d\"},\"headline\":\"Ammattiopisto Tavastiassa vahvistetaan uraohjausta\",\"datePublished\":\"2022-08-31T06:24:48+00:00\",\"mainEntityOfPage\":{\"@id\":\"https:\\\/\\\/www.kktavastia.fi\\\/ammattiopisto\\\/2022\\\/08\\\/31\\\/ammattiopisto-tavastiassa-vahvistetaan-uraohjausta\\\/\"},\"wordCount\":578,\"image\":{\"@id\":\"https:\\\/\\\/www.kktavastia.fi\\\/ammattiopisto\\\/2022\\\/08\\\/31\\\/ammattiopisto-tavastiassa-vahvistetaan-uraohjausta\\\/#primaryimage\"},\"thumbnailUrl\":\"https:\\\/\\\/www.kktavastia.fi\\\/media\\\/sites\\\/2\\\/uraohjaajat.png\",\"keywords\":[\"uraohjaaja\"],\"inLanguage\":\"fi\"},{\"@type\":\"WebPage\",\"@id\":\"https:\\\/\\\/www.kktavastia.fi\\\/ammattiopisto\\\/2022\\\/08\\\/31\\\/ammattiopisto-tavastiassa-vahvistetaan-uraohjausta\\\/\",\"url\":\"https:\\\/\\\/www.kktavastia.fi\\\/ammattiopisto\\\/2022\\\/08\\\/31\\\/ammattiopisto-tavastiassa-vahvistetaan-uraohjausta\\\/\",\"name\":\"Ammattiopisto Tavastiassa vahvistetaan uraohjausta - Ammattiopisto Tavastia\",\"isPartOf\":{\"@id\":\"https:\\\/\\\/www.kktavastia.fi\\\/ammattiopisto\\\/#website\"},\"primaryImageOfPage\":{\"@id\":\"https:\\\/\\\/www.kktavastia.fi\\\/ammattiopisto\\\/2022\\\/08\\\/31\\\/ammattiopisto-tavastiassa-vahvistetaan-uraohjausta\\\/#primaryimage\"},\"image\":{\"@id\":\"https:\\\/\\\/www.kktavastia.fi\\\/ammattiopisto\\\/2022\\\/08\\\/31\\\/ammattiopisto-tavastiassa-vahvistetaan-uraohjausta\\\/#primaryimage\"},\"thumbnailUrl\":\"https:\\\/\\\/www.kktavastia.fi\\\/media\\\/sites\\\/2\\\/uraohjaajat.png\",\"datePublished\":\"2022-08-31T06:24:48+00:00\",\"author\":{\"@id\":\"https:\\\/\\\/www.kktavastia.fi\\\/ammattiopisto\\\/#\\\/schema\\\/person\\\/817cce3016d2f14b9a7ed273534dcf4d\"},\"breadcrumb\":{\"@id\":\"https:\\\/\\\/www.kktavastia.fi\\\/ammattiopisto\\\/2022\\\/08\\\/31\\\/ammattiopisto-tavastiassa-vahvistetaan-uraohjausta\\\/#breadcrumb\"},\"inLanguage\":\"fi\",\"potentialAction\":[{\"@type\":\"ReadAction\",\"target\":[\"https:\\\/\\\/www.kktavastia.fi\\\/ammattiopisto\\\/2022\\\/08\\\/31\\\/ammattiopisto-tavastiassa-vahvistetaan-uraohjausta\\\/\"]}]},{\"@type\":\"ImageObject\",\"inLanguage\":\"fi\",\"@id\":\"https:\\\/\\\/www.kktavastia.fi\\\/ammattiopisto\\\/2022\\\/08\\\/31\\\/ammattiopisto-tavastiassa-vahvistetaan-uraohjausta\\\/#primaryimage\",\"url\":\"https:\\\/\\\/www.kktavastia.fi\\\/media\\\/sites\\\/2\\\/uraohjaajat.png\",\"contentUrl\":\"https:\\\/\\\/www.kktavastia.fi\\\/media\\\/sites\\\/2\\\/uraohjaajat.png\",\"width\":600,\"height\":300,\"caption\":\"uraohjaajat messuilla\"},{\"@type\":\"BreadcrumbList\",\"@id\":\"https:\\\/\\\/www.kktavastia.fi\\\/ammattiopisto\\\/2022\\\/08\\\/31\\\/ammattiopisto-tavastiassa-vahvistetaan-uraohjausta\\\/#breadcrumb\",\"itemListElement\":[{\"@type\":\"ListItem\",\"position\":1,\"name\":\"Home\",\"item\":\"https:\\\/\\\/www.kktavastia.fi\\\/ammattiopisto\\\/\"},{\"@type\":\"ListItem\",\"position\":2,\"name\":\"Ammattiopisto Tavastiassa vahvistetaan uraohjausta\"}]},{\"@type\":\"WebSite\",\"@id\":\"https:\\\/\\\/www.kktavastia.fi\\\/ammattiopisto\\\/#website\",\"url\":\"https:\\\/\\\/www.kktavastia.fi\\\/ammattiopisto\\\/\",\"name\":\"Ammattiopisto Tavastia\",\"description\":\"\",\"potentialAction\":[{\"@type\":\"SearchAction\",\"target\":{\"@type\":\"EntryPoint\",\"urlTemplate\":\"https:\\\/\\\/www.kktavastia.fi\\\/ammattiopisto\\\/?s={search_term_string}\"},\"query-input\":{\"@type\":\"PropertyValueSpecification\",\"valueRequired\":true,\"valueName\":\"search_term_string\"}}],\"inLanguage\":\"fi\"},{\"@type\":\"Person\",\"@id\":\"https:\\\/\\\/www.kktavastia.fi\\\/ammattiopisto\\\/#\\\/schema\\\/person\\\/817cce3016d2f14b9a7ed273534dcf4d\",\"name\":\"saraseppala\",\"image\":{\"@type\":\"ImageObject\",\"inLanguage\":\"fi\",\"@id\":\"https:\\\/\\\/secure.gravatar.com\\\/avatar\\\/478c9f0d13d5df0e5e3d2ec80a1d93afb10baa5bf0f981b9874b9ad1ff76cafc?s=96&d=mm&r=g\",\"url\":\"https:\\\/\\\/secure.gravatar.com\\\/avatar\\\/478c9f0d13d5df0e5e3d2ec80a1d93afb10baa5bf0f981b9874b9ad1ff76cafc?s=96&d=mm&r=g\",\"contentUrl\":\"https:\\\/\\\/secure.gravatar.com\\\/avatar\\\/478c9f0d13d5df0e5e3d2ec80a1d93afb10baa5bf0f981b9874b9ad1ff76cafc?s=96&d=mm&r=g\",\"caption\":\"saraseppala\"},\"url\":\"https:\\\/\\\/www.kktavastia.fi\\\/ammattiopisto\\\/author\\\/saraseppala\\\/\"}]}<\/script>","yoast_head_json":{"title":"Ammattiopisto Tavastiassa vahvistetaan uraohjausta - Ammattiopisto Tavastia","robots":{"index":"index","follow":"follow","max-snippet":"max-snippet:-1","max-image-preview":"max-image-preview:large","max-video-preview":"max-video-preview:-1"},"canonical":"https:\/\/www.kktavastia.fi\/ammattiopisto\/2022\/08\/31\/ammattiopisto-tavastiassa-vahvistetaan-uraohjausta\/","og_locale":"fi_FI","og_type":"article","og_title":"Ammattiopisto Tavastiassa vahvistetaan uraohjausta - Ammattiopisto Tavastia","og_description":"Ammattiopisto Tavastiassa kehitet\u00e4\u00e4n aktiivisesti ohjauksen kokonaisuutta. Osana t\u00e4t\u00e4 ty\u00f6t\u00e4 haluttiin vahvistaa my\u00f6s uraohjausta. Elokuun alussa uraohjaajien m\u00e4\u00e4r\u00e4 nousikin yhdest\u00e4 nelj\u00e4\u00e4n, [&hellip;]","og_url":"https:\/\/www.kktavastia.fi\/ammattiopisto\/2022\/08\/31\/ammattiopisto-tavastiassa-vahvistetaan-uraohjausta\/","og_site_name":"Ammattiopisto Tavastia","article_published_time":"2022-08-31T06:24:48+00:00","og_image":[{"width":600,"height":300,"url":"https:\/\/www.kktavastia.fi\/media\/sites\/2\/uraohjaajat.png","type":"image\/png"}],"author":"saraseppala","twitter_card":"summary_large_image","schema":{"@context":"https:\/\/schema.org","@graph":[{"@type":"Article","@id":"https:\/\/www.kktavastia.fi\/ammattiopisto\/2022\/08\/31\/ammattiopisto-tavastiassa-vahvistetaan-uraohjausta\/#article","isPartOf":{"@id":"https:\/\/www.kktavastia.fi\/ammattiopisto\/2022\/08\/31\/ammattiopisto-tavastiassa-vahvistetaan-uraohjausta\/"},"author":{"name":"saraseppala","@id":"https:\/\/www.kktavastia.fi\/ammattiopisto\/#\/schema\/person\/817cce3016d2f14b9a7ed273534dcf4d"},"headline":"Ammattiopisto Tavastiassa vahvistetaan uraohjausta","datePublished":"2022-08-31T06:24:48+00:00","mainEntityOfPage":{"@id":"https:\/\/www.kktavastia.fi\/ammattiopisto\/2022\/08\/31\/ammattiopisto-tavastiassa-vahvistetaan-uraohjausta\/"},"wordCount":578,"image":{"@id":"https:\/\/www.kktavastia.fi\/ammattiopisto\/2022\/08\/31\/ammattiopisto-tavastiassa-vahvistetaan-uraohjausta\/#primaryimage"},"thumbnailUrl":"https:\/\/www.kktavastia.fi\/media\/sites\/2\/uraohjaajat.png","keywords":["uraohjaaja"],"inLanguage":"fi"},{"@type":"WebPage","@id":"https:\/\/www.kktavastia.fi\/ammattiopisto\/2022\/08\/31\/ammattiopisto-tavastiassa-vahvistetaan-uraohjausta\/","url":"https:\/\/www.kktavastia.fi\/ammattiopisto\/2022\/08\/31\/ammattiopisto-tavastiassa-vahvistetaan-uraohjausta\/","name":"Ammattiopisto Tavastiassa vahvistetaan uraohjausta - Ammattiopisto Tavastia","isPartOf":{"@id":"https:\/\/www.kktavastia.fi\/ammattiopisto\/#website"},"primaryImageOfPage":{"@id":"https:\/\/www.kktavastia.fi\/ammattiopisto\/2022\/08\/31\/ammattiopisto-tavastiassa-vahvistetaan-uraohjausta\/#primaryimage"},"image":{"@id":"https:\/\/www.kktavastia.fi\/ammattiopisto\/2022\/08\/31\/ammattiopisto-tavastiassa-vahvistetaan-uraohjausta\/#primaryimage"},"thumbnailUrl":"https:\/\/www.kktavastia.fi\/media\/sites\/2\/uraohjaajat.png","datePublished":"2022-08-31T06:24:48+00:00","author":{"@id":"https:\/\/www.kktavastia.fi\/ammattiopisto\/#\/schema\/person\/817cce3016d2f14b9a7ed273534dcf4d"},"breadcrumb":{"@id":"https:\/\/www.kktavastia.fi\/ammattiopisto\/2022\/08\/31\/ammattiopisto-tavastiassa-vahvistetaan-uraohjausta\/#breadcrumb"},"inLanguage":"fi","potentialAction":[{"@type":"ReadAction","target":["https:\/\/www.kktavastia.fi\/ammattiopisto\/2022\/08\/31\/ammattiopisto-tavastiassa-vahvistetaan-uraohjausta\/"]}]},{"@type":"ImageObject","inLanguage":"fi","@id":"https:\/\/www.kktavastia.fi\/ammattiopisto\/2022\/08\/31\/ammattiopisto-tavastiassa-vahvistetaan-uraohjausta\/#primaryimage","url":"https:\/\/www.kktavastia.fi\/media\/sites\/2\/uraohjaajat.png","contentUrl":"https:\/\/www.kktavastia.fi\/media\/sites\/2\/uraohjaajat.png","width":600,"height":300,"caption":"uraohjaajat messuilla"},{"@type":"BreadcrumbList","@id":"https:\/\/www.kktavastia.fi\/ammattiopisto\/2022\/08\/31\/ammattiopisto-tavastiassa-vahvistetaan-uraohjausta\/#breadcrumb","itemListElement":[{"@type":"ListItem","position":1,"name":"Home","item":"https:\/\/www.kktavastia.fi\/ammattiopisto\/"},{"@type":"ListItem","position":2,"name":"Ammattiopisto Tavastiassa vahvistetaan uraohjausta"}]},{"@type":"WebSite","@id":"https:\/\/www.kktavastia.fi\/ammattiopisto\/#website","url":"https:\/\/www.kktavastia.fi\/ammattiopisto\/","name":"Ammattiopisto Tavastia","description":"","potentialAction":[{"@type":"SearchAction","target":{"@type":"EntryPoint","urlTemplate":"https:\/\/www.kktavastia.fi\/ammattiopisto\/?s={search_term_string}"},"query-input":{"@type":"PropertyValueSpecification","valueRequired":true,"valueName":"search_term_string"}}],"inLanguage":"fi"},{"@type":"Person","@id":"https:\/\/www.kktavastia.fi\/ammattiopisto\/#\/schema\/person\/817cce3016d2f14b9a7ed273534dcf4d","name":"saraseppala","image":{"@type":"ImageObject","inLanguage":"fi","@id":"https:\/\/secure.gravatar.com\/avatar\/478c9f0d13d5df0e5e3d2ec80a1d93afb10baa5bf0f981b9874b9ad1ff76cafc?s=96&d=mm&r=g","url":"https:\/\/secure.gravatar.com\/avatar\/478c9f0d13d5df0e5e3d2ec80a1d93afb10baa5bf0f981b9874b9ad1ff76cafc?s=96&d=mm&r=g","contentUrl":"https:\/\/secure.gravatar.com\/avatar\/478c9f0d13d5df0e5e3d2ec80a1d93afb10baa5bf0f981b9874b9ad1ff76cafc?s=96&d=mm&r=g","caption":"saraseppala"},"url":"https:\/\/www.kktavastia.fi\/ammattiopisto\/author\/saraseppala\/"}]}},"_links":{"self":[{"href":"https:\/\/www.kktavastia.fi\/ammattiopisto\/wp-json\/wp\/v2\/posts\/18908","targetHints":{"allow":["GET"]}}],"collection":[{"href":"https:\/\/www.kktavastia.fi\/ammattiopisto\/wp-json\/wp\/v2\/posts"}],"about":[{"href":"https:\/\/www.kktavastia.fi\/ammattiopisto\/wp-json\/wp\/v2\/types\/post"}],"author":[{"embeddable":true,"href":"https:\/\/www.kktavastia.fi\/ammattiopisto\/wp-json\/wp\/v2\/users\/6"}],"replies":[{"embeddable":true,"href":"https:\/\/www.kktavastia.fi\/ammattiopisto\/wp-json\/wp\/v2\/comments?post=18908"}],"version-history":[{"count":1,"href":"https:\/\/www.kktavastia.fi\/ammattiopisto\/wp-json\/wp\/v2\/posts\/18908\/revisions"}],"predecessor-version":[{"id":18911,"href":"https:\/\/www.kktavastia.fi\/ammattiopisto\/wp-json\/wp\/v2\/posts\/18908\/revisions\/18911"}],"wp:featuredmedia":[{"embeddable":true,"href":"https:\/\/www.kktavastia.fi\/ammattiopisto\/wp-json\/wp\/v2\/media\/18910"}],"wp:attachment":[{"href":"https:\/\/www.kktavastia.fi\/ammattiopisto\/wp-json\/wp\/v2\/media?parent=18908"}],"wp:term":[{"taxonomy":"category","embeddable":true,"href":"https:\/\/www.kktavastia.fi\/ammattiopisto\/wp-json\/wp\/v2\/categories?post=18908"},{"taxonomy":"post_tag","embeddable":true,"href":"https:\/\/www.kktavastia.fi\/ammattiopisto\/wp-json\/wp\/v2\/tags?post=18908"}],"curies":[{"name":"wp","href":"https:\/\/api.w.org\/{rel}","templated":true}]}}