{"id":17037,"date":"2022-01-09T20:27:21","date_gmt":"2022-01-09T18:27:21","guid":{"rendered":"https:\/\/www.kktavastia.fi\/ammattiopisto\/?p=17037"},"modified":"2022-01-09T20:28:14","modified_gmt":"2022-01-09T18:28:14","slug":"aloitamme-lahiopetuksessa-huomioithan-toiset-vaikeutuneessa-koronatilanteessa","status":"publish","type":"post","link":"https:\/\/www.kktavastia.fi\/ammattiopisto\/2022\/01\/09\/aloitamme-lahiopetuksessa-huomioithan-toiset-vaikeutuneessa-koronatilanteessa\/","title":{"rendered":"Aloitamme l\u00e4hiopetuksessa &#8211; huomioithan toiset pahentuneessa koronatilanteessa"},"content":{"rendered":"\n<p>Tervetuloa aloittamaan uutta lukukautta! Lukukausi alkaa Ammattiopisto Tavastiassa l\u00e4hiopetuksessa ty\u00f6j\u00e4rjestyksen mukaan. Poikkeuksena on aikuisten perusopetus, joka opiskelee 10.\u201314.1. et\u00e4opetuksessa&nbsp;lukuun ottamatta lukutaitovaiheen opetusta.&nbsp;<\/p>\n\n\n\n<p>Koska el\u00e4mme j\u00e4lleen tiukempia aikoja koronan suhteen ja uusi helposti tarttuva omikron-variantti levi\u00e4\u00e4 kovalla vauhdilla, haluamme erityisesti painottaa turvallista opiskeluymp\u00e4rist\u00f6\u00e4. Me kaikki luomme sen toimimalla yhteisen tavoitteen mukaan.<\/p>\n\n\n\n<p>Opiskelijoilla on oikeus saada keskitty\u00e4 opiskeluihin mahdollisimman turvallisessa ymp\u00e4rist\u00f6ss\u00e4, ja siihen me kaikki voimme vaikuttaa. Haluamme turvata opiskelijoille l\u00e4hiopiskelun, sill\u00e4 korona on jo osoittanut et\u00e4opiskelun haitat pidemm\u00e4n p\u00e4\u00e4lle. Vaikka korona ei useinkaan aiheuta nuorille vakavaa tautia, meit\u00e4 on t\u00e4\u00e4ll\u00e4 Tavastiassa monen ik\u00e4isi\u00e4 opiskelijoita ja ty\u00f6ntekij\u00f6it\u00e4. <\/p>\n\n\n\n<p>Mit\u00e4 t\u00e4m\u00e4 sitten tarkoittaa ja miten voit vaikuttaa asiaan? Haluamme, ett\u00e4 kaikki Tavastiassa k\u00e4ytt\u00e4v\u00e4t maskia, jos siihen ei ole terveydellisi\u00e4 esteit\u00e4. Vahva suosituksemme perustuu sek\u00e4 valtioneuvoston ett\u00e4 THL:n ohjeisiin: \u201dKasvomaskia tulisi k\u00e4ytt\u00e4\u00e4 kaikissa julkisissa sis\u00e4tiloissa sek\u00e4 joukkoliikenteess\u00e4 koko maassa. Suositus koskee sek\u00e4 rokotettuja ett\u00e4 rokottamattomia.\u201d Ty\u00f6ntekij\u00f6ilt\u00e4 edellyt\u00e4mme maskink\u00e4ytt\u00f6\u00e4 ty\u00f6turvallisuuslakiin vedoten.<\/p>\n\n\n\n<p>Maski on tutkitusti tehokas keino suojata muita ja itse\u00e4 tartunnalta. Maskin oikeanlainen k\u00e4ytt\u00f6 on usein ollut my\u00f6s syyn\u00e4 siihen, ett\u00e4 opiskelija ei ole joutunut karanteeniin, vaikka on altistunut virukselle.<\/p>\n\n\n\n<p>Lis\u00e4ksi muistetaan noudattaa heti lukukauden alusta alkaen kaikkia muita koronaohjeistuksia. Aina sis\u00e4lle tultaessa ja ennen ruokailua pest\u00e4\u00e4n k\u00e4det tai desinfioidaan ne. Kaverit huomioidaan pit\u00e4m\u00e4ll\u00e4 turvav\u00e4lit, jos se vain on mahdollista. Kavereita suojataan my\u00f6s aivastamalla hihaan tai nen\u00e4liinaan.<\/p>\n\n\n\n<p>Ensisijaisen t\u00e4rke\u00e4\u00e4 on tulla kouluun vain terveen\u00e4 \u2013 ei siis edes pieness\u00e4 nuhassa, kurkku karheana tai p\u00e4\u00e4ns\u00e4ryss\u00e4 \u2013 n\u00e4m\u00e4 kaikki voivat olla koronan oireita.<\/p>\n\n\n\n<p>Vakavan koronatilanteen takia uusia rajoituksia tai m\u00e4\u00e4r\u00e4yksi\u00e4 saattaa tulla, ja tiedotamme asioista ensisijaisesti Wilmassa suoraan opiskelijoille sek\u00e4 verkkosivuillamme.<\/p>\n\n\n\n<p>Opiskeluintoa ja jaksamista haastavassa tilanteessa kaikille! Pidet\u00e4\u00e4n huolta toisistamme!<\/p>\n","protected":false},"excerpt":{"rendered":"<p>Tervetuloa aloittamaan uutta lukukautta! Lukukausi alkaa Ammattiopisto Tavastiassa l\u00e4hiopetuksessa ty\u00f6j\u00e4rjestyksen mukaan. Poikkeuksena on aikuisten perusopetus, joka opiskelee 10.\u201314.1. et\u00e4opetuksessa&nbsp;lukuun ottamatta [&hellip;]<\/p>\n","protected":false},"author":3,"featured_media":16034,"comment_status":"closed","ping_status":"closed","sticky":false,"template":"","format":"standard","meta":{"_acf_changed":false,"_relevanssi_hide_post":"","_relevanssi_hide_content":"","_relevanssi_pin_for_all":"","_relevanssi_pin_keywords":"","_relevanssi_unpin_keywords":"","_relevanssi_related_keywords":"","_relevanssi_related_include_ids":"","_relevanssi_related_exclude_ids":"","_relevanssi_related_no_append":"","_relevanssi_related_not_related":"","_relevanssi_related_posts":"16441,10872,12787,7548,15574,10643","_relevanssi_noindex_reason":"","footnotes":""},"categories":[1],"tags":[],"class_list":["post-17037","post","type-post","status-publish","format-standard","has-post-thumbnail","hentry","category-yleinen"],"acf":[],"yoast_head":"<title>Aloitamme l\u00e4hiopetuksessa - huomioithan toiset pahentuneessa koronatilanteessa - Ammattiopisto Tavastia<\/title>\n<meta name=\"robots\" content=\"index, follow, max-snippet:-1, max-image-preview:large, max-video-preview:-1\" \/>\n<link rel=\"canonical\" href=\"https:\/\/www.kktavastia.fi\/ammattiopisto\/2022\/01\/09\/aloitamme-lahiopetuksessa-huomioithan-toiset-vaikeutuneessa-koronatilanteessa\/\" \/>\n<meta property=\"og:locale\" content=\"fi_FI\" \/>\n<meta property=\"og:type\" content=\"article\" \/>\n<meta property=\"og:title\" content=\"Aloitamme l\u00e4hiopetuksessa - huomioithan toiset pahentuneessa koronatilanteessa - Ammattiopisto Tavastia\" \/>\n<meta property=\"og:description\" content=\"Tervetuloa aloittamaan uutta lukukautta! Lukukausi alkaa Ammattiopisto Tavastiassa l\u00e4hiopetuksessa ty\u00f6j\u00e4rjestyksen mukaan. Poikkeuksena on aikuisten perusopetus, joka opiskelee 10.\u201314.1. et\u00e4opetuksessa&nbsp;lukuun ottamatta [&hellip;]\" \/>\n<meta property=\"og:url\" content=\"https:\/\/www.kktavastia.fi\/ammattiopisto\/2022\/01\/09\/aloitamme-lahiopetuksessa-huomioithan-toiset-vaikeutuneessa-koronatilanteessa\/\" \/>\n<meta property=\"og:site_name\" content=\"Ammattiopisto Tavastia\" \/>\n<meta property=\"article:published_time\" content=\"2022-01-09T18:27:21+00:00\" \/>\n<meta property=\"article:modified_time\" content=\"2022-01-09T18:28:14+00:00\" \/>\n<meta property=\"og:image\" content=\"https:\/\/www.kktavastia.fi\/media\/sites\/2\/virus-5231044_1280-e1631187098449.png\" \/>\n\t<meta property=\"og:image:width\" content=\"854\" \/>\n\t<meta property=\"og:image:height\" content=\"707\" \/>\n\t<meta property=\"og:image:type\" content=\"image\/png\" \/>\n<meta name=\"author\" content=\"jennimanninen\" \/>\n<meta name=\"twitter:card\" content=\"summary_large_image\" \/>\n<script type=\"application\/ld+json\" class=\"yoast-schema-graph\">{\"@context\":\"https:\\\/\\\/schema.org\",\"@graph\":[{\"@type\":\"Article\",\"@id\":\"https:\\\/\\\/www.kktavastia.fi\\\/ammattiopisto\\\/2022\\\/01\\\/09\\\/aloitamme-lahiopetuksessa-huomioithan-toiset-vaikeutuneessa-koronatilanteessa\\\/#article\",\"isPartOf\":{\"@id\":\"https:\\\/\\\/www.kktavastia.fi\\\/ammattiopisto\\\/2022\\\/01\\\/09\\\/aloitamme-lahiopetuksessa-huomioithan-toiset-vaikeutuneessa-koronatilanteessa\\\/\"},\"author\":{\"name\":\"jennimanninen\",\"@id\":\"https:\\\/\\\/www.kktavastia.fi\\\/ammattiopisto\\\/#\\\/schema\\\/person\\\/024aefaad0a17654b61e7deb02a467ab\"},\"headline\":\"Aloitamme l\u00e4hiopetuksessa &#8211; huomioithan toiset pahentuneessa koronatilanteessa\",\"datePublished\":\"2022-01-09T18:27:21+00:00\",\"dateModified\":\"2022-01-09T18:28:14+00:00\",\"mainEntityOfPage\":{\"@id\":\"https:\\\/\\\/www.kktavastia.fi\\\/ammattiopisto\\\/2022\\\/01\\\/09\\\/aloitamme-lahiopetuksessa-huomioithan-toiset-vaikeutuneessa-koronatilanteessa\\\/\"},\"wordCount\":317,\"image\":{\"@id\":\"https:\\\/\\\/www.kktavastia.fi\\\/ammattiopisto\\\/2022\\\/01\\\/09\\\/aloitamme-lahiopetuksessa-huomioithan-toiset-vaikeutuneessa-koronatilanteessa\\\/#primaryimage\"},\"thumbnailUrl\":\"https:\\\/\\\/www.kktavastia.fi\\\/media\\\/sites\\\/2\\\/virus-5231044_1280-e1631187098449.png\",\"inLanguage\":\"fi\"},{\"@type\":\"WebPage\",\"@id\":\"https:\\\/\\\/www.kktavastia.fi\\\/ammattiopisto\\\/2022\\\/01\\\/09\\\/aloitamme-lahiopetuksessa-huomioithan-toiset-vaikeutuneessa-koronatilanteessa\\\/\",\"url\":\"https:\\\/\\\/www.kktavastia.fi\\\/ammattiopisto\\\/2022\\\/01\\\/09\\\/aloitamme-lahiopetuksessa-huomioithan-toiset-vaikeutuneessa-koronatilanteessa\\\/\",\"name\":\"Aloitamme l\u00e4hiopetuksessa - huomioithan toiset pahentuneessa koronatilanteessa - Ammattiopisto Tavastia\",\"isPartOf\":{\"@id\":\"https:\\\/\\\/www.kktavastia.fi\\\/ammattiopisto\\\/#website\"},\"primaryImageOfPage\":{\"@id\":\"https:\\\/\\\/www.kktavastia.fi\\\/ammattiopisto\\\/2022\\\/01\\\/09\\\/aloitamme-lahiopetuksessa-huomioithan-toiset-vaikeutuneessa-koronatilanteessa\\\/#primaryimage\"},\"image\":{\"@id\":\"https:\\\/\\\/www.kktavastia.fi\\\/ammattiopisto\\\/2022\\\/01\\\/09\\\/aloitamme-lahiopetuksessa-huomioithan-toiset-vaikeutuneessa-koronatilanteessa\\\/#primaryimage\"},\"thumbnailUrl\":\"https:\\\/\\\/www.kktavastia.fi\\\/media\\\/sites\\\/2\\\/virus-5231044_1280-e1631187098449.png\",\"datePublished\":\"2022-01-09T18:27:21+00:00\",\"dateModified\":\"2022-01-09T18:28:14+00:00\",\"author\":{\"@id\":\"https:\\\/\\\/www.kktavastia.fi\\\/ammattiopisto\\\/#\\\/schema\\\/person\\\/024aefaad0a17654b61e7deb02a467ab\"},\"breadcrumb\":{\"@id\":\"https:\\\/\\\/www.kktavastia.fi\\\/ammattiopisto\\\/2022\\\/01\\\/09\\\/aloitamme-lahiopetuksessa-huomioithan-toiset-vaikeutuneessa-koronatilanteessa\\\/#breadcrumb\"},\"inLanguage\":\"fi\",\"potentialAction\":[{\"@type\":\"ReadAction\",\"target\":[\"https:\\\/\\\/www.kktavastia.fi\\\/ammattiopisto\\\/2022\\\/01\\\/09\\\/aloitamme-lahiopetuksessa-huomioithan-toiset-vaikeutuneessa-koronatilanteessa\\\/\"]}]},{\"@type\":\"ImageObject\",\"inLanguage\":\"fi\",\"@id\":\"https:\\\/\\\/www.kktavastia.fi\\\/ammattiopisto\\\/2022\\\/01\\\/09\\\/aloitamme-lahiopetuksessa-huomioithan-toiset-vaikeutuneessa-koronatilanteessa\\\/#primaryimage\",\"url\":\"https:\\\/\\\/www.kktavastia.fi\\\/media\\\/sites\\\/2\\\/virus-5231044_1280-e1631187098449.png\",\"contentUrl\":\"https:\\\/\\\/www.kktavastia.fi\\\/media\\\/sites\\\/2\\\/virus-5231044_1280-e1631187098449.png\",\"width\":854,\"height\":707},{\"@type\":\"BreadcrumbList\",\"@id\":\"https:\\\/\\\/www.kktavastia.fi\\\/ammattiopisto\\\/2022\\\/01\\\/09\\\/aloitamme-lahiopetuksessa-huomioithan-toiset-vaikeutuneessa-koronatilanteessa\\\/#breadcrumb\",\"itemListElement\":[{\"@type\":\"ListItem\",\"position\":1,\"name\":\"Home\",\"item\":\"https:\\\/\\\/www.kktavastia.fi\\\/ammattiopisto\\\/\"},{\"@type\":\"ListItem\",\"position\":2,\"name\":\"Aloitamme l\u00e4hiopetuksessa &#8211; huomioithan toiset pahentuneessa koronatilanteessa\"}]},{\"@type\":\"WebSite\",\"@id\":\"https:\\\/\\\/www.kktavastia.fi\\\/ammattiopisto\\\/#website\",\"url\":\"https:\\\/\\\/www.kktavastia.fi\\\/ammattiopisto\\\/\",\"name\":\"Ammattiopisto Tavastia\",\"description\":\"\",\"potentialAction\":[{\"@type\":\"SearchAction\",\"target\":{\"@type\":\"EntryPoint\",\"urlTemplate\":\"https:\\\/\\\/www.kktavastia.fi\\\/ammattiopisto\\\/?s={search_term_string}\"},\"query-input\":{\"@type\":\"PropertyValueSpecification\",\"valueRequired\":true,\"valueName\":\"search_term_string\"}}],\"inLanguage\":\"fi\"},{\"@type\":\"Person\",\"@id\":\"https:\\\/\\\/www.kktavastia.fi\\\/ammattiopisto\\\/#\\\/schema\\\/person\\\/024aefaad0a17654b61e7deb02a467ab\",\"name\":\"jennimanninen\",\"image\":{\"@type\":\"ImageObject\",\"inLanguage\":\"fi\",\"@id\":\"https:\\\/\\\/secure.gravatar.com\\\/avatar\\\/5457e44008198bb53daa774600a7e8e4246bcac6a14afc3db6e5d007d9dc6f39?s=96&d=mm&r=g\",\"url\":\"https:\\\/\\\/secure.gravatar.com\\\/avatar\\\/5457e44008198bb53daa774600a7e8e4246bcac6a14afc3db6e5d007d9dc6f39?s=96&d=mm&r=g\",\"contentUrl\":\"https:\\\/\\\/secure.gravatar.com\\\/avatar\\\/5457e44008198bb53daa774600a7e8e4246bcac6a14afc3db6e5d007d9dc6f39?s=96&d=mm&r=g\",\"caption\":\"jennimanninen\"},\"url\":\"https:\\\/\\\/www.kktavastia.fi\\\/ammattiopisto\\\/author\\\/jennimanninen\\\/\"}]}<\/script>","yoast_head_json":{"title":"Aloitamme l\u00e4hiopetuksessa - huomioithan toiset pahentuneessa koronatilanteessa - Ammattiopisto Tavastia","robots":{"index":"index","follow":"follow","max-snippet":"max-snippet:-1","max-image-preview":"max-image-preview:large","max-video-preview":"max-video-preview:-1"},"canonical":"https:\/\/www.kktavastia.fi\/ammattiopisto\/2022\/01\/09\/aloitamme-lahiopetuksessa-huomioithan-toiset-vaikeutuneessa-koronatilanteessa\/","og_locale":"fi_FI","og_type":"article","og_title":"Aloitamme l\u00e4hiopetuksessa - huomioithan toiset pahentuneessa koronatilanteessa - Ammattiopisto Tavastia","og_description":"Tervetuloa aloittamaan uutta lukukautta! Lukukausi alkaa Ammattiopisto Tavastiassa l\u00e4hiopetuksessa ty\u00f6j\u00e4rjestyksen mukaan. Poikkeuksena on aikuisten perusopetus, joka opiskelee 10.\u201314.1. et\u00e4opetuksessa&nbsp;lukuun ottamatta [&hellip;]","og_url":"https:\/\/www.kktavastia.fi\/ammattiopisto\/2022\/01\/09\/aloitamme-lahiopetuksessa-huomioithan-toiset-vaikeutuneessa-koronatilanteessa\/","og_site_name":"Ammattiopisto Tavastia","article_published_time":"2022-01-09T18:27:21+00:00","article_modified_time":"2022-01-09T18:28:14+00:00","og_image":[{"width":854,"height":707,"url":"https:\/\/www.kktavastia.fi\/media\/sites\/2\/virus-5231044_1280-e1631187098449.png","type":"image\/png"}],"author":"jennimanninen","twitter_card":"summary_large_image","schema":{"@context":"https:\/\/schema.org","@graph":[{"@type":"Article","@id":"https:\/\/www.kktavastia.fi\/ammattiopisto\/2022\/01\/09\/aloitamme-lahiopetuksessa-huomioithan-toiset-vaikeutuneessa-koronatilanteessa\/#article","isPartOf":{"@id":"https:\/\/www.kktavastia.fi\/ammattiopisto\/2022\/01\/09\/aloitamme-lahiopetuksessa-huomioithan-toiset-vaikeutuneessa-koronatilanteessa\/"},"author":{"name":"jennimanninen","@id":"https:\/\/www.kktavastia.fi\/ammattiopisto\/#\/schema\/person\/024aefaad0a17654b61e7deb02a467ab"},"headline":"Aloitamme l\u00e4hiopetuksessa &#8211; huomioithan toiset pahentuneessa koronatilanteessa","datePublished":"2022-01-09T18:27:21+00:00","dateModified":"2022-01-09T18:28:14+00:00","mainEntityOfPage":{"@id":"https:\/\/www.kktavastia.fi\/ammattiopisto\/2022\/01\/09\/aloitamme-lahiopetuksessa-huomioithan-toiset-vaikeutuneessa-koronatilanteessa\/"},"wordCount":317,"image":{"@id":"https:\/\/www.kktavastia.fi\/ammattiopisto\/2022\/01\/09\/aloitamme-lahiopetuksessa-huomioithan-toiset-vaikeutuneessa-koronatilanteessa\/#primaryimage"},"thumbnailUrl":"https:\/\/www.kktavastia.fi\/media\/sites\/2\/virus-5231044_1280-e1631187098449.png","inLanguage":"fi"},{"@type":"WebPage","@id":"https:\/\/www.kktavastia.fi\/ammattiopisto\/2022\/01\/09\/aloitamme-lahiopetuksessa-huomioithan-toiset-vaikeutuneessa-koronatilanteessa\/","url":"https:\/\/www.kktavastia.fi\/ammattiopisto\/2022\/01\/09\/aloitamme-lahiopetuksessa-huomioithan-toiset-vaikeutuneessa-koronatilanteessa\/","name":"Aloitamme l\u00e4hiopetuksessa - huomioithan toiset pahentuneessa koronatilanteessa - Ammattiopisto Tavastia","isPartOf":{"@id":"https:\/\/www.kktavastia.fi\/ammattiopisto\/#website"},"primaryImageOfPage":{"@id":"https:\/\/www.kktavastia.fi\/ammattiopisto\/2022\/01\/09\/aloitamme-lahiopetuksessa-huomioithan-toiset-vaikeutuneessa-koronatilanteessa\/#primaryimage"},"image":{"@id":"https:\/\/www.kktavastia.fi\/ammattiopisto\/2022\/01\/09\/aloitamme-lahiopetuksessa-huomioithan-toiset-vaikeutuneessa-koronatilanteessa\/#primaryimage"},"thumbnailUrl":"https:\/\/www.kktavastia.fi\/media\/sites\/2\/virus-5231044_1280-e1631187098449.png","datePublished":"2022-01-09T18:27:21+00:00","dateModified":"2022-01-09T18:28:14+00:00","author":{"@id":"https:\/\/www.kktavastia.fi\/ammattiopisto\/#\/schema\/person\/024aefaad0a17654b61e7deb02a467ab"},"breadcrumb":{"@id":"https:\/\/www.kktavastia.fi\/ammattiopisto\/2022\/01\/09\/aloitamme-lahiopetuksessa-huomioithan-toiset-vaikeutuneessa-koronatilanteessa\/#breadcrumb"},"inLanguage":"fi","potentialAction":[{"@type":"ReadAction","target":["https:\/\/www.kktavastia.fi\/ammattiopisto\/2022\/01\/09\/aloitamme-lahiopetuksessa-huomioithan-toiset-vaikeutuneessa-koronatilanteessa\/"]}]},{"@type":"ImageObject","inLanguage":"fi","@id":"https:\/\/www.kktavastia.fi\/ammattiopisto\/2022\/01\/09\/aloitamme-lahiopetuksessa-huomioithan-toiset-vaikeutuneessa-koronatilanteessa\/#primaryimage","url":"https:\/\/www.kktavastia.fi\/media\/sites\/2\/virus-5231044_1280-e1631187098449.png","contentUrl":"https:\/\/www.kktavastia.fi\/media\/sites\/2\/virus-5231044_1280-e1631187098449.png","width":854,"height":707},{"@type":"BreadcrumbList","@id":"https:\/\/www.kktavastia.fi\/ammattiopisto\/2022\/01\/09\/aloitamme-lahiopetuksessa-huomioithan-toiset-vaikeutuneessa-koronatilanteessa\/#breadcrumb","itemListElement":[{"@type":"ListItem","position":1,"name":"Home","item":"https:\/\/www.kktavastia.fi\/ammattiopisto\/"},{"@type":"ListItem","position":2,"name":"Aloitamme l\u00e4hiopetuksessa &#8211; huomioithan toiset pahentuneessa koronatilanteessa"}]},{"@type":"WebSite","@id":"https:\/\/www.kktavastia.fi\/ammattiopisto\/#website","url":"https:\/\/www.kktavastia.fi\/ammattiopisto\/","name":"Ammattiopisto Tavastia","description":"","potentialAction":[{"@type":"SearchAction","target":{"@type":"EntryPoint","urlTemplate":"https:\/\/www.kktavastia.fi\/ammattiopisto\/?s={search_term_string}"},"query-input":{"@type":"PropertyValueSpecification","valueRequired":true,"valueName":"search_term_string"}}],"inLanguage":"fi"},{"@type":"Person","@id":"https:\/\/www.kktavastia.fi\/ammattiopisto\/#\/schema\/person\/024aefaad0a17654b61e7deb02a467ab","name":"jennimanninen","image":{"@type":"ImageObject","inLanguage":"fi","@id":"https:\/\/secure.gravatar.com\/avatar\/5457e44008198bb53daa774600a7e8e4246bcac6a14afc3db6e5d007d9dc6f39?s=96&d=mm&r=g","url":"https:\/\/secure.gravatar.com\/avatar\/5457e44008198bb53daa774600a7e8e4246bcac6a14afc3db6e5d007d9dc6f39?s=96&d=mm&r=g","contentUrl":"https:\/\/secure.gravatar.com\/avatar\/5457e44008198bb53daa774600a7e8e4246bcac6a14afc3db6e5d007d9dc6f39?s=96&d=mm&r=g","caption":"jennimanninen"},"url":"https:\/\/www.kktavastia.fi\/ammattiopisto\/author\/jennimanninen\/"}]}},"_links":{"self":[{"href":"https:\/\/www.kktavastia.fi\/ammattiopisto\/wp-json\/wp\/v2\/posts\/17037","targetHints":{"allow":["GET"]}}],"collection":[{"href":"https:\/\/www.kktavastia.fi\/ammattiopisto\/wp-json\/wp\/v2\/posts"}],"about":[{"href":"https:\/\/www.kktavastia.fi\/ammattiopisto\/wp-json\/wp\/v2\/types\/post"}],"author":[{"embeddable":true,"href":"https:\/\/www.kktavastia.fi\/ammattiopisto\/wp-json\/wp\/v2\/users\/3"}],"replies":[{"embeddable":true,"href":"https:\/\/www.kktavastia.fi\/ammattiopisto\/wp-json\/wp\/v2\/comments?post=17037"}],"version-history":[{"count":2,"href":"https:\/\/www.kktavastia.fi\/ammattiopisto\/wp-json\/wp\/v2\/posts\/17037\/revisions"}],"predecessor-version":[{"id":17039,"href":"https:\/\/www.kktavastia.fi\/ammattiopisto\/wp-json\/wp\/v2\/posts\/17037\/revisions\/17039"}],"wp:featuredmedia":[{"embeddable":true,"href":"https:\/\/www.kktavastia.fi\/ammattiopisto\/wp-json\/wp\/v2\/media\/16034"}],"wp:attachment":[{"href":"https:\/\/www.kktavastia.fi\/ammattiopisto\/wp-json\/wp\/v2\/media?parent=17037"}],"wp:term":[{"taxonomy":"category","embeddable":true,"href":"https:\/\/www.kktavastia.fi\/ammattiopisto\/wp-json\/wp\/v2\/categories?post=17037"},{"taxonomy":"post_tag","embeddable":true,"href":"https:\/\/www.kktavastia.fi\/ammattiopisto\/wp-json\/wp\/v2\/tags?post=17037"}],"curies":[{"name":"wp","href":"https:\/\/api.w.org\/{rel}","templated":true}]}}