{"id":149957,"date":"2026-03-16T10:59:05","date_gmt":"2026-03-16T08:59:05","guid":{"rendered":"https:\/\/www.kktavastia.fi\/ammattiopisto\/?p=149957"},"modified":"2026-03-16T11:04:20","modified_gmt":"2026-03-16T09:04:20","slug":"jos-rasismia-ei-olisi-maailma-olisi-kauniimpi-paikka-elaa","status":"publish","type":"post","link":"https:\/\/www.kktavastia.fi\/ammattiopisto\/2026\/03\/16\/jos-rasismia-ei-olisi-maailma-olisi-kauniimpi-paikka-elaa\/","title":{"rendered":"Jos rasismia ei olisi, maailma olisi kauniimpi paikka el\u00e4\u00e4"},"content":{"rendered":"\n<p class=\"is-style-ingress\">Rasisminvastaista viikkoa vietet\u00e4\u00e4n j\u00e4lleen 16.\u201322.3.2026. T\u00e4n\u00e4 vuonna teemana on turvallisuus. Turvallisempi kunta. Turvallisempi kaupunki. Turvallisempi koulu. Turvallisempi ty\u00f6paikka. Turvallisempi yhteis\u00f6.<\/p>\n\n\n\n<h3 class=\"wp-block-heading\">\u201dRasismi on sit\u00e4, ett\u00e4 katsoo toista ylh\u00e4\u00e4lt\u00e4 alas\u201d<\/h3>\n\n\n\n<p>Rasisminvastaiseen viikkoon liittyen monikulttuurisuuskoordinaattori <strong>Tiina Alhainen<\/strong> keskusteli Toimijana suomalaisessa ty\u00f6el\u00e4m\u00e4ss\u00e4 -ryhm\u00e4n opiskelijoiden kanssa rasismista. Opiskelijoiden mielest\u00e4 rasismi voi perustua esimerkiksi ihonv\u00e4riin, kotimaahan, etniseen taustaan, silmien muotoon, uskontoon tai politiikkaan.<\/p>\n\n\n\n<p>Rasismi n\u00e4kyy siin\u00e4, ett\u00e4 puhutaan toisesta huonompana kuin itse on. Rasismi voi olla ep\u00e4reilua kohtelua, v\u00e4livaltaakin. Pahimmillaan rasismi on terrorismia tai sotaa. Kokemuksia etnisist\u00e4 konflikteista ja syrjinn\u00e4st\u00e4 opiskelijoilla on mm. Sri Lankasta, Kongosta, Syyriasta, Turkista, Ukrainasta ja Kiinasta. <\/p>\n\n\n<div class=\"wp-block-image\">\n<figure class=\"aligncenter size-large\"><img loading=\"lazy\" decoding=\"async\" width=\"1024\" height=\"768\" src=\"https:\/\/www.kktavastia.fi\/media\/sites\/2\/img_6878-1024x768.jpeg\" alt=\"\" class=\"wp-image-149958\" srcset=\"https:\/\/www.kktavastia.fi\/media\/sites\/2\/img_6878-1024x768.jpeg 1024w, https:\/\/www.kktavastia.fi\/media\/sites\/2\/img_6878-300x225.jpeg 300w, https:\/\/www.kktavastia.fi\/media\/sites\/2\/img_6878-768x576.jpeg 768w, https:\/\/www.kktavastia.fi\/media\/sites\/2\/img_6878-1536x1152.jpeg 1536w, https:\/\/www.kktavastia.fi\/media\/sites\/2\/img_6878-2048x1536.jpeg 2048w, https:\/\/www.kktavastia.fi\/media\/sites\/2\/img_6878-460x345.jpeg 460w, https:\/\/www.kktavastia.fi\/media\/sites\/2\/img_6878-20x15.jpeg 20w\" sizes=\"auto, (max-width: 1024px) 100vw, 1024px\" \/><\/figure>\n<\/div>\n\n\n<p>Puhuimme my\u00f6s peitetyst\u00e4 ja rakenteellisesta rasismista, esiin nousi esimerkiksi lukuvuosimaksullisuus, joka kohtelee eri tavoin eri maista ja eri syill\u00e4 Suomeen tulevia. P\u00e4\u00e4simme keskusteluun siit\u00e4, mik\u00e4 on rasismia ja mitk\u00e4 asiat voivat muuten tuntua ep\u00e4oikeudenmukaisilta.<\/p>\n\n\n\n<p>\u2013 Rasismi on ihmisi\u00e4 erottava kuilu, joka tuhoaa siltoja yksil\u00f6iden ja kulttuurien v\u00e4lill\u00e4 ja on isku rauhanomaiselle ja sopusointuiselle maailmalle, kiteyttiv\u00e4t opiskelijat.<\/p>\n\n\n\n<h3 class=\"wp-block-heading\">Miss\u00e4 rasismia on kohdattu?<\/h3>\n\n\n\n<p>Tavastiassa rasismia ei ollut koettu. Opettajia ja opiskelijoita kuvattiin yst\u00e4v\u00e4llisiksi. Rasismia on koettu mm. kauppakeskuksissa, ty\u00f6paikoilla ja baareissa. Sosiaalisen median rasistinen keskustelu koettiin vahingollisena.<\/p>\n\n\n\n<p>\u2013 Rasismi on v\u00e4\u00e4rin. Kaikki ihmiset ovat samanlaisia. Kaikkia pit\u00e4\u00e4 kohdella reilusti. On t\u00e4rke\u00e4\u00e4 hyv\u00e4ksy\u00e4 kaikki ja oppia tuntemaan toisemme.<\/p>\n\n\n\n<p>Keskustelimme siit\u00e4, ett\u00e4 rasismia eri ihmisryhmien v\u00e4lill\u00e4 on kaikkialla maailmassa. Puhuimme etnisist\u00e4 ja uskonnollisista konflikteista, sodista ja terrorismista eri puolilla maailmaa, n\u00e4iden taustalla l\u00f6ysimme rasistista ajattelua.<\/p>\n\n\n\n<p>\u2013 Kun ihmist\u00e4 alennetaan ja suljetaan ulos h\u00e4nen kansallisuutensa takia, se lis\u00e4\u00e4 vihaa ja jakaa yhteiskuntaa. Kaikki ihmiset ovat tasa-arvoisia rodusta, ihonv\u00e4rist\u00e4 tai alkuper\u00e4st\u00e4 riippumatta.<\/p>\n\n\n\n<h3 class=\"wp-block-heading\">Mit\u00e4 voimme tehd\u00e4?<\/h3>\n\n\n\n<p>\u2013 Jos n\u00e4emme rasismia, me voimme sanoa, ett\u00e4 se ei ole oikein. On hyv\u00e4 puhua rasismista opettajien, vanhempien ja yst\u00e4vien kanssa.<\/p>\n\n\n\n<p>\u2013 Aikuisten ei pit\u00e4isi opettaa rasismia pienille lapsille. Tervehtiminen voi v\u00e4hent\u00e4\u00e4 rasismia.<\/p>\n\n\n\n<p>\u2013 Meid\u00e4n t\u00e4ytyy opettaa ihmisille eri kulttuureista, tavoista, kielist\u00e4 ja perinteist\u00e4. Se auttaa ihmisi\u00e4 ymm\u00e4rt\u00e4m\u00e4\u00e4n toisia paremmin. &nbsp;<\/p>\n\n\n\n<p>Opiskelijoita ohjattiin ottamaan rasistiset tilanteet puheeksi koulun henkil\u00f6st\u00f6n kanssa, jos tilanteet liittyv\u00e4t opiskeluun.<\/p>\n\n\n\n<figure class=\"wp-block-image size-large\"><img loading=\"lazy\" decoding=\"async\" width=\"1024\" height=\"768\" src=\"https:\/\/www.kktavastia.fi\/media\/sites\/2\/img_6874-1024x768.jpeg\" alt=\"\" class=\"wp-image-149959\" srcset=\"https:\/\/www.kktavastia.fi\/media\/sites\/2\/img_6874-1024x768.jpeg 1024w, https:\/\/www.kktavastia.fi\/media\/sites\/2\/img_6874-300x225.jpeg 300w, https:\/\/www.kktavastia.fi\/media\/sites\/2\/img_6874-768x576.jpeg 768w, https:\/\/www.kktavastia.fi\/media\/sites\/2\/img_6874-1536x1152.jpeg 1536w, https:\/\/www.kktavastia.fi\/media\/sites\/2\/img_6874-2048x1536.jpeg 2048w, https:\/\/www.kktavastia.fi\/media\/sites\/2\/img_6874-460x345.jpeg 460w, https:\/\/www.kktavastia.fi\/media\/sites\/2\/img_6874-20x15.jpeg 20w\" sizes=\"auto, (max-width: 1024px) 100vw, 1024px\" \/><\/figure>\n\n\n\n<h3 class=\"wp-block-heading\">Toimijana suomalaisessa ty\u00f6el\u00e4m\u00e4ss\u00e4<\/h3>\n\n\n\n<p>Toimijana suomalaisessa ty\u00f6el\u00e4m\u00e4ss\u00e4 -tutkinnon osassa opiskellaan suomalaisessa opiskelu- ja ty\u00f6el\u00e4m\u00e4ss\u00e4 sek\u00e4 yhteiskunnassa toimimista ja suomen kielt\u00e4. Opiskelijat ovat vieraskielisi\u00e4, jotka voivat k\u00e4ytt\u00e4\u00e4 tutkinnon osaa osana tulevaa koulutuspolkuaan. Ryhm\u00e4ss\u00e4 on 22 innostunutta ja motivoitunutta opiskelijaa. Opiskelijoita on Ukrainasta, Iranista, Sri Lankasta, Thaimaasta, Syyriasta, Albaniasta, Kiinasta, Palestiinasta, Gambiasta, Turkista ja Etiopiasta.<\/p>\n\n\n\n<p>\u2013 Monikulttuurista, keskustelevaa ja syv\u00e4llisesti yhteiskunnallisia asioita pohtivaa ryhm\u00e4\u00e4 on ilo opettaa. Etenkin arvokeskustelut, kuten keskustelu rasismista, ovat upeita oppimistilanteita ja ajattelun avaajia my\u00f6s opettajana. Maailma on tullut luo, iloitsee Tiina Alhainen.<\/p>\n\n\n\n<h3 class=\"wp-block-heading\">Rasisminvastainen viikko<\/h3>\n\n\n\n<p>Rasismin vastaista viikkoa vietet\u00e4\u00e4n viikolla 12. Puuttumalla rasismiin voit luoda kaikille turvallisempia yhteis\u00f6j\u00e4.<\/p>\n\n\n\n<p><a href=\"https:\/\/www.punainenristi.fi\/rasisminvastainen-viikko\/\">Tietoa rasisminvastaisesta viikosta Punaisen Ristin nettisivuilla.<\/a><\/p>\n\n\n\n<p>Tavastiassa j\u00e4rjestet\u00e4\u00e4n rasisminvastaisella viikolla erilaisia tilaisuuksia ja tapahtumia, joissa rasismiteemoja k\u00e4sitell\u00e4\u00e4n sek\u00e4 luodaan mahdollisuuksia kohtaamisille ja tutustumisille. Viikolla j\u00e4rjestet\u00e4\u00e4n mm. Yst\u00e4v\u00e4n kahvila, joka on osa aikuisten perusopetuksen Yhdess\u00e4-teemaviikkoa.<\/p>\n","protected":false},"excerpt":{"rendered":"<p>Rasisminvastaista viikkoa vietet\u00e4\u00e4n j\u00e4lleen 16.\u201322.3.2026. T\u00e4n\u00e4 vuonna teemana on turvallisuus. Turvallisempi kunta. Turvallisempi kaupunki. Turvallisempi koulu. Turvallisempi ty\u00f6paikka. Turvallisempi yhteis\u00f6. [&hellip;]<\/p>\n","protected":false},"author":6,"featured_media":149958,"comment_status":"closed","ping_status":"closed","sticky":false,"template":"","format":"standard","meta":{"_acf_changed":false,"_relevanssi_hide_post":"","_relevanssi_hide_content":"","_relevanssi_pin_for_all":"","_relevanssi_pin_keywords":"","_relevanssi_unpin_keywords":"","_relevanssi_related_keywords":"","_relevanssi_related_include_ids":"","_relevanssi_related_exclude_ids":"","_relevanssi_related_no_append":"","_relevanssi_related_not_related":"","_relevanssi_related_posts":"7265,13970,125465,17043,22051,20884","_relevanssi_noindex_reason":"","footnotes":""},"categories":[1],"tags":[],"class_list":["post-149957","post","type-post","status-publish","format-standard","has-post-thumbnail","hentry","category-yleinen"],"acf":[],"yoast_head":"<title>Jos rasismia ei olisi, maailma olisi kauniimpi paikka el\u00e4\u00e4 - Ammattiopisto Tavastia<\/title>\n<meta name=\"robots\" content=\"index, follow, max-snippet:-1, max-image-preview:large, max-video-preview:-1\" \/>\n<link rel=\"canonical\" href=\"https:\/\/www.kktavastia.fi\/ammattiopisto\/2026\/03\/16\/jos-rasismia-ei-olisi-maailma-olisi-kauniimpi-paikka-elaa\/\" \/>\n<meta property=\"og:locale\" content=\"fi_FI\" \/>\n<meta property=\"og:type\" content=\"article\" \/>\n<meta property=\"og:title\" content=\"Jos rasismia ei olisi, maailma olisi kauniimpi paikka el\u00e4\u00e4 - Ammattiopisto Tavastia\" \/>\n<meta property=\"og:description\" content=\"Rasisminvastaista viikkoa vietet\u00e4\u00e4n j\u00e4lleen 16.\u201322.3.2026. T\u00e4n\u00e4 vuonna teemana on turvallisuus. Turvallisempi kunta. Turvallisempi kaupunki. Turvallisempi koulu. Turvallisempi ty\u00f6paikka. Turvallisempi yhteis\u00f6. [&hellip;]\" \/>\n<meta property=\"og:url\" content=\"https:\/\/www.kktavastia.fi\/ammattiopisto\/2026\/03\/16\/jos-rasismia-ei-olisi-maailma-olisi-kauniimpi-paikka-elaa\/\" \/>\n<meta property=\"og:site_name\" content=\"Ammattiopisto Tavastia\" \/>\n<meta property=\"article:published_time\" content=\"2026-03-16T08:59:05+00:00\" \/>\n<meta property=\"article:modified_time\" content=\"2026-03-16T09:04:20+00:00\" \/>\n<meta property=\"og:image\" content=\"https:\/\/www.kktavastia.fi\/media\/sites\/2\/img_6878-scaled.jpeg\" \/>\n\t<meta property=\"og:image:width\" content=\"2560\" \/>\n\t<meta property=\"og:image:height\" content=\"1920\" \/>\n\t<meta property=\"og:image:type\" content=\"image\/jpeg\" \/>\n<meta name=\"author\" content=\"saraseppala\" \/>\n<meta name=\"twitter:card\" content=\"summary_large_image\" \/>\n<script type=\"application\/ld+json\" class=\"yoast-schema-graph\">{\"@context\":\"https:\\\/\\\/schema.org\",\"@graph\":[{\"@type\":\"Article\",\"@id\":\"https:\\\/\\\/www.kktavastia.fi\\\/ammattiopisto\\\/2026\\\/03\\\/16\\\/jos-rasismia-ei-olisi-maailma-olisi-kauniimpi-paikka-elaa\\\/#article\",\"isPartOf\":{\"@id\":\"https:\\\/\\\/www.kktavastia.fi\\\/ammattiopisto\\\/2026\\\/03\\\/16\\\/jos-rasismia-ei-olisi-maailma-olisi-kauniimpi-paikka-elaa\\\/\"},\"author\":{\"name\":\"saraseppala\",\"@id\":\"https:\\\/\\\/www.kktavastia.fi\\\/ammattiopisto\\\/#\\\/schema\\\/person\\\/817cce3016d2f14b9a7ed273534dcf4d\"},\"headline\":\"Jos rasismia ei olisi, maailma olisi kauniimpi paikka el\u00e4\u00e4\",\"datePublished\":\"2026-03-16T08:59:05+00:00\",\"dateModified\":\"2026-03-16T09:04:20+00:00\",\"mainEntityOfPage\":{\"@id\":\"https:\\\/\\\/www.kktavastia.fi\\\/ammattiopisto\\\/2026\\\/03\\\/16\\\/jos-rasismia-ei-olisi-maailma-olisi-kauniimpi-paikka-elaa\\\/\"},\"wordCount\":517,\"image\":{\"@id\":\"https:\\\/\\\/www.kktavastia.fi\\\/ammattiopisto\\\/2026\\\/03\\\/16\\\/jos-rasismia-ei-olisi-maailma-olisi-kauniimpi-paikka-elaa\\\/#primaryimage\"},\"thumbnailUrl\":\"https:\\\/\\\/www.kktavastia.fi\\\/media\\\/sites\\\/2\\\/img_6878-scaled.jpeg\",\"inLanguage\":\"fi\"},{\"@type\":\"WebPage\",\"@id\":\"https:\\\/\\\/www.kktavastia.fi\\\/ammattiopisto\\\/2026\\\/03\\\/16\\\/jos-rasismia-ei-olisi-maailma-olisi-kauniimpi-paikka-elaa\\\/\",\"url\":\"https:\\\/\\\/www.kktavastia.fi\\\/ammattiopisto\\\/2026\\\/03\\\/16\\\/jos-rasismia-ei-olisi-maailma-olisi-kauniimpi-paikka-elaa\\\/\",\"name\":\"Jos rasismia ei olisi, maailma olisi kauniimpi paikka el\u00e4\u00e4 - Ammattiopisto Tavastia\",\"isPartOf\":{\"@id\":\"https:\\\/\\\/www.kktavastia.fi\\\/ammattiopisto\\\/#website\"},\"primaryImageOfPage\":{\"@id\":\"https:\\\/\\\/www.kktavastia.fi\\\/ammattiopisto\\\/2026\\\/03\\\/16\\\/jos-rasismia-ei-olisi-maailma-olisi-kauniimpi-paikka-elaa\\\/#primaryimage\"},\"image\":{\"@id\":\"https:\\\/\\\/www.kktavastia.fi\\\/ammattiopisto\\\/2026\\\/03\\\/16\\\/jos-rasismia-ei-olisi-maailma-olisi-kauniimpi-paikka-elaa\\\/#primaryimage\"},\"thumbnailUrl\":\"https:\\\/\\\/www.kktavastia.fi\\\/media\\\/sites\\\/2\\\/img_6878-scaled.jpeg\",\"datePublished\":\"2026-03-16T08:59:05+00:00\",\"dateModified\":\"2026-03-16T09:04:20+00:00\",\"author\":{\"@id\":\"https:\\\/\\\/www.kktavastia.fi\\\/ammattiopisto\\\/#\\\/schema\\\/person\\\/817cce3016d2f14b9a7ed273534dcf4d\"},\"breadcrumb\":{\"@id\":\"https:\\\/\\\/www.kktavastia.fi\\\/ammattiopisto\\\/2026\\\/03\\\/16\\\/jos-rasismia-ei-olisi-maailma-olisi-kauniimpi-paikka-elaa\\\/#breadcrumb\"},\"inLanguage\":\"fi\",\"potentialAction\":[{\"@type\":\"ReadAction\",\"target\":[\"https:\\\/\\\/www.kktavastia.fi\\\/ammattiopisto\\\/2026\\\/03\\\/16\\\/jos-rasismia-ei-olisi-maailma-olisi-kauniimpi-paikka-elaa\\\/\"]}]},{\"@type\":\"ImageObject\",\"inLanguage\":\"fi\",\"@id\":\"https:\\\/\\\/www.kktavastia.fi\\\/ammattiopisto\\\/2026\\\/03\\\/16\\\/jos-rasismia-ei-olisi-maailma-olisi-kauniimpi-paikka-elaa\\\/#primaryimage\",\"url\":\"https:\\\/\\\/www.kktavastia.fi\\\/media\\\/sites\\\/2\\\/img_6878-scaled.jpeg\",\"contentUrl\":\"https:\\\/\\\/www.kktavastia.fi\\\/media\\\/sites\\\/2\\\/img_6878-scaled.jpeg\",\"width\":2560,\"height\":1920},{\"@type\":\"BreadcrumbList\",\"@id\":\"https:\\\/\\\/www.kktavastia.fi\\\/ammattiopisto\\\/2026\\\/03\\\/16\\\/jos-rasismia-ei-olisi-maailma-olisi-kauniimpi-paikka-elaa\\\/#breadcrumb\",\"itemListElement\":[{\"@type\":\"ListItem\",\"position\":1,\"name\":\"Home\",\"item\":\"https:\\\/\\\/www.kktavastia.fi\\\/ammattiopisto\\\/\"},{\"@type\":\"ListItem\",\"position\":2,\"name\":\"Jos rasismia ei olisi, maailma olisi kauniimpi paikka el\u00e4\u00e4\"}]},{\"@type\":\"WebSite\",\"@id\":\"https:\\\/\\\/www.kktavastia.fi\\\/ammattiopisto\\\/#website\",\"url\":\"https:\\\/\\\/www.kktavastia.fi\\\/ammattiopisto\\\/\",\"name\":\"Ammattiopisto Tavastia\",\"description\":\"\",\"potentialAction\":[{\"@type\":\"SearchAction\",\"target\":{\"@type\":\"EntryPoint\",\"urlTemplate\":\"https:\\\/\\\/www.kktavastia.fi\\\/ammattiopisto\\\/?s={search_term_string}\"},\"query-input\":{\"@type\":\"PropertyValueSpecification\",\"valueRequired\":true,\"valueName\":\"search_term_string\"}}],\"inLanguage\":\"fi\"},{\"@type\":\"Person\",\"@id\":\"https:\\\/\\\/www.kktavastia.fi\\\/ammattiopisto\\\/#\\\/schema\\\/person\\\/817cce3016d2f14b9a7ed273534dcf4d\",\"name\":\"saraseppala\",\"image\":{\"@type\":\"ImageObject\",\"inLanguage\":\"fi\",\"@id\":\"https:\\\/\\\/secure.gravatar.com\\\/avatar\\\/478c9f0d13d5df0e5e3d2ec80a1d93afb10baa5bf0f981b9874b9ad1ff76cafc?s=96&d=mm&r=g\",\"url\":\"https:\\\/\\\/secure.gravatar.com\\\/avatar\\\/478c9f0d13d5df0e5e3d2ec80a1d93afb10baa5bf0f981b9874b9ad1ff76cafc?s=96&d=mm&r=g\",\"contentUrl\":\"https:\\\/\\\/secure.gravatar.com\\\/avatar\\\/478c9f0d13d5df0e5e3d2ec80a1d93afb10baa5bf0f981b9874b9ad1ff76cafc?s=96&d=mm&r=g\",\"caption\":\"saraseppala\"},\"url\":\"https:\\\/\\\/www.kktavastia.fi\\\/ammattiopisto\\\/author\\\/saraseppala\\\/\"}]}<\/script>","yoast_head_json":{"title":"Jos rasismia ei olisi, maailma olisi kauniimpi paikka el\u00e4\u00e4 - Ammattiopisto Tavastia","robots":{"index":"index","follow":"follow","max-snippet":"max-snippet:-1","max-image-preview":"max-image-preview:large","max-video-preview":"max-video-preview:-1"},"canonical":"https:\/\/www.kktavastia.fi\/ammattiopisto\/2026\/03\/16\/jos-rasismia-ei-olisi-maailma-olisi-kauniimpi-paikka-elaa\/","og_locale":"fi_FI","og_type":"article","og_title":"Jos rasismia ei olisi, maailma olisi kauniimpi paikka el\u00e4\u00e4 - Ammattiopisto Tavastia","og_description":"Rasisminvastaista viikkoa vietet\u00e4\u00e4n j\u00e4lleen 16.\u201322.3.2026. T\u00e4n\u00e4 vuonna teemana on turvallisuus. Turvallisempi kunta. Turvallisempi kaupunki. Turvallisempi koulu. Turvallisempi ty\u00f6paikka. Turvallisempi yhteis\u00f6. [&hellip;]","og_url":"https:\/\/www.kktavastia.fi\/ammattiopisto\/2026\/03\/16\/jos-rasismia-ei-olisi-maailma-olisi-kauniimpi-paikka-elaa\/","og_site_name":"Ammattiopisto Tavastia","article_published_time":"2026-03-16T08:59:05+00:00","article_modified_time":"2026-03-16T09:04:20+00:00","og_image":[{"width":2560,"height":1920,"url":"https:\/\/www.kktavastia.fi\/media\/sites\/2\/img_6878-scaled.jpeg","type":"image\/jpeg"}],"author":"saraseppala","twitter_card":"summary_large_image","schema":{"@context":"https:\/\/schema.org","@graph":[{"@type":"Article","@id":"https:\/\/www.kktavastia.fi\/ammattiopisto\/2026\/03\/16\/jos-rasismia-ei-olisi-maailma-olisi-kauniimpi-paikka-elaa\/#article","isPartOf":{"@id":"https:\/\/www.kktavastia.fi\/ammattiopisto\/2026\/03\/16\/jos-rasismia-ei-olisi-maailma-olisi-kauniimpi-paikka-elaa\/"},"author":{"name":"saraseppala","@id":"https:\/\/www.kktavastia.fi\/ammattiopisto\/#\/schema\/person\/817cce3016d2f14b9a7ed273534dcf4d"},"headline":"Jos rasismia ei olisi, maailma olisi kauniimpi paikka el\u00e4\u00e4","datePublished":"2026-03-16T08:59:05+00:00","dateModified":"2026-03-16T09:04:20+00:00","mainEntityOfPage":{"@id":"https:\/\/www.kktavastia.fi\/ammattiopisto\/2026\/03\/16\/jos-rasismia-ei-olisi-maailma-olisi-kauniimpi-paikka-elaa\/"},"wordCount":517,"image":{"@id":"https:\/\/www.kktavastia.fi\/ammattiopisto\/2026\/03\/16\/jos-rasismia-ei-olisi-maailma-olisi-kauniimpi-paikka-elaa\/#primaryimage"},"thumbnailUrl":"https:\/\/www.kktavastia.fi\/media\/sites\/2\/img_6878-scaled.jpeg","inLanguage":"fi"},{"@type":"WebPage","@id":"https:\/\/www.kktavastia.fi\/ammattiopisto\/2026\/03\/16\/jos-rasismia-ei-olisi-maailma-olisi-kauniimpi-paikka-elaa\/","url":"https:\/\/www.kktavastia.fi\/ammattiopisto\/2026\/03\/16\/jos-rasismia-ei-olisi-maailma-olisi-kauniimpi-paikka-elaa\/","name":"Jos rasismia ei olisi, maailma olisi kauniimpi paikka el\u00e4\u00e4 - Ammattiopisto Tavastia","isPartOf":{"@id":"https:\/\/www.kktavastia.fi\/ammattiopisto\/#website"},"primaryImageOfPage":{"@id":"https:\/\/www.kktavastia.fi\/ammattiopisto\/2026\/03\/16\/jos-rasismia-ei-olisi-maailma-olisi-kauniimpi-paikka-elaa\/#primaryimage"},"image":{"@id":"https:\/\/www.kktavastia.fi\/ammattiopisto\/2026\/03\/16\/jos-rasismia-ei-olisi-maailma-olisi-kauniimpi-paikka-elaa\/#primaryimage"},"thumbnailUrl":"https:\/\/www.kktavastia.fi\/media\/sites\/2\/img_6878-scaled.jpeg","datePublished":"2026-03-16T08:59:05+00:00","dateModified":"2026-03-16T09:04:20+00:00","author":{"@id":"https:\/\/www.kktavastia.fi\/ammattiopisto\/#\/schema\/person\/817cce3016d2f14b9a7ed273534dcf4d"},"breadcrumb":{"@id":"https:\/\/www.kktavastia.fi\/ammattiopisto\/2026\/03\/16\/jos-rasismia-ei-olisi-maailma-olisi-kauniimpi-paikka-elaa\/#breadcrumb"},"inLanguage":"fi","potentialAction":[{"@type":"ReadAction","target":["https:\/\/www.kktavastia.fi\/ammattiopisto\/2026\/03\/16\/jos-rasismia-ei-olisi-maailma-olisi-kauniimpi-paikka-elaa\/"]}]},{"@type":"ImageObject","inLanguage":"fi","@id":"https:\/\/www.kktavastia.fi\/ammattiopisto\/2026\/03\/16\/jos-rasismia-ei-olisi-maailma-olisi-kauniimpi-paikka-elaa\/#primaryimage","url":"https:\/\/www.kktavastia.fi\/media\/sites\/2\/img_6878-scaled.jpeg","contentUrl":"https:\/\/www.kktavastia.fi\/media\/sites\/2\/img_6878-scaled.jpeg","width":2560,"height":1920},{"@type":"BreadcrumbList","@id":"https:\/\/www.kktavastia.fi\/ammattiopisto\/2026\/03\/16\/jos-rasismia-ei-olisi-maailma-olisi-kauniimpi-paikka-elaa\/#breadcrumb","itemListElement":[{"@type":"ListItem","position":1,"name":"Home","item":"https:\/\/www.kktavastia.fi\/ammattiopisto\/"},{"@type":"ListItem","position":2,"name":"Jos rasismia ei olisi, maailma olisi kauniimpi paikka el\u00e4\u00e4"}]},{"@type":"WebSite","@id":"https:\/\/www.kktavastia.fi\/ammattiopisto\/#website","url":"https:\/\/www.kktavastia.fi\/ammattiopisto\/","name":"Ammattiopisto Tavastia","description":"","potentialAction":[{"@type":"SearchAction","target":{"@type":"EntryPoint","urlTemplate":"https:\/\/www.kktavastia.fi\/ammattiopisto\/?s={search_term_string}"},"query-input":{"@type":"PropertyValueSpecification","valueRequired":true,"valueName":"search_term_string"}}],"inLanguage":"fi"},{"@type":"Person","@id":"https:\/\/www.kktavastia.fi\/ammattiopisto\/#\/schema\/person\/817cce3016d2f14b9a7ed273534dcf4d","name":"saraseppala","image":{"@type":"ImageObject","inLanguage":"fi","@id":"https:\/\/secure.gravatar.com\/avatar\/478c9f0d13d5df0e5e3d2ec80a1d93afb10baa5bf0f981b9874b9ad1ff76cafc?s=96&d=mm&r=g","url":"https:\/\/secure.gravatar.com\/avatar\/478c9f0d13d5df0e5e3d2ec80a1d93afb10baa5bf0f981b9874b9ad1ff76cafc?s=96&d=mm&r=g","contentUrl":"https:\/\/secure.gravatar.com\/avatar\/478c9f0d13d5df0e5e3d2ec80a1d93afb10baa5bf0f981b9874b9ad1ff76cafc?s=96&d=mm&r=g","caption":"saraseppala"},"url":"https:\/\/www.kktavastia.fi\/ammattiopisto\/author\/saraseppala\/"}]}},"_links":{"self":[{"href":"https:\/\/www.kktavastia.fi\/ammattiopisto\/wp-json\/wp\/v2\/posts\/149957","targetHints":{"allow":["GET"]}}],"collection":[{"href":"https:\/\/www.kktavastia.fi\/ammattiopisto\/wp-json\/wp\/v2\/posts"}],"about":[{"href":"https:\/\/www.kktavastia.fi\/ammattiopisto\/wp-json\/wp\/v2\/types\/post"}],"author":[{"embeddable":true,"href":"https:\/\/www.kktavastia.fi\/ammattiopisto\/wp-json\/wp\/v2\/users\/6"}],"replies":[{"embeddable":true,"href":"https:\/\/www.kktavastia.fi\/ammattiopisto\/wp-json\/wp\/v2\/comments?post=149957"}],"version-history":[{"count":2,"href":"https:\/\/www.kktavastia.fi\/ammattiopisto\/wp-json\/wp\/v2\/posts\/149957\/revisions"}],"predecessor-version":[{"id":149961,"href":"https:\/\/www.kktavastia.fi\/ammattiopisto\/wp-json\/wp\/v2\/posts\/149957\/revisions\/149961"}],"wp:featuredmedia":[{"embeddable":true,"href":"https:\/\/www.kktavastia.fi\/ammattiopisto\/wp-json\/wp\/v2\/media\/149958"}],"wp:attachment":[{"href":"https:\/\/www.kktavastia.fi\/ammattiopisto\/wp-json\/wp\/v2\/media?parent=149957"}],"wp:term":[{"taxonomy":"category","embeddable":true,"href":"https:\/\/www.kktavastia.fi\/ammattiopisto\/wp-json\/wp\/v2\/categories?post=149957"},{"taxonomy":"post_tag","embeddable":true,"href":"https:\/\/www.kktavastia.fi\/ammattiopisto\/wp-json\/wp\/v2\/tags?post=149957"}],"curies":[{"name":"wp","href":"https:\/\/api.w.org\/{rel}","templated":true}]}}