{"id":14737,"date":"2021-03-22T09:13:14","date_gmt":"2021-03-22T07:13:14","guid":{"rendered":"https:\/\/www.kktavastia.fi\/ammattiopisto\/?p=14737"},"modified":"2021-03-22T09:13:15","modified_gmt":"2021-03-22T07:13:15","slug":"herata-aivot-huomaamaan-rasismi-neuvovat-opiskelijat","status":"publish","type":"post","link":"https:\/\/www.kktavastia.fi\/ammattiopisto\/2021\/03\/22\/herata-aivot-huomaamaan-rasismi-neuvovat-opiskelijat\/","title":{"rendered":"Her\u00e4t\u00e4 aivot huomaamaan rasismi, neuvovat opiskelijat"},"content":{"rendered":"\n<p>Nyt vietet\u00e4\u00e4n rasismin vastaista viikkoa, jolloin nostetaan esiin rasismiin ja yhdenvertaisuuteen liittyvi\u00e4 teemoja my\u00f6s Tavastiassa.<\/p>\n\n\n\n<p>Monikulttuurisuuskoordinaattori <strong>Tiina Alhainen<\/strong> k\u00e4vi rasismin vastaisen viikon tiimoilta tapaamassa yht\u00e4 Ammattiopisto Tavastian maahanmuuttajaryhmist\u00e4, aikuisten perusopetuksen ryhm\u00e4\u00e4 YY19PBPO. Ryhm\u00e4 opiskelee kurssia Katsomukset ja ihmisoikeudet.<\/p>\n\n\n\n<div class=\"wp-block-image\"><figure class=\"alignright size-large\"><img loading=\"lazy\" decoding=\"async\" width=\"480\" height=\"360\" src=\"https:\/\/www.kktavastia.fi\/media\/sites\/2\/img_3673.jpg\" alt=\"\" class=\"wp-image-14738\" srcset=\"https:\/\/www.kktavastia.fi\/media\/sites\/2\/img_3673.jpg 480w, https:\/\/www.kktavastia.fi\/media\/sites\/2\/img_3673-300x225.jpg 300w, https:\/\/www.kktavastia.fi\/media\/sites\/2\/img_3673-20x15.jpg 20w\" sizes=\"auto, (max-width: 480px) 100vw, 480px\" \/><figcaption>Maahanmuuttajaopiskelijoiden ryhm\u00e4 ennen viimeisimpi\u00e4 koronarajoituksia.<\/figcaption><\/figure><\/div>\n\n\n\n<p><strong>Mit\u00e4 rasismi on?<\/strong><\/p>\n\n\n\n<p> Opiskelijoiden kanssa keskusteltiin rasismista, sen syist\u00e4, sen ilmenemisest\u00e4 ja siit\u00e4, mit\u00e4 Tavastiassa voidaan yhdess\u00e4 tehd\u00e4 rasismin v\u00e4hent\u00e4miseksi.<\/p>\n\n\n\n<p>&#8211; Rasismi on sit\u00e4, ett\u00e4 ajatellaan toisen olevan alempana ja huonompi kuin itse on. Rasismin takana on usein tunne siit\u00e4, ett\u00e4 itse on muiden alapuolella ja silloin tulee hyv\u00e4 olo, kun saa itse polkea toisia alemmas. Rasismi tekee n\u00e4in oman olon v\u00e4h\u00e4n paremmaksi ja helpommaksi, opiskelijat pohtivat.<\/p>\n\n\n\n<p>&#8211; Rasismia on sek\u00e4 samasta ett\u00e4 eri maista tulevien kesken. Oikeastaan kaikissa ja kaikkialla on v\u00e4h\u00e4n rasismia. Syrjint\u00e4\u00e4 on eri uskontojen, eri poliittisten ryhmien, naisten ja miesten, k\u00f6yhien ja rikkaiden v\u00e4lill\u00e4. Rasismia on sek\u00e4 suomalaisten ja suomalaisten kesken, suomalaisten ja maahanmuuttajien v\u00e4lill\u00e4 ett\u00e4 eri maahanmuuttajaryhmien v\u00e4lill\u00e4, kertovat opiskelijat.<\/p>\n\n\n\n<p>Opiskelijat n\u00e4kiv\u00e4t perheen ja vanhempien merkityksen hyvin suurena siin\u00e4, mit\u00e4 lapsi oppii ajattelemaan toisista ihmisist\u00e4. Rasistinen ajattelu syntyy perheess\u00e4. On t\u00e4rke\u00e4\u00e4, miten lapsille puhutaan erilaisista ihmisist\u00e4.<\/p>\n\n\n\n<p><strong>Rasismia Tavastiassa? Miten sitten toimitaan?<\/strong><\/p>\n\n\n\n<p>Yleinen k\u00e4sitys ryhm\u00e4ss\u00e4 oli, ett\u00e4 maahanmuuttajien on oikein hyv\u00e4 opiskella Tavastiassa ja rasismia ei ole. Kavereiden rasismikokemukset koulussa olivat yleisimmin sit\u00e4, ett\u00e4 kun maahanmuuttajat opiskelevat yhdess\u00e4 suomalaisten kanssa, jotkut suomalaisista opiskelukavereista eiv\u00e4t halua puhua tai tehd\u00e4 ryhm\u00e4t\u00f6it\u00e4 maahanmuuttajien kanssa. Sitten opettaja laittaa maahanmuuttajat pienryhm\u00e4ksi kesken\u00e4\u00e4n eik\u00e4 kielitaito kehity tai saa suomalaisia yst\u00e4vi\u00e4. Rasismia on my\u00f6s maahanmuuttajien kesken, esimerkiksi shia- ja sunnimuslimien v\u00e4lill\u00e4.<\/p>\n\n\n\n<p>&#8211; T\u00e4rke\u00e4\u00e4 on puhua, jos kohtaa rasismia koulussa. Usein voi aloittaa puhumalla omalle opettajalle tai jollekin koulun ty\u00f6ntekij\u00e4lle, johon luottaa. T\u00e4rke\u00e4\u00e4 on, ett\u00e4 rasismista puhutaan, her\u00e4tet\u00e4\u00e4n aivot huomaamaan omat ennakkoluulot ja rasismi ymp\u00e4rill\u00e4. Joskus tulee loukanneeksi vahingossa, vaikka ei tarkoittanutkaan sit\u00e4 ja toinen saattaa ymm\u00e4rt\u00e4\u00e4 sen rasismina, selvent\u00e4v\u00e4t opiskelijat.<\/p>\n\n\n\n<p>Puhuttiin my\u00f6s siit\u00e4, mit\u00e4 voi tehd\u00e4, jos rasistisesti k\u00e4ytt\u00e4ytyv\u00e4 on koulun henkil\u00f6kuntaa tai muualla ty\u00f6ss\u00e4, vaikkapa poliisi tai sosiaality\u00f6ntekij\u00e4. Silloinkin puhuminen ja asian esiin tuominen on t\u00e4rke\u00e4\u00e4. Henkil\u00f6kunnassakin kaikilla on esimies, jonka teht\u00e4v\u00e4 on puuttua rasismiin. Usein kannattaa sanoa suoraan asiasta, jos loukkaantuu jonkun sanomisista. Jos asiasta itse sanominen pelottaa, kannattaa asia ottaa esiin jonkun muun henkil\u00f6kuntaan kuuluvan kanssa, joka osaa vied\u00e4 asiaa eteenp\u00e4in. Yksin ei tarvitse j\u00e4\u00e4d\u00e4. Tavastia on sitoutunut siihen, ett\u00e4 rasismia ei hyv\u00e4ksyt\u00e4 ja siihen puututaan.<\/p>\n\n\n\n<p>&#8211; Oli mukava kuulla opiskelijoiden n\u00e4k\u00f6kulmasta, ett\u00e4 hyvin tuossa onnistutaan. Erityisesti ilahdutti se, ett\u00e4 opiskelijat kantavat vastuuta yhdenvertaisuuden edist\u00e4misess\u00e4 ja rasismin torjunnassa. Hyvin on katsomukset ja ihmisoikeudet hallussa ja pohdinnassa ryhm\u00e4ll\u00e4, iloitsee Tiina Alhainen.<\/p>\n\n\n\n<p><em>Tiina Alhainen, monikulttuurisuuskoordinaattori<\/em><\/p>\n","protected":false},"excerpt":{"rendered":"<p>Nyt vietet\u00e4\u00e4n rasismin vastaista viikkoa, jolloin nostetaan esiin rasismiin ja yhdenvertaisuuteen liittyvi\u00e4 teemoja my\u00f6s Tavastiassa. Monikulttuurisuuskoordinaattori Tiina Alhainen k\u00e4vi rasismin [&hellip;]<\/p>\n","protected":false},"author":6,"featured_media":14738,"comment_status":"closed","ping_status":"closed","sticky":false,"template":"","format":"standard","meta":{"_acf_changed":false,"_relevanssi_hide_post":"","_relevanssi_hide_content":"","_relevanssi_pin_for_all":"","_relevanssi_pin_keywords":"","_relevanssi_unpin_keywords":"","_relevanssi_related_keywords":"","_relevanssi_related_include_ids":"","_relevanssi_related_exclude_ids":"","_relevanssi_related_no_append":"","_relevanssi_related_not_related":"","_relevanssi_related_posts":"","_relevanssi_noindex_reason":"","footnotes":""},"categories":[1],"tags":[],"class_list":["post-14737","post","type-post","status-publish","format-standard","has-post-thumbnail","hentry","category-yleinen"],"acf":[],"yoast_head":"<title>Her\u00e4t\u00e4 aivot huomaamaan rasismi, neuvovat opiskelijat - Ammattiopisto Tavastia<\/title>\n<meta name=\"robots\" content=\"index, follow, max-snippet:-1, max-image-preview:large, max-video-preview:-1\" \/>\n<link rel=\"canonical\" href=\"https:\/\/www.kktavastia.fi\/ammattiopisto\/2021\/03\/22\/herata-aivot-huomaamaan-rasismi-neuvovat-opiskelijat\/\" \/>\n<meta property=\"og:locale\" content=\"fi_FI\" \/>\n<meta property=\"og:type\" content=\"article\" \/>\n<meta property=\"og:title\" content=\"Her\u00e4t\u00e4 aivot huomaamaan rasismi, neuvovat opiskelijat - Ammattiopisto Tavastia\" \/>\n<meta property=\"og:description\" content=\"Nyt vietet\u00e4\u00e4n rasismin vastaista viikkoa, jolloin nostetaan esiin rasismiin ja yhdenvertaisuuteen liittyvi\u00e4 teemoja my\u00f6s Tavastiassa. Monikulttuurisuuskoordinaattori Tiina Alhainen k\u00e4vi rasismin [&hellip;]\" \/>\n<meta property=\"og:url\" content=\"https:\/\/www.kktavastia.fi\/ammattiopisto\/2021\/03\/22\/herata-aivot-huomaamaan-rasismi-neuvovat-opiskelijat\/\" \/>\n<meta property=\"og:site_name\" content=\"Ammattiopisto Tavastia\" \/>\n<meta property=\"article:published_time\" content=\"2021-03-22T07:13:14+00:00\" \/>\n<meta property=\"article:modified_time\" content=\"2021-03-22T07:13:15+00:00\" \/>\n<meta property=\"og:image\" content=\"https:\/\/www.kktavastia.fi\/media\/sites\/2\/img_3673.jpg\" \/>\n\t<meta property=\"og:image:width\" content=\"480\" \/>\n\t<meta property=\"og:image:height\" content=\"360\" \/>\n\t<meta property=\"og:image:type\" content=\"image\/jpeg\" \/>\n<meta name=\"author\" content=\"saraseppala\" \/>\n<meta name=\"twitter:card\" content=\"summary_large_image\" \/>\n<script type=\"application\/ld+json\" class=\"yoast-schema-graph\">{\"@context\":\"https:\\\/\\\/schema.org\",\"@graph\":[{\"@type\":\"Article\",\"@id\":\"https:\\\/\\\/www.kktavastia.fi\\\/ammattiopisto\\\/2021\\\/03\\\/22\\\/herata-aivot-huomaamaan-rasismi-neuvovat-opiskelijat\\\/#article\",\"isPartOf\":{\"@id\":\"https:\\\/\\\/www.kktavastia.fi\\\/ammattiopisto\\\/2021\\\/03\\\/22\\\/herata-aivot-huomaamaan-rasismi-neuvovat-opiskelijat\\\/\"},\"author\":{\"name\":\"saraseppala\",\"@id\":\"https:\\\/\\\/www.kktavastia.fi\\\/ammattiopisto\\\/#\\\/schema\\\/person\\\/817cce3016d2f14b9a7ed273534dcf4d\"},\"headline\":\"Her\u00e4t\u00e4 aivot huomaamaan rasismi, neuvovat opiskelijat\",\"datePublished\":\"2021-03-22T07:13:14+00:00\",\"dateModified\":\"2021-03-22T07:13:15+00:00\",\"mainEntityOfPage\":{\"@id\":\"https:\\\/\\\/www.kktavastia.fi\\\/ammattiopisto\\\/2021\\\/03\\\/22\\\/herata-aivot-huomaamaan-rasismi-neuvovat-opiskelijat\\\/\"},\"wordCount\":478,\"image\":{\"@id\":\"https:\\\/\\\/www.kktavastia.fi\\\/ammattiopisto\\\/2021\\\/03\\\/22\\\/herata-aivot-huomaamaan-rasismi-neuvovat-opiskelijat\\\/#primaryimage\"},\"thumbnailUrl\":\"https:\\\/\\\/www.kktavastia.fi\\\/media\\\/sites\\\/2\\\/img_3673.jpg\",\"inLanguage\":\"fi\"},{\"@type\":\"WebPage\",\"@id\":\"https:\\\/\\\/www.kktavastia.fi\\\/ammattiopisto\\\/2021\\\/03\\\/22\\\/herata-aivot-huomaamaan-rasismi-neuvovat-opiskelijat\\\/\",\"url\":\"https:\\\/\\\/www.kktavastia.fi\\\/ammattiopisto\\\/2021\\\/03\\\/22\\\/herata-aivot-huomaamaan-rasismi-neuvovat-opiskelijat\\\/\",\"name\":\"Her\u00e4t\u00e4 aivot huomaamaan rasismi, neuvovat opiskelijat - Ammattiopisto Tavastia\",\"isPartOf\":{\"@id\":\"https:\\\/\\\/www.kktavastia.fi\\\/ammattiopisto\\\/#website\"},\"primaryImageOfPage\":{\"@id\":\"https:\\\/\\\/www.kktavastia.fi\\\/ammattiopisto\\\/2021\\\/03\\\/22\\\/herata-aivot-huomaamaan-rasismi-neuvovat-opiskelijat\\\/#primaryimage\"},\"image\":{\"@id\":\"https:\\\/\\\/www.kktavastia.fi\\\/ammattiopisto\\\/2021\\\/03\\\/22\\\/herata-aivot-huomaamaan-rasismi-neuvovat-opiskelijat\\\/#primaryimage\"},\"thumbnailUrl\":\"https:\\\/\\\/www.kktavastia.fi\\\/media\\\/sites\\\/2\\\/img_3673.jpg\",\"datePublished\":\"2021-03-22T07:13:14+00:00\",\"dateModified\":\"2021-03-22T07:13:15+00:00\",\"author\":{\"@id\":\"https:\\\/\\\/www.kktavastia.fi\\\/ammattiopisto\\\/#\\\/schema\\\/person\\\/817cce3016d2f14b9a7ed273534dcf4d\"},\"breadcrumb\":{\"@id\":\"https:\\\/\\\/www.kktavastia.fi\\\/ammattiopisto\\\/2021\\\/03\\\/22\\\/herata-aivot-huomaamaan-rasismi-neuvovat-opiskelijat\\\/#breadcrumb\"},\"inLanguage\":\"fi\",\"potentialAction\":[{\"@type\":\"ReadAction\",\"target\":[\"https:\\\/\\\/www.kktavastia.fi\\\/ammattiopisto\\\/2021\\\/03\\\/22\\\/herata-aivot-huomaamaan-rasismi-neuvovat-opiskelijat\\\/\"]}]},{\"@type\":\"ImageObject\",\"inLanguage\":\"fi\",\"@id\":\"https:\\\/\\\/www.kktavastia.fi\\\/ammattiopisto\\\/2021\\\/03\\\/22\\\/herata-aivot-huomaamaan-rasismi-neuvovat-opiskelijat\\\/#primaryimage\",\"url\":\"https:\\\/\\\/www.kktavastia.fi\\\/media\\\/sites\\\/2\\\/img_3673.jpg\",\"contentUrl\":\"https:\\\/\\\/www.kktavastia.fi\\\/media\\\/sites\\\/2\\\/img_3673.jpg\",\"width\":480,\"height\":360,\"caption\":\"Maahanmuuttajaopiskelijoiden ryhm\u00e4 ennen viimeisimpi\u00e4 koronarajoituksia.\"},{\"@type\":\"BreadcrumbList\",\"@id\":\"https:\\\/\\\/www.kktavastia.fi\\\/ammattiopisto\\\/2021\\\/03\\\/22\\\/herata-aivot-huomaamaan-rasismi-neuvovat-opiskelijat\\\/#breadcrumb\",\"itemListElement\":[{\"@type\":\"ListItem\",\"position\":1,\"name\":\"Home\",\"item\":\"https:\\\/\\\/www.kktavastia.fi\\\/ammattiopisto\\\/\"},{\"@type\":\"ListItem\",\"position\":2,\"name\":\"Her\u00e4t\u00e4 aivot huomaamaan rasismi, neuvovat opiskelijat\"}]},{\"@type\":\"WebSite\",\"@id\":\"https:\\\/\\\/www.kktavastia.fi\\\/ammattiopisto\\\/#website\",\"url\":\"https:\\\/\\\/www.kktavastia.fi\\\/ammattiopisto\\\/\",\"name\":\"Ammattiopisto Tavastia\",\"description\":\"\",\"potentialAction\":[{\"@type\":\"SearchAction\",\"target\":{\"@type\":\"EntryPoint\",\"urlTemplate\":\"https:\\\/\\\/www.kktavastia.fi\\\/ammattiopisto\\\/?s={search_term_string}\"},\"query-input\":{\"@type\":\"PropertyValueSpecification\",\"valueRequired\":true,\"valueName\":\"search_term_string\"}}],\"inLanguage\":\"fi\"},{\"@type\":\"Person\",\"@id\":\"https:\\\/\\\/www.kktavastia.fi\\\/ammattiopisto\\\/#\\\/schema\\\/person\\\/817cce3016d2f14b9a7ed273534dcf4d\",\"name\":\"saraseppala\",\"image\":{\"@type\":\"ImageObject\",\"inLanguage\":\"fi\",\"@id\":\"https:\\\/\\\/secure.gravatar.com\\\/avatar\\\/478c9f0d13d5df0e5e3d2ec80a1d93afb10baa5bf0f981b9874b9ad1ff76cafc?s=96&d=mm&r=g\",\"url\":\"https:\\\/\\\/secure.gravatar.com\\\/avatar\\\/478c9f0d13d5df0e5e3d2ec80a1d93afb10baa5bf0f981b9874b9ad1ff76cafc?s=96&d=mm&r=g\",\"contentUrl\":\"https:\\\/\\\/secure.gravatar.com\\\/avatar\\\/478c9f0d13d5df0e5e3d2ec80a1d93afb10baa5bf0f981b9874b9ad1ff76cafc?s=96&d=mm&r=g\",\"caption\":\"saraseppala\"},\"url\":\"https:\\\/\\\/www.kktavastia.fi\\\/ammattiopisto\\\/author\\\/saraseppala\\\/\"}]}<\/script>","yoast_head_json":{"title":"Her\u00e4t\u00e4 aivot huomaamaan rasismi, neuvovat opiskelijat - Ammattiopisto Tavastia","robots":{"index":"index","follow":"follow","max-snippet":"max-snippet:-1","max-image-preview":"max-image-preview:large","max-video-preview":"max-video-preview:-1"},"canonical":"https:\/\/www.kktavastia.fi\/ammattiopisto\/2021\/03\/22\/herata-aivot-huomaamaan-rasismi-neuvovat-opiskelijat\/","og_locale":"fi_FI","og_type":"article","og_title":"Her\u00e4t\u00e4 aivot huomaamaan rasismi, neuvovat opiskelijat - Ammattiopisto Tavastia","og_description":"Nyt vietet\u00e4\u00e4n rasismin vastaista viikkoa, jolloin nostetaan esiin rasismiin ja yhdenvertaisuuteen liittyvi\u00e4 teemoja my\u00f6s Tavastiassa. Monikulttuurisuuskoordinaattori Tiina Alhainen k\u00e4vi rasismin [&hellip;]","og_url":"https:\/\/www.kktavastia.fi\/ammattiopisto\/2021\/03\/22\/herata-aivot-huomaamaan-rasismi-neuvovat-opiskelijat\/","og_site_name":"Ammattiopisto Tavastia","article_published_time":"2021-03-22T07:13:14+00:00","article_modified_time":"2021-03-22T07:13:15+00:00","og_image":[{"width":480,"height":360,"url":"https:\/\/www.kktavastia.fi\/media\/sites\/2\/img_3673.jpg","type":"image\/jpeg"}],"author":"saraseppala","twitter_card":"summary_large_image","schema":{"@context":"https:\/\/schema.org","@graph":[{"@type":"Article","@id":"https:\/\/www.kktavastia.fi\/ammattiopisto\/2021\/03\/22\/herata-aivot-huomaamaan-rasismi-neuvovat-opiskelijat\/#article","isPartOf":{"@id":"https:\/\/www.kktavastia.fi\/ammattiopisto\/2021\/03\/22\/herata-aivot-huomaamaan-rasismi-neuvovat-opiskelijat\/"},"author":{"name":"saraseppala","@id":"https:\/\/www.kktavastia.fi\/ammattiopisto\/#\/schema\/person\/817cce3016d2f14b9a7ed273534dcf4d"},"headline":"Her\u00e4t\u00e4 aivot huomaamaan rasismi, neuvovat opiskelijat","datePublished":"2021-03-22T07:13:14+00:00","dateModified":"2021-03-22T07:13:15+00:00","mainEntityOfPage":{"@id":"https:\/\/www.kktavastia.fi\/ammattiopisto\/2021\/03\/22\/herata-aivot-huomaamaan-rasismi-neuvovat-opiskelijat\/"},"wordCount":478,"image":{"@id":"https:\/\/www.kktavastia.fi\/ammattiopisto\/2021\/03\/22\/herata-aivot-huomaamaan-rasismi-neuvovat-opiskelijat\/#primaryimage"},"thumbnailUrl":"https:\/\/www.kktavastia.fi\/media\/sites\/2\/img_3673.jpg","inLanguage":"fi"},{"@type":"WebPage","@id":"https:\/\/www.kktavastia.fi\/ammattiopisto\/2021\/03\/22\/herata-aivot-huomaamaan-rasismi-neuvovat-opiskelijat\/","url":"https:\/\/www.kktavastia.fi\/ammattiopisto\/2021\/03\/22\/herata-aivot-huomaamaan-rasismi-neuvovat-opiskelijat\/","name":"Her\u00e4t\u00e4 aivot huomaamaan rasismi, neuvovat opiskelijat - Ammattiopisto Tavastia","isPartOf":{"@id":"https:\/\/www.kktavastia.fi\/ammattiopisto\/#website"},"primaryImageOfPage":{"@id":"https:\/\/www.kktavastia.fi\/ammattiopisto\/2021\/03\/22\/herata-aivot-huomaamaan-rasismi-neuvovat-opiskelijat\/#primaryimage"},"image":{"@id":"https:\/\/www.kktavastia.fi\/ammattiopisto\/2021\/03\/22\/herata-aivot-huomaamaan-rasismi-neuvovat-opiskelijat\/#primaryimage"},"thumbnailUrl":"https:\/\/www.kktavastia.fi\/media\/sites\/2\/img_3673.jpg","datePublished":"2021-03-22T07:13:14+00:00","dateModified":"2021-03-22T07:13:15+00:00","author":{"@id":"https:\/\/www.kktavastia.fi\/ammattiopisto\/#\/schema\/person\/817cce3016d2f14b9a7ed273534dcf4d"},"breadcrumb":{"@id":"https:\/\/www.kktavastia.fi\/ammattiopisto\/2021\/03\/22\/herata-aivot-huomaamaan-rasismi-neuvovat-opiskelijat\/#breadcrumb"},"inLanguage":"fi","potentialAction":[{"@type":"ReadAction","target":["https:\/\/www.kktavastia.fi\/ammattiopisto\/2021\/03\/22\/herata-aivot-huomaamaan-rasismi-neuvovat-opiskelijat\/"]}]},{"@type":"ImageObject","inLanguage":"fi","@id":"https:\/\/www.kktavastia.fi\/ammattiopisto\/2021\/03\/22\/herata-aivot-huomaamaan-rasismi-neuvovat-opiskelijat\/#primaryimage","url":"https:\/\/www.kktavastia.fi\/media\/sites\/2\/img_3673.jpg","contentUrl":"https:\/\/www.kktavastia.fi\/media\/sites\/2\/img_3673.jpg","width":480,"height":360,"caption":"Maahanmuuttajaopiskelijoiden ryhm\u00e4 ennen viimeisimpi\u00e4 koronarajoituksia."},{"@type":"BreadcrumbList","@id":"https:\/\/www.kktavastia.fi\/ammattiopisto\/2021\/03\/22\/herata-aivot-huomaamaan-rasismi-neuvovat-opiskelijat\/#breadcrumb","itemListElement":[{"@type":"ListItem","position":1,"name":"Home","item":"https:\/\/www.kktavastia.fi\/ammattiopisto\/"},{"@type":"ListItem","position":2,"name":"Her\u00e4t\u00e4 aivot huomaamaan rasismi, neuvovat opiskelijat"}]},{"@type":"WebSite","@id":"https:\/\/www.kktavastia.fi\/ammattiopisto\/#website","url":"https:\/\/www.kktavastia.fi\/ammattiopisto\/","name":"Ammattiopisto Tavastia","description":"","potentialAction":[{"@type":"SearchAction","target":{"@type":"EntryPoint","urlTemplate":"https:\/\/www.kktavastia.fi\/ammattiopisto\/?s={search_term_string}"},"query-input":{"@type":"PropertyValueSpecification","valueRequired":true,"valueName":"search_term_string"}}],"inLanguage":"fi"},{"@type":"Person","@id":"https:\/\/www.kktavastia.fi\/ammattiopisto\/#\/schema\/person\/817cce3016d2f14b9a7ed273534dcf4d","name":"saraseppala","image":{"@type":"ImageObject","inLanguage":"fi","@id":"https:\/\/secure.gravatar.com\/avatar\/478c9f0d13d5df0e5e3d2ec80a1d93afb10baa5bf0f981b9874b9ad1ff76cafc?s=96&d=mm&r=g","url":"https:\/\/secure.gravatar.com\/avatar\/478c9f0d13d5df0e5e3d2ec80a1d93afb10baa5bf0f981b9874b9ad1ff76cafc?s=96&d=mm&r=g","contentUrl":"https:\/\/secure.gravatar.com\/avatar\/478c9f0d13d5df0e5e3d2ec80a1d93afb10baa5bf0f981b9874b9ad1ff76cafc?s=96&d=mm&r=g","caption":"saraseppala"},"url":"https:\/\/www.kktavastia.fi\/ammattiopisto\/author\/saraseppala\/"}]}},"_links":{"self":[{"href":"https:\/\/www.kktavastia.fi\/ammattiopisto\/wp-json\/wp\/v2\/posts\/14737","targetHints":{"allow":["GET"]}}],"collection":[{"href":"https:\/\/www.kktavastia.fi\/ammattiopisto\/wp-json\/wp\/v2\/posts"}],"about":[{"href":"https:\/\/www.kktavastia.fi\/ammattiopisto\/wp-json\/wp\/v2\/types\/post"}],"author":[{"embeddable":true,"href":"https:\/\/www.kktavastia.fi\/ammattiopisto\/wp-json\/wp\/v2\/users\/6"}],"replies":[{"embeddable":true,"href":"https:\/\/www.kktavastia.fi\/ammattiopisto\/wp-json\/wp\/v2\/comments?post=14737"}],"version-history":[{"count":1,"href":"https:\/\/www.kktavastia.fi\/ammattiopisto\/wp-json\/wp\/v2\/posts\/14737\/revisions"}],"predecessor-version":[{"id":14739,"href":"https:\/\/www.kktavastia.fi\/ammattiopisto\/wp-json\/wp\/v2\/posts\/14737\/revisions\/14739"}],"wp:featuredmedia":[{"embeddable":true,"href":"https:\/\/www.kktavastia.fi\/ammattiopisto\/wp-json\/wp\/v2\/media\/14738"}],"wp:attachment":[{"href":"https:\/\/www.kktavastia.fi\/ammattiopisto\/wp-json\/wp\/v2\/media?parent=14737"}],"wp:term":[{"taxonomy":"category","embeddable":true,"href":"https:\/\/www.kktavastia.fi\/ammattiopisto\/wp-json\/wp\/v2\/categories?post=14737"},{"taxonomy":"post_tag","embeddable":true,"href":"https:\/\/www.kktavastia.fi\/ammattiopisto\/wp-json\/wp\/v2\/tags?post=14737"}],"curies":[{"name":"wp","href":"https:\/\/api.w.org\/{rel}","templated":true}]}}