{"id":12654,"date":"2020-12-18T10:01:39","date_gmt":"2020-12-18T08:01:39","guid":{"rendered":"https:\/\/www.kktavastia.fi\/ammattiopisto-tavastia\/?p=12654"},"modified":"2020-12-18T10:01:39","modified_gmt":"2020-12-18T08:01:39","slug":"amistekeehyvaa-tempaus-ilahdutti-lapsia-ja-vanhuksia","status":"publish","type":"post","link":"https:\/\/www.kktavastia.fi\/ammattiopisto\/2020\/12\/18\/amistekeehyvaa-tempaus-ilahdutti-lapsia-ja-vanhuksia\/","title":{"rendered":"Amistekeehyv\u00e4\u00e4-tempaus ilahdutti lapsia ja vanhuksia"},"content":{"rendered":"<figure id=\"attachment_12655\" aria-describedby=\"caption-attachment-12655\" style=\"width: 300px\" class=\"wp-caption alignright\"><a href=\"https:\/\/www.kktavastia.fi\/media\/sites\/2\/kuva-2-scaled-1.jpg\"><img loading=\"lazy\" decoding=\"async\" class=\"wp-image-12655 size-medium\" src=\"https:\/\/www.kktavastia.fi\/media\/sites\/2\/kuva-2-300x209.jpg\" alt=\"\" width=\"300\" height=\"209\" \/><\/a><figcaption id=\"caption-attachment-12655\" class=\"wp-caption-text\">Pintak\u00e4sittelyalan opiskelijat Kerttu H\u00e4m\u00e4l\u00e4inen (vas.) ja Annie Kivel\u00e4 palkittiin lahjakortilla ja kunniakirjoilla ansiokkaasta hyv\u00e4ntekev\u00e4isyystempauksestaan.<\/figcaption><\/figure>\n<p>Saku ry:n Hyvinvointivirtaa-viikko nosti syksyll\u00e4 j\u00e4lleen esiin ammatillisessa koulutuksessa toteutettavaa hyvinvointity\u00f6t\u00e4. Osana viikkoa j\u00e4rjestettiin my\u00f6s #amistekeehyv\u00e4\u00e4-tempaus, jossa kannustettiin opiskelijoita tekem\u00e4\u00e4n hyv\u00e4\u00e4 l\u00e4hiymp\u00e4rist\u00f6ss\u00e4\u00e4n.<\/p>\n<p>#Amistekeehyv\u00e4\u00e4-tempaukseen p\u00e4\u00e4ttiv\u00e4t tarttua Ammattiopisto Tavastian pintak\u00e4sittelyalan opiskelijat <strong>Annie Kivel\u00e4<\/strong> ja <strong>Kerttu H\u00e4m\u00e4l\u00e4inen<\/strong>, jotka n\u00e4kiv\u00e4t tempauksesta ilmoituksen Ammattiopiston Instagram-tilill\u00e4.<\/p>\n<p>&#8211; Olimme jo aiemmin el\u00e4m\u00e4ss\u00e4 miettineet osallistumista hyv\u00e4ntekev\u00e4isyyteen, joten p\u00e4\u00e4timme tarttua heti tilaisuuteen, Annie Kivel\u00e4 kertoo.<\/p>\n<p>Hyv\u00e4ntekev\u00e4isyyskohteita ei kaksikon tarvinnut kauaa mietti\u00e4.<\/p>\n<p>&#8211; Halusimme auttaa eniten apua tarvitsevia, eli sairaita lapsia sek\u00e4 yksin\u00e4isi\u00e4 vanhuksia. Koitimme mietti\u00e4, miten saisimme parhaiten ilahdutettua kohderyhm\u00e4\u00e4mme, ja silt\u00e4 pohjalta l\u00e4hdimme hommiin, Kivel\u00e4 sanoo.<\/p>\n<p><strong>Herkkuja ja tarpeellista tavaraa<\/strong><\/p>\n<p>Lahjoituskohteiksi valikoituivat Kanta-H\u00e4meen keskussairaalan lasten ja nuorten osasto sek\u00e4 Voutilakeskuksen vanhainkoti.<\/p>\n<p>&#8211; Sairaalalta tiedustelimme potilaiden m\u00e4\u00e4r\u00e4\u00e4, ja k\u00e4ydess\u00e4mme Jukolan Kukkatalolla tiedustelimme, mik\u00e4 vanhainkoti olisi paras kohteeksi, ja suositukseksi saimme Voutilakeskuksen, Kivel\u00e4 kertoo.<\/p>\n<p>Molempiin paikkoihin vietiin tarpeellisia ja ilahduttavia tuotteita.<\/p>\n<p>&#8211; Ostimme itse sairaille lapsille pirist\u00e4vi\u00e4 leluja ja herkkuja sek\u00e4 v\u00e4rityskirjoja ja kyni\u00e4. My\u00f6s omilta lapsilta veimme kassillisen uudenveroisia leluja. Sairaalan henkil\u00f6kuntaa muistimme my\u00f6s makeilla herkuilla. Vanhainkotiin veimme pullaa ja keksej\u00e4, Kivel\u00e4 luettelee.<\/p>\n<p>My\u00f6s yritykset l\u00e4htiv\u00e4t hyv\u00e4ntekev\u00e4isyystempaukseen mukaan.<\/p>\n<p>&#8211; Punnitse ja S\u00e4\u00e4st\u00e4 lahjoitti viel\u00e4 erikseen keksej\u00e4, Instrumentarium Goodman silm\u00e4lasinpuhdistusnesteit\u00e4 ja koteloita sek\u00e4 Jukolan Kukkatalo laatikollisen kauniita oransseja kukkia, Kivel\u00e4 kiittelee.<\/p>\n<p><strong>Hyv\u00e4n tekeminen tuo hyv\u00e4\u00e4 mielt\u00e4<\/strong><\/p>\n<p>Lahjoituskohteissa tunnelmat olivat kiitolliset.<\/p>\n<p>&#8211; Tempaukseen suhtauduttiin molemmissa kohteissa eritt\u00e4in yll\u00e4ttyneesti ja ilahtuneesti. Tempausta pidettiin eritt\u00e4in syd\u00e4mellisen\u00e4 tekona, Kivel\u00e4 hymyilee.<\/p>\n<p>Hyv\u00e4\u00e4 mielt\u00e4 tempauksesta koitui my\u00f6s puuhanaisille itselleen.<\/p>\n<p>&#8211; Fiilikset tempauksesta olivat aivan mahtavat! Oli ihana auttaa ja ilahduttaa sairaita lapsia, heid\u00e4n perheit\u00e4\u00e4n sek\u00e4 vanhuksia. Tuli itselle todella hyv\u00e4 mieli, kun sai tehd\u00e4 hyv\u00e4\u00e4. Olemme varautuneet tekem\u00e4\u00e4n hyv\u00e4\u00e4 pyyteett\u00f6m\u00e4sti my\u00f6s jatkossa, Kivel\u00e4 vakuuttaa.<\/p>\n<p>Saku ry:n Facebook-\u00e4\u00e4nestyksess\u00e4 Kivel\u00e4n ja H\u00e4m\u00e4l\u00e4isen tempaus valittiin yleis\u00f6n suosikiksi, ja heid\u00e4t palkittiin 300 euron lahjakortilla. Voittolahjakorttia hy\u00f6dynnet\u00e4\u00e4n kuulemma joulun rakentamiseen. Onnea voittajille hienosta tempauksesta!<\/p>\n","protected":false},"excerpt":{"rendered":"<p>Saku ry:n Hyvinvointivirtaa-viikko nosti syksyll\u00e4 j\u00e4lleen esiin ammatillisessa koulutuksessa toteutettavaa hyvinvointity\u00f6t\u00e4. Osana viikkoa j\u00e4rjestettiin my\u00f6s #amistekeehyv\u00e4\u00e4-tempaus, jossa kannustettiin opiskelijoita tekem\u00e4\u00e4n [&hellip;]<\/p>\n","protected":false},"author":6,"featured_media":12655,"comment_status":"closed","ping_status":"closed","sticky":false,"template":"","format":"standard","meta":{"_acf_changed":false,"_relevanssi_hide_post":"","_relevanssi_hide_content":"","_relevanssi_pin_for_all":"","_relevanssi_pin_keywords":"","_relevanssi_unpin_keywords":"","_relevanssi_related_keywords":"","_relevanssi_related_include_ids":"","_relevanssi_related_exclude_ids":"","_relevanssi_related_no_append":"","_relevanssi_related_not_related":"","_relevanssi_related_posts":"2775,7537,10565,10643,11244,11321","_relevanssi_noindex_reason":"","footnotes":""},"categories":[1],"tags":[],"class_list":["post-12654","post","type-post","status-publish","format-standard","has-post-thumbnail","hentry","category-yleinen"],"acf":[],"yoast_head":"<title>Amistekeehyv\u00e4\u00e4-tempaus ilahdutti lapsia ja vanhuksia - Ammattiopisto Tavastia<\/title>\n<meta name=\"robots\" content=\"index, follow, max-snippet:-1, max-image-preview:large, max-video-preview:-1\" \/>\n<link rel=\"canonical\" href=\"https:\/\/www.kktavastia.fi\/ammattiopisto\/2020\/12\/18\/amistekeehyvaa-tempaus-ilahdutti-lapsia-ja-vanhuksia\/\" \/>\n<meta property=\"og:locale\" content=\"fi_FI\" \/>\n<meta property=\"og:type\" content=\"article\" \/>\n<meta property=\"og:title\" content=\"Amistekeehyv\u00e4\u00e4-tempaus ilahdutti lapsia ja vanhuksia - Ammattiopisto Tavastia\" \/>\n<meta property=\"og:description\" content=\"Saku ry:n Hyvinvointivirtaa-viikko nosti syksyll\u00e4 j\u00e4lleen esiin ammatillisessa koulutuksessa toteutettavaa hyvinvointity\u00f6t\u00e4. Osana viikkoa j\u00e4rjestettiin my\u00f6s #amistekeehyv\u00e4\u00e4-tempaus, jossa kannustettiin opiskelijoita tekem\u00e4\u00e4n [&hellip;]\" \/>\n<meta property=\"og:url\" content=\"https:\/\/www.kktavastia.fi\/ammattiopisto\/2020\/12\/18\/amistekeehyvaa-tempaus-ilahdutti-lapsia-ja-vanhuksia\/\" \/>\n<meta property=\"og:site_name\" content=\"Ammattiopisto Tavastia\" \/>\n<meta property=\"article:published_time\" content=\"2020-12-18T08:01:39+00:00\" \/>\n<meta property=\"og:image\" content=\"https:\/\/www.kktavastia.fi\/media\/sites\/2\/kuva-2-scaled-1.jpg\" \/>\n\t<meta property=\"og:image:width\" content=\"2000\" \/>\n\t<meta property=\"og:image:height\" content=\"1392\" \/>\n\t<meta property=\"og:image:type\" content=\"image\/jpeg\" \/>\n<meta name=\"author\" content=\"saraseppala\" \/>\n<meta name=\"twitter:card\" content=\"summary_large_image\" \/>\n<script type=\"application\/ld+json\" class=\"yoast-schema-graph\">{\"@context\":\"https:\\\/\\\/schema.org\",\"@graph\":[{\"@type\":\"Article\",\"@id\":\"https:\\\/\\\/www.kktavastia.fi\\\/ammattiopisto\\\/2020\\\/12\\\/18\\\/amistekeehyvaa-tempaus-ilahdutti-lapsia-ja-vanhuksia\\\/#article\",\"isPartOf\":{\"@id\":\"https:\\\/\\\/www.kktavastia.fi\\\/ammattiopisto\\\/2020\\\/12\\\/18\\\/amistekeehyvaa-tempaus-ilahdutti-lapsia-ja-vanhuksia\\\/\"},\"author\":{\"name\":\"saraseppala\",\"@id\":\"https:\\\/\\\/www.kktavastia.fi\\\/ammattiopisto\\\/#\\\/schema\\\/person\\\/817cce3016d2f14b9a7ed273534dcf4d\"},\"headline\":\"Amistekeehyv\u00e4\u00e4-tempaus ilahdutti lapsia ja vanhuksia\",\"datePublished\":\"2020-12-18T08:01:39+00:00\",\"mainEntityOfPage\":{\"@id\":\"https:\\\/\\\/www.kktavastia.fi\\\/ammattiopisto\\\/2020\\\/12\\\/18\\\/amistekeehyvaa-tempaus-ilahdutti-lapsia-ja-vanhuksia\\\/\"},\"wordCount\":383,\"image\":{\"@id\":\"https:\\\/\\\/www.kktavastia.fi\\\/ammattiopisto\\\/2020\\\/12\\\/18\\\/amistekeehyvaa-tempaus-ilahdutti-lapsia-ja-vanhuksia\\\/#primaryimage\"},\"thumbnailUrl\":\"https:\\\/\\\/www.kktavastia.fi\\\/media\\\/sites\\\/2\\\/kuva-2-scaled-1.jpg\",\"inLanguage\":\"fi\"},{\"@type\":\"WebPage\",\"@id\":\"https:\\\/\\\/www.kktavastia.fi\\\/ammattiopisto\\\/2020\\\/12\\\/18\\\/amistekeehyvaa-tempaus-ilahdutti-lapsia-ja-vanhuksia\\\/\",\"url\":\"https:\\\/\\\/www.kktavastia.fi\\\/ammattiopisto\\\/2020\\\/12\\\/18\\\/amistekeehyvaa-tempaus-ilahdutti-lapsia-ja-vanhuksia\\\/\",\"name\":\"Amistekeehyv\u00e4\u00e4-tempaus ilahdutti lapsia ja vanhuksia - Ammattiopisto Tavastia\",\"isPartOf\":{\"@id\":\"https:\\\/\\\/www.kktavastia.fi\\\/ammattiopisto\\\/#website\"},\"primaryImageOfPage\":{\"@id\":\"https:\\\/\\\/www.kktavastia.fi\\\/ammattiopisto\\\/2020\\\/12\\\/18\\\/amistekeehyvaa-tempaus-ilahdutti-lapsia-ja-vanhuksia\\\/#primaryimage\"},\"image\":{\"@id\":\"https:\\\/\\\/www.kktavastia.fi\\\/ammattiopisto\\\/2020\\\/12\\\/18\\\/amistekeehyvaa-tempaus-ilahdutti-lapsia-ja-vanhuksia\\\/#primaryimage\"},\"thumbnailUrl\":\"https:\\\/\\\/www.kktavastia.fi\\\/media\\\/sites\\\/2\\\/kuva-2-scaled-1.jpg\",\"datePublished\":\"2020-12-18T08:01:39+00:00\",\"author\":{\"@id\":\"https:\\\/\\\/www.kktavastia.fi\\\/ammattiopisto\\\/#\\\/schema\\\/person\\\/817cce3016d2f14b9a7ed273534dcf4d\"},\"breadcrumb\":{\"@id\":\"https:\\\/\\\/www.kktavastia.fi\\\/ammattiopisto\\\/2020\\\/12\\\/18\\\/amistekeehyvaa-tempaus-ilahdutti-lapsia-ja-vanhuksia\\\/#breadcrumb\"},\"inLanguage\":\"fi\",\"potentialAction\":[{\"@type\":\"ReadAction\",\"target\":[\"https:\\\/\\\/www.kktavastia.fi\\\/ammattiopisto\\\/2020\\\/12\\\/18\\\/amistekeehyvaa-tempaus-ilahdutti-lapsia-ja-vanhuksia\\\/\"]}]},{\"@type\":\"ImageObject\",\"inLanguage\":\"fi\",\"@id\":\"https:\\\/\\\/www.kktavastia.fi\\\/ammattiopisto\\\/2020\\\/12\\\/18\\\/amistekeehyvaa-tempaus-ilahdutti-lapsia-ja-vanhuksia\\\/#primaryimage\",\"url\":\"https:\\\/\\\/www.kktavastia.fi\\\/media\\\/sites\\\/2\\\/kuva-2-scaled-1.jpg\",\"contentUrl\":\"https:\\\/\\\/www.kktavastia.fi\\\/media\\\/sites\\\/2\\\/kuva-2-scaled-1.jpg\",\"width\":2000,\"height\":1392,\"caption\":\"Pintak\u00e4sittelyalan opiskelijat Kerttu H\u00e4m\u00e4l\u00e4inen (vas.) ja Annie Kivel\u00e4 palkittiin lahjakortilla ja kunniakirjoilla ansiokkaasta hyv\u00e4ntekev\u00e4isyystempauksestaan.\"},{\"@type\":\"BreadcrumbList\",\"@id\":\"https:\\\/\\\/www.kktavastia.fi\\\/ammattiopisto\\\/2020\\\/12\\\/18\\\/amistekeehyvaa-tempaus-ilahdutti-lapsia-ja-vanhuksia\\\/#breadcrumb\",\"itemListElement\":[{\"@type\":\"ListItem\",\"position\":1,\"name\":\"Home\",\"item\":\"https:\\\/\\\/www.kktavastia.fi\\\/ammattiopisto\\\/\"},{\"@type\":\"ListItem\",\"position\":2,\"name\":\"Amistekeehyv\u00e4\u00e4-tempaus ilahdutti lapsia ja vanhuksia\"}]},{\"@type\":\"WebSite\",\"@id\":\"https:\\\/\\\/www.kktavastia.fi\\\/ammattiopisto\\\/#website\",\"url\":\"https:\\\/\\\/www.kktavastia.fi\\\/ammattiopisto\\\/\",\"name\":\"Ammattiopisto Tavastia\",\"description\":\"\",\"potentialAction\":[{\"@type\":\"SearchAction\",\"target\":{\"@type\":\"EntryPoint\",\"urlTemplate\":\"https:\\\/\\\/www.kktavastia.fi\\\/ammattiopisto\\\/?s={search_term_string}\"},\"query-input\":{\"@type\":\"PropertyValueSpecification\",\"valueRequired\":true,\"valueName\":\"search_term_string\"}}],\"inLanguage\":\"fi\"},{\"@type\":\"Person\",\"@id\":\"https:\\\/\\\/www.kktavastia.fi\\\/ammattiopisto\\\/#\\\/schema\\\/person\\\/817cce3016d2f14b9a7ed273534dcf4d\",\"name\":\"saraseppala\",\"image\":{\"@type\":\"ImageObject\",\"inLanguage\":\"fi\",\"@id\":\"https:\\\/\\\/secure.gravatar.com\\\/avatar\\\/478c9f0d13d5df0e5e3d2ec80a1d93afb10baa5bf0f981b9874b9ad1ff76cafc?s=96&d=mm&r=g\",\"url\":\"https:\\\/\\\/secure.gravatar.com\\\/avatar\\\/478c9f0d13d5df0e5e3d2ec80a1d93afb10baa5bf0f981b9874b9ad1ff76cafc?s=96&d=mm&r=g\",\"contentUrl\":\"https:\\\/\\\/secure.gravatar.com\\\/avatar\\\/478c9f0d13d5df0e5e3d2ec80a1d93afb10baa5bf0f981b9874b9ad1ff76cafc?s=96&d=mm&r=g\",\"caption\":\"saraseppala\"},\"url\":\"https:\\\/\\\/www.kktavastia.fi\\\/ammattiopisto\\\/author\\\/saraseppala\\\/\"}]}<\/script>","yoast_head_json":{"title":"Amistekeehyv\u00e4\u00e4-tempaus ilahdutti lapsia ja vanhuksia - Ammattiopisto Tavastia","robots":{"index":"index","follow":"follow","max-snippet":"max-snippet:-1","max-image-preview":"max-image-preview:large","max-video-preview":"max-video-preview:-1"},"canonical":"https:\/\/www.kktavastia.fi\/ammattiopisto\/2020\/12\/18\/amistekeehyvaa-tempaus-ilahdutti-lapsia-ja-vanhuksia\/","og_locale":"fi_FI","og_type":"article","og_title":"Amistekeehyv\u00e4\u00e4-tempaus ilahdutti lapsia ja vanhuksia - Ammattiopisto Tavastia","og_description":"Saku ry:n Hyvinvointivirtaa-viikko nosti syksyll\u00e4 j\u00e4lleen esiin ammatillisessa koulutuksessa toteutettavaa hyvinvointity\u00f6t\u00e4. Osana viikkoa j\u00e4rjestettiin my\u00f6s #amistekeehyv\u00e4\u00e4-tempaus, jossa kannustettiin opiskelijoita tekem\u00e4\u00e4n [&hellip;]","og_url":"https:\/\/www.kktavastia.fi\/ammattiopisto\/2020\/12\/18\/amistekeehyvaa-tempaus-ilahdutti-lapsia-ja-vanhuksia\/","og_site_name":"Ammattiopisto Tavastia","article_published_time":"2020-12-18T08:01:39+00:00","og_image":[{"width":2000,"height":1392,"url":"https:\/\/www.kktavastia.fi\/media\/sites\/2\/kuva-2-scaled-1.jpg","type":"image\/jpeg"}],"author":"saraseppala","twitter_card":"summary_large_image","schema":{"@context":"https:\/\/schema.org","@graph":[{"@type":"Article","@id":"https:\/\/www.kktavastia.fi\/ammattiopisto\/2020\/12\/18\/amistekeehyvaa-tempaus-ilahdutti-lapsia-ja-vanhuksia\/#article","isPartOf":{"@id":"https:\/\/www.kktavastia.fi\/ammattiopisto\/2020\/12\/18\/amistekeehyvaa-tempaus-ilahdutti-lapsia-ja-vanhuksia\/"},"author":{"name":"saraseppala","@id":"https:\/\/www.kktavastia.fi\/ammattiopisto\/#\/schema\/person\/817cce3016d2f14b9a7ed273534dcf4d"},"headline":"Amistekeehyv\u00e4\u00e4-tempaus ilahdutti lapsia ja vanhuksia","datePublished":"2020-12-18T08:01:39+00:00","mainEntityOfPage":{"@id":"https:\/\/www.kktavastia.fi\/ammattiopisto\/2020\/12\/18\/amistekeehyvaa-tempaus-ilahdutti-lapsia-ja-vanhuksia\/"},"wordCount":383,"image":{"@id":"https:\/\/www.kktavastia.fi\/ammattiopisto\/2020\/12\/18\/amistekeehyvaa-tempaus-ilahdutti-lapsia-ja-vanhuksia\/#primaryimage"},"thumbnailUrl":"https:\/\/www.kktavastia.fi\/media\/sites\/2\/kuva-2-scaled-1.jpg","inLanguage":"fi"},{"@type":"WebPage","@id":"https:\/\/www.kktavastia.fi\/ammattiopisto\/2020\/12\/18\/amistekeehyvaa-tempaus-ilahdutti-lapsia-ja-vanhuksia\/","url":"https:\/\/www.kktavastia.fi\/ammattiopisto\/2020\/12\/18\/amistekeehyvaa-tempaus-ilahdutti-lapsia-ja-vanhuksia\/","name":"Amistekeehyv\u00e4\u00e4-tempaus ilahdutti lapsia ja vanhuksia - Ammattiopisto Tavastia","isPartOf":{"@id":"https:\/\/www.kktavastia.fi\/ammattiopisto\/#website"},"primaryImageOfPage":{"@id":"https:\/\/www.kktavastia.fi\/ammattiopisto\/2020\/12\/18\/amistekeehyvaa-tempaus-ilahdutti-lapsia-ja-vanhuksia\/#primaryimage"},"image":{"@id":"https:\/\/www.kktavastia.fi\/ammattiopisto\/2020\/12\/18\/amistekeehyvaa-tempaus-ilahdutti-lapsia-ja-vanhuksia\/#primaryimage"},"thumbnailUrl":"https:\/\/www.kktavastia.fi\/media\/sites\/2\/kuva-2-scaled-1.jpg","datePublished":"2020-12-18T08:01:39+00:00","author":{"@id":"https:\/\/www.kktavastia.fi\/ammattiopisto\/#\/schema\/person\/817cce3016d2f14b9a7ed273534dcf4d"},"breadcrumb":{"@id":"https:\/\/www.kktavastia.fi\/ammattiopisto\/2020\/12\/18\/amistekeehyvaa-tempaus-ilahdutti-lapsia-ja-vanhuksia\/#breadcrumb"},"inLanguage":"fi","potentialAction":[{"@type":"ReadAction","target":["https:\/\/www.kktavastia.fi\/ammattiopisto\/2020\/12\/18\/amistekeehyvaa-tempaus-ilahdutti-lapsia-ja-vanhuksia\/"]}]},{"@type":"ImageObject","inLanguage":"fi","@id":"https:\/\/www.kktavastia.fi\/ammattiopisto\/2020\/12\/18\/amistekeehyvaa-tempaus-ilahdutti-lapsia-ja-vanhuksia\/#primaryimage","url":"https:\/\/www.kktavastia.fi\/media\/sites\/2\/kuva-2-scaled-1.jpg","contentUrl":"https:\/\/www.kktavastia.fi\/media\/sites\/2\/kuva-2-scaled-1.jpg","width":2000,"height":1392,"caption":"Pintak\u00e4sittelyalan opiskelijat Kerttu H\u00e4m\u00e4l\u00e4inen (vas.) ja Annie Kivel\u00e4 palkittiin lahjakortilla ja kunniakirjoilla ansiokkaasta hyv\u00e4ntekev\u00e4isyystempauksestaan."},{"@type":"BreadcrumbList","@id":"https:\/\/www.kktavastia.fi\/ammattiopisto\/2020\/12\/18\/amistekeehyvaa-tempaus-ilahdutti-lapsia-ja-vanhuksia\/#breadcrumb","itemListElement":[{"@type":"ListItem","position":1,"name":"Home","item":"https:\/\/www.kktavastia.fi\/ammattiopisto\/"},{"@type":"ListItem","position":2,"name":"Amistekeehyv\u00e4\u00e4-tempaus ilahdutti lapsia ja vanhuksia"}]},{"@type":"WebSite","@id":"https:\/\/www.kktavastia.fi\/ammattiopisto\/#website","url":"https:\/\/www.kktavastia.fi\/ammattiopisto\/","name":"Ammattiopisto Tavastia","description":"","potentialAction":[{"@type":"SearchAction","target":{"@type":"EntryPoint","urlTemplate":"https:\/\/www.kktavastia.fi\/ammattiopisto\/?s={search_term_string}"},"query-input":{"@type":"PropertyValueSpecification","valueRequired":true,"valueName":"search_term_string"}}],"inLanguage":"fi"},{"@type":"Person","@id":"https:\/\/www.kktavastia.fi\/ammattiopisto\/#\/schema\/person\/817cce3016d2f14b9a7ed273534dcf4d","name":"saraseppala","image":{"@type":"ImageObject","inLanguage":"fi","@id":"https:\/\/secure.gravatar.com\/avatar\/478c9f0d13d5df0e5e3d2ec80a1d93afb10baa5bf0f981b9874b9ad1ff76cafc?s=96&d=mm&r=g","url":"https:\/\/secure.gravatar.com\/avatar\/478c9f0d13d5df0e5e3d2ec80a1d93afb10baa5bf0f981b9874b9ad1ff76cafc?s=96&d=mm&r=g","contentUrl":"https:\/\/secure.gravatar.com\/avatar\/478c9f0d13d5df0e5e3d2ec80a1d93afb10baa5bf0f981b9874b9ad1ff76cafc?s=96&d=mm&r=g","caption":"saraseppala"},"url":"https:\/\/www.kktavastia.fi\/ammattiopisto\/author\/saraseppala\/"}]}},"_links":{"self":[{"href":"https:\/\/www.kktavastia.fi\/ammattiopisto\/wp-json\/wp\/v2\/posts\/12654","targetHints":{"allow":["GET"]}}],"collection":[{"href":"https:\/\/www.kktavastia.fi\/ammattiopisto\/wp-json\/wp\/v2\/posts"}],"about":[{"href":"https:\/\/www.kktavastia.fi\/ammattiopisto\/wp-json\/wp\/v2\/types\/post"}],"author":[{"embeddable":true,"href":"https:\/\/www.kktavastia.fi\/ammattiopisto\/wp-json\/wp\/v2\/users\/6"}],"replies":[{"embeddable":true,"href":"https:\/\/www.kktavastia.fi\/ammattiopisto\/wp-json\/wp\/v2\/comments?post=12654"}],"version-history":[{"count":0,"href":"https:\/\/www.kktavastia.fi\/ammattiopisto\/wp-json\/wp\/v2\/posts\/12654\/revisions"}],"wp:featuredmedia":[{"embeddable":true,"href":"https:\/\/www.kktavastia.fi\/ammattiopisto\/wp-json\/wp\/v2\/media\/12655"}],"wp:attachment":[{"href":"https:\/\/www.kktavastia.fi\/ammattiopisto\/wp-json\/wp\/v2\/media?parent=12654"}],"wp:term":[{"taxonomy":"category","embeddable":true,"href":"https:\/\/www.kktavastia.fi\/ammattiopisto\/wp-json\/wp\/v2\/categories?post=12654"},{"taxonomy":"post_tag","embeddable":true,"href":"https:\/\/www.kktavastia.fi\/ammattiopisto\/wp-json\/wp\/v2\/tags?post=12654"}],"curies":[{"name":"wp","href":"https:\/\/api.w.org\/{rel}","templated":true}]}}