{"id":12559,"date":"2020-11-21T14:48:36","date_gmt":"2020-11-21T12:48:36","guid":{"rendered":"https:\/\/www.kktavastia.fi\/ammattiopisto-tavastia\/?p=12559"},"modified":"2020-11-21T14:48:36","modified_gmt":"2020-11-21T12:48:36","slug":"ammattiopisto-tavastian-opiskelijalla-koronatartunta","status":"publish","type":"post","link":"https:\/\/www.kktavastia.fi\/ammattiopisto\/2020\/11\/21\/ammattiopisto-tavastian-opiskelijalla-koronatartunta\/","title":{"rendered":"Ammattiopisto Tavastian opiskelijalla koronatartunta"},"content":{"rendered":"<p>Ammattiopisto Tavastian opiskelijalla on todettu COVID-19-tartunta. Tartunta on todettu lauantaina 21.11. valmistuneessa tutkimuksessa. Oireet henkil\u00f6ll\u00e4 ovat alkaneet tiistaina 17.11.<\/p>\n<p>Sairastunut on m\u00e4\u00e4r\u00e4tty tartuntatautilain mukaiseen eristykseen. H\u00e4n on ollut oppilaitoksen H- ja D-rakennusten kolmessa luokassa ja A-rakennuksen ravintolassa 16.\u201318.11. (klo 12 asti) v\u00e4lisen\u00e4 aikana. Samoissa luokissa olleille on ilmoitettu asiasta erikseen. Lis\u00e4ksi h\u00e4n on ollut liikuntahallissa tiistaina iltap\u00e4iv\u00e4ll\u00e4, mutta tilanteeseen ei liity l\u00e4hikontakteja.<\/p>\n<p>Opiskelija on p\u00e4\u00e4s\u00e4\u00e4nt\u00f6isesti k\u00e4ytt\u00e4nyt maskia, joten muita opiskelijoita tai henkil\u00f6kuntaa ei m\u00e4\u00e4r\u00e4t\u00e4 karanteeniin. Oppilaitoksessa samaan aikana olleiden tulee kuitenkin tarkkailla oireita ja reagoida nopeasti, jos niit\u00e4 ilmenee. Sairaanhoitopiirist\u00e4 muistutetaan, ett\u00e4 lievist\u00e4kin hengitystieoireista tulee aina j\u00e4\u00e4d\u00e4 kotiin ja hakeutua terveyskeskuksen kautta koronatestiin. Oiretestin voi tehd\u00e4 osoitteessa omaolo.fi ja noudattaa saamiaan ohjeita.<\/p>\n","protected":false},"excerpt":{"rendered":"<p>Ammattiopisto Tavastian opiskelijalla on todettu COVID-19-tartunta. Tartunta on todettu lauantaina 21.11. valmistuneessa tutkimuksessa. Oireet henkil\u00f6ll\u00e4 ovat alkaneet tiistaina 17.11. Sairastunut [&hellip;]<\/p>\n","protected":false},"author":3,"featured_media":11240,"comment_status":"closed","ping_status":"closed","sticky":false,"template":"","format":"standard","meta":{"_acf_changed":false,"_relevanssi_hide_post":"","_relevanssi_hide_content":"","_relevanssi_pin_for_all":"","_relevanssi_pin_keywords":"","_relevanssi_unpin_keywords":"","_relevanssi_related_keywords":"","_relevanssi_related_include_ids":"","_relevanssi_related_exclude_ids":"","_relevanssi_related_no_append":"","_relevanssi_related_not_related":"","_relevanssi_related_posts":"3691,12338,2471,9416,11486,4394","_relevanssi_noindex_reason":"","footnotes":""},"categories":[1],"tags":[],"class_list":["post-12559","post","type-post","status-publish","format-standard","has-post-thumbnail","hentry","category-yleinen"],"acf":[],"yoast_head":"<title>Ammattiopisto Tavastian opiskelijalla koronatartunta - Ammattiopisto Tavastia<\/title>\n<meta name=\"robots\" content=\"index, follow, max-snippet:-1, max-image-preview:large, max-video-preview:-1\" \/>\n<link rel=\"canonical\" href=\"https:\/\/www.kktavastia.fi\/ammattiopisto\/2020\/11\/21\/ammattiopisto-tavastian-opiskelijalla-koronatartunta\/\" \/>\n<meta property=\"og:locale\" content=\"fi_FI\" \/>\n<meta property=\"og:type\" content=\"article\" \/>\n<meta property=\"og:title\" content=\"Ammattiopisto Tavastian opiskelijalla koronatartunta - Ammattiopisto Tavastia\" \/>\n<meta property=\"og:description\" content=\"Ammattiopisto Tavastian opiskelijalla on todettu COVID-19-tartunta. Tartunta on todettu lauantaina 21.11. valmistuneessa tutkimuksessa. Oireet henkil\u00f6ll\u00e4 ovat alkaneet tiistaina 17.11. Sairastunut [&hellip;]\" \/>\n<meta property=\"og:url\" content=\"https:\/\/www.kktavastia.fi\/ammattiopisto\/2020\/11\/21\/ammattiopisto-tavastian-opiskelijalla-koronatartunta\/\" \/>\n<meta property=\"og:site_name\" content=\"Ammattiopisto Tavastia\" \/>\n<meta property=\"article:published_time\" content=\"2020-11-21T12:48:36+00:00\" \/>\n<meta property=\"og:image\" content=\"https:\/\/www.kktavastia.fi\/media\/sites\/2\/koronavirus.jpg\" \/>\n\t<meta property=\"og:image:width\" content=\"1024\" \/>\n\t<meta property=\"og:image:height\" content=\"589\" \/>\n\t<meta property=\"og:image:type\" content=\"image\/jpeg\" \/>\n<meta name=\"author\" content=\"jennimanninen\" \/>\n<meta name=\"twitter:card\" content=\"summary_large_image\" \/>\n<script type=\"application\/ld+json\" class=\"yoast-schema-graph\">{\"@context\":\"https:\\\/\\\/schema.org\",\"@graph\":[{\"@type\":\"Article\",\"@id\":\"https:\\\/\\\/www.kktavastia.fi\\\/ammattiopisto\\\/2020\\\/11\\\/21\\\/ammattiopisto-tavastian-opiskelijalla-koronatartunta\\\/#article\",\"isPartOf\":{\"@id\":\"https:\\\/\\\/www.kktavastia.fi\\\/ammattiopisto\\\/2020\\\/11\\\/21\\\/ammattiopisto-tavastian-opiskelijalla-koronatartunta\\\/\"},\"author\":{\"name\":\"jennimanninen\",\"@id\":\"https:\\\/\\\/www.kktavastia.fi\\\/ammattiopisto\\\/#\\\/schema\\\/person\\\/024aefaad0a17654b61e7deb02a467ab\"},\"headline\":\"Ammattiopisto Tavastian opiskelijalla koronatartunta\",\"datePublished\":\"2020-11-21T12:48:36+00:00\",\"mainEntityOfPage\":{\"@id\":\"https:\\\/\\\/www.kktavastia.fi\\\/ammattiopisto\\\/2020\\\/11\\\/21\\\/ammattiopisto-tavastian-opiskelijalla-koronatartunta\\\/\"},\"wordCount\":134,\"image\":{\"@id\":\"https:\\\/\\\/www.kktavastia.fi\\\/ammattiopisto\\\/2020\\\/11\\\/21\\\/ammattiopisto-tavastian-opiskelijalla-koronatartunta\\\/#primaryimage\"},\"thumbnailUrl\":\"https:\\\/\\\/www.kktavastia.fi\\\/media\\\/sites\\\/2\\\/koronavirus.jpg\",\"inLanguage\":\"fi\"},{\"@type\":\"WebPage\",\"@id\":\"https:\\\/\\\/www.kktavastia.fi\\\/ammattiopisto\\\/2020\\\/11\\\/21\\\/ammattiopisto-tavastian-opiskelijalla-koronatartunta\\\/\",\"url\":\"https:\\\/\\\/www.kktavastia.fi\\\/ammattiopisto\\\/2020\\\/11\\\/21\\\/ammattiopisto-tavastian-opiskelijalla-koronatartunta\\\/\",\"name\":\"Ammattiopisto Tavastian opiskelijalla koronatartunta - Ammattiopisto Tavastia\",\"isPartOf\":{\"@id\":\"https:\\\/\\\/www.kktavastia.fi\\\/ammattiopisto\\\/#website\"},\"primaryImageOfPage\":{\"@id\":\"https:\\\/\\\/www.kktavastia.fi\\\/ammattiopisto\\\/2020\\\/11\\\/21\\\/ammattiopisto-tavastian-opiskelijalla-koronatartunta\\\/#primaryimage\"},\"image\":{\"@id\":\"https:\\\/\\\/www.kktavastia.fi\\\/ammattiopisto\\\/2020\\\/11\\\/21\\\/ammattiopisto-tavastian-opiskelijalla-koronatartunta\\\/#primaryimage\"},\"thumbnailUrl\":\"https:\\\/\\\/www.kktavastia.fi\\\/media\\\/sites\\\/2\\\/koronavirus.jpg\",\"datePublished\":\"2020-11-21T12:48:36+00:00\",\"author\":{\"@id\":\"https:\\\/\\\/www.kktavastia.fi\\\/ammattiopisto\\\/#\\\/schema\\\/person\\\/024aefaad0a17654b61e7deb02a467ab\"},\"breadcrumb\":{\"@id\":\"https:\\\/\\\/www.kktavastia.fi\\\/ammattiopisto\\\/2020\\\/11\\\/21\\\/ammattiopisto-tavastian-opiskelijalla-koronatartunta\\\/#breadcrumb\"},\"inLanguage\":\"fi\",\"potentialAction\":[{\"@type\":\"ReadAction\",\"target\":[\"https:\\\/\\\/www.kktavastia.fi\\\/ammattiopisto\\\/2020\\\/11\\\/21\\\/ammattiopisto-tavastian-opiskelijalla-koronatartunta\\\/\"]}]},{\"@type\":\"ImageObject\",\"inLanguage\":\"fi\",\"@id\":\"https:\\\/\\\/www.kktavastia.fi\\\/ammattiopisto\\\/2020\\\/11\\\/21\\\/ammattiopisto-tavastian-opiskelijalla-koronatartunta\\\/#primaryimage\",\"url\":\"https:\\\/\\\/www.kktavastia.fi\\\/media\\\/sites\\\/2\\\/koronavirus.jpg\",\"contentUrl\":\"https:\\\/\\\/www.kktavastia.fi\\\/media\\\/sites\\\/2\\\/koronavirus.jpg\",\"width\":1024,\"height\":589,\"caption\":\"koronavirus\"},{\"@type\":\"BreadcrumbList\",\"@id\":\"https:\\\/\\\/www.kktavastia.fi\\\/ammattiopisto\\\/2020\\\/11\\\/21\\\/ammattiopisto-tavastian-opiskelijalla-koronatartunta\\\/#breadcrumb\",\"itemListElement\":[{\"@type\":\"ListItem\",\"position\":1,\"name\":\"Home\",\"item\":\"https:\\\/\\\/www.kktavastia.fi\\\/ammattiopisto\\\/\"},{\"@type\":\"ListItem\",\"position\":2,\"name\":\"Ammattiopisto Tavastian opiskelijalla koronatartunta\"}]},{\"@type\":\"WebSite\",\"@id\":\"https:\\\/\\\/www.kktavastia.fi\\\/ammattiopisto\\\/#website\",\"url\":\"https:\\\/\\\/www.kktavastia.fi\\\/ammattiopisto\\\/\",\"name\":\"Ammattiopisto Tavastia\",\"description\":\"\",\"potentialAction\":[{\"@type\":\"SearchAction\",\"target\":{\"@type\":\"EntryPoint\",\"urlTemplate\":\"https:\\\/\\\/www.kktavastia.fi\\\/ammattiopisto\\\/?s={search_term_string}\"},\"query-input\":{\"@type\":\"PropertyValueSpecification\",\"valueRequired\":true,\"valueName\":\"search_term_string\"}}],\"inLanguage\":\"fi\"},{\"@type\":\"Person\",\"@id\":\"https:\\\/\\\/www.kktavastia.fi\\\/ammattiopisto\\\/#\\\/schema\\\/person\\\/024aefaad0a17654b61e7deb02a467ab\",\"name\":\"jennimanninen\",\"image\":{\"@type\":\"ImageObject\",\"inLanguage\":\"fi\",\"@id\":\"https:\\\/\\\/secure.gravatar.com\\\/avatar\\\/5457e44008198bb53daa774600a7e8e4246bcac6a14afc3db6e5d007d9dc6f39?s=96&d=mm&r=g\",\"url\":\"https:\\\/\\\/secure.gravatar.com\\\/avatar\\\/5457e44008198bb53daa774600a7e8e4246bcac6a14afc3db6e5d007d9dc6f39?s=96&d=mm&r=g\",\"contentUrl\":\"https:\\\/\\\/secure.gravatar.com\\\/avatar\\\/5457e44008198bb53daa774600a7e8e4246bcac6a14afc3db6e5d007d9dc6f39?s=96&d=mm&r=g\",\"caption\":\"jennimanninen\"},\"url\":\"https:\\\/\\\/www.kktavastia.fi\\\/ammattiopisto\\\/author\\\/jennimanninen\\\/\"}]}<\/script>","yoast_head_json":{"title":"Ammattiopisto Tavastian opiskelijalla koronatartunta - Ammattiopisto Tavastia","robots":{"index":"index","follow":"follow","max-snippet":"max-snippet:-1","max-image-preview":"max-image-preview:large","max-video-preview":"max-video-preview:-1"},"canonical":"https:\/\/www.kktavastia.fi\/ammattiopisto\/2020\/11\/21\/ammattiopisto-tavastian-opiskelijalla-koronatartunta\/","og_locale":"fi_FI","og_type":"article","og_title":"Ammattiopisto Tavastian opiskelijalla koronatartunta - Ammattiopisto Tavastia","og_description":"Ammattiopisto Tavastian opiskelijalla on todettu COVID-19-tartunta. Tartunta on todettu lauantaina 21.11. valmistuneessa tutkimuksessa. Oireet henkil\u00f6ll\u00e4 ovat alkaneet tiistaina 17.11. Sairastunut [&hellip;]","og_url":"https:\/\/www.kktavastia.fi\/ammattiopisto\/2020\/11\/21\/ammattiopisto-tavastian-opiskelijalla-koronatartunta\/","og_site_name":"Ammattiopisto Tavastia","article_published_time":"2020-11-21T12:48:36+00:00","og_image":[{"width":1024,"height":589,"url":"https:\/\/www.kktavastia.fi\/media\/sites\/2\/koronavirus.jpg","type":"image\/jpeg"}],"author":"jennimanninen","twitter_card":"summary_large_image","schema":{"@context":"https:\/\/schema.org","@graph":[{"@type":"Article","@id":"https:\/\/www.kktavastia.fi\/ammattiopisto\/2020\/11\/21\/ammattiopisto-tavastian-opiskelijalla-koronatartunta\/#article","isPartOf":{"@id":"https:\/\/www.kktavastia.fi\/ammattiopisto\/2020\/11\/21\/ammattiopisto-tavastian-opiskelijalla-koronatartunta\/"},"author":{"name":"jennimanninen","@id":"https:\/\/www.kktavastia.fi\/ammattiopisto\/#\/schema\/person\/024aefaad0a17654b61e7deb02a467ab"},"headline":"Ammattiopisto Tavastian opiskelijalla koronatartunta","datePublished":"2020-11-21T12:48:36+00:00","mainEntityOfPage":{"@id":"https:\/\/www.kktavastia.fi\/ammattiopisto\/2020\/11\/21\/ammattiopisto-tavastian-opiskelijalla-koronatartunta\/"},"wordCount":134,"image":{"@id":"https:\/\/www.kktavastia.fi\/ammattiopisto\/2020\/11\/21\/ammattiopisto-tavastian-opiskelijalla-koronatartunta\/#primaryimage"},"thumbnailUrl":"https:\/\/www.kktavastia.fi\/media\/sites\/2\/koronavirus.jpg","inLanguage":"fi"},{"@type":"WebPage","@id":"https:\/\/www.kktavastia.fi\/ammattiopisto\/2020\/11\/21\/ammattiopisto-tavastian-opiskelijalla-koronatartunta\/","url":"https:\/\/www.kktavastia.fi\/ammattiopisto\/2020\/11\/21\/ammattiopisto-tavastian-opiskelijalla-koronatartunta\/","name":"Ammattiopisto Tavastian opiskelijalla koronatartunta - Ammattiopisto Tavastia","isPartOf":{"@id":"https:\/\/www.kktavastia.fi\/ammattiopisto\/#website"},"primaryImageOfPage":{"@id":"https:\/\/www.kktavastia.fi\/ammattiopisto\/2020\/11\/21\/ammattiopisto-tavastian-opiskelijalla-koronatartunta\/#primaryimage"},"image":{"@id":"https:\/\/www.kktavastia.fi\/ammattiopisto\/2020\/11\/21\/ammattiopisto-tavastian-opiskelijalla-koronatartunta\/#primaryimage"},"thumbnailUrl":"https:\/\/www.kktavastia.fi\/media\/sites\/2\/koronavirus.jpg","datePublished":"2020-11-21T12:48:36+00:00","author":{"@id":"https:\/\/www.kktavastia.fi\/ammattiopisto\/#\/schema\/person\/024aefaad0a17654b61e7deb02a467ab"},"breadcrumb":{"@id":"https:\/\/www.kktavastia.fi\/ammattiopisto\/2020\/11\/21\/ammattiopisto-tavastian-opiskelijalla-koronatartunta\/#breadcrumb"},"inLanguage":"fi","potentialAction":[{"@type":"ReadAction","target":["https:\/\/www.kktavastia.fi\/ammattiopisto\/2020\/11\/21\/ammattiopisto-tavastian-opiskelijalla-koronatartunta\/"]}]},{"@type":"ImageObject","inLanguage":"fi","@id":"https:\/\/www.kktavastia.fi\/ammattiopisto\/2020\/11\/21\/ammattiopisto-tavastian-opiskelijalla-koronatartunta\/#primaryimage","url":"https:\/\/www.kktavastia.fi\/media\/sites\/2\/koronavirus.jpg","contentUrl":"https:\/\/www.kktavastia.fi\/media\/sites\/2\/koronavirus.jpg","width":1024,"height":589,"caption":"koronavirus"},{"@type":"BreadcrumbList","@id":"https:\/\/www.kktavastia.fi\/ammattiopisto\/2020\/11\/21\/ammattiopisto-tavastian-opiskelijalla-koronatartunta\/#breadcrumb","itemListElement":[{"@type":"ListItem","position":1,"name":"Home","item":"https:\/\/www.kktavastia.fi\/ammattiopisto\/"},{"@type":"ListItem","position":2,"name":"Ammattiopisto Tavastian opiskelijalla koronatartunta"}]},{"@type":"WebSite","@id":"https:\/\/www.kktavastia.fi\/ammattiopisto\/#website","url":"https:\/\/www.kktavastia.fi\/ammattiopisto\/","name":"Ammattiopisto Tavastia","description":"","potentialAction":[{"@type":"SearchAction","target":{"@type":"EntryPoint","urlTemplate":"https:\/\/www.kktavastia.fi\/ammattiopisto\/?s={search_term_string}"},"query-input":{"@type":"PropertyValueSpecification","valueRequired":true,"valueName":"search_term_string"}}],"inLanguage":"fi"},{"@type":"Person","@id":"https:\/\/www.kktavastia.fi\/ammattiopisto\/#\/schema\/person\/024aefaad0a17654b61e7deb02a467ab","name":"jennimanninen","image":{"@type":"ImageObject","inLanguage":"fi","@id":"https:\/\/secure.gravatar.com\/avatar\/5457e44008198bb53daa774600a7e8e4246bcac6a14afc3db6e5d007d9dc6f39?s=96&d=mm&r=g","url":"https:\/\/secure.gravatar.com\/avatar\/5457e44008198bb53daa774600a7e8e4246bcac6a14afc3db6e5d007d9dc6f39?s=96&d=mm&r=g","contentUrl":"https:\/\/secure.gravatar.com\/avatar\/5457e44008198bb53daa774600a7e8e4246bcac6a14afc3db6e5d007d9dc6f39?s=96&d=mm&r=g","caption":"jennimanninen"},"url":"https:\/\/www.kktavastia.fi\/ammattiopisto\/author\/jennimanninen\/"}]}},"_links":{"self":[{"href":"https:\/\/www.kktavastia.fi\/ammattiopisto\/wp-json\/wp\/v2\/posts\/12559","targetHints":{"allow":["GET"]}}],"collection":[{"href":"https:\/\/www.kktavastia.fi\/ammattiopisto\/wp-json\/wp\/v2\/posts"}],"about":[{"href":"https:\/\/www.kktavastia.fi\/ammattiopisto\/wp-json\/wp\/v2\/types\/post"}],"author":[{"embeddable":true,"href":"https:\/\/www.kktavastia.fi\/ammattiopisto\/wp-json\/wp\/v2\/users\/3"}],"replies":[{"embeddable":true,"href":"https:\/\/www.kktavastia.fi\/ammattiopisto\/wp-json\/wp\/v2\/comments?post=12559"}],"version-history":[{"count":0,"href":"https:\/\/www.kktavastia.fi\/ammattiopisto\/wp-json\/wp\/v2\/posts\/12559\/revisions"}],"wp:featuredmedia":[{"embeddable":true,"href":"https:\/\/www.kktavastia.fi\/ammattiopisto\/wp-json\/wp\/v2\/media\/11240"}],"wp:attachment":[{"href":"https:\/\/www.kktavastia.fi\/ammattiopisto\/wp-json\/wp\/v2\/media?parent=12559"}],"wp:term":[{"taxonomy":"category","embeddable":true,"href":"https:\/\/www.kktavastia.fi\/ammattiopisto\/wp-json\/wp\/v2\/categories?post=12559"},{"taxonomy":"post_tag","embeddable":true,"href":"https:\/\/www.kktavastia.fi\/ammattiopisto\/wp-json\/wp\/v2\/tags?post=12559"}],"curies":[{"name":"wp","href":"https:\/\/api.w.org\/{rel}","templated":true}]}}