{"id":12431,"date":"2020-11-02T09:48:53","date_gmt":"2020-11-02T07:48:53","guid":{"rendered":"https:\/\/www.kktavastia.fi\/ammattiopisto-tavastia\/?p=12431"},"modified":"2020-11-02T09:48:53","modified_gmt":"2020-11-02T07:48:53","slug":"lahihoitajalla-riittaa-toita","status":"publish","type":"post","link":"https:\/\/www.kktavastia.fi\/ammattiopisto\/2020\/11\/02\/lahihoitajalla-riittaa-toita\/","title":{"rendered":"L\u00e4hihoitajalla riitt\u00e4\u00e4 t\u00f6it\u00e4"},"content":{"rendered":"<figure id=\"attachment_12432\" aria-describedby=\"caption-attachment-12432\" style=\"width: 242px\" class=\"wp-caption alignright\"><a href=\"https:\/\/www.kktavastia.fi\/media\/sites\/2\/img-20201020-wa0000.jpg\"><img loading=\"lazy\" decoding=\"async\" class=\"size-medium wp-image-12432\" src=\"https:\/\/www.kktavastia.fi\/media\/sites\/2\/img-20201020-wa0000-242x300.jpg\" alt=\"Iida Hakulinen\" width=\"242\" height=\"300\" srcset=\"https:\/\/www.kktavastia.fi\/media\/sites\/2\/img-20201020-wa0000-242x300.jpg 242w, https:\/\/www.kktavastia.fi\/media\/sites\/2\/img-20201020-wa0000-825x1024.jpg 825w, https:\/\/www.kktavastia.fi\/media\/sites\/2\/img-20201020-wa0000-768x954.jpg 768w, https:\/\/www.kktavastia.fi\/media\/sites\/2\/img-20201020-wa0000-16x20.jpg 16w, https:\/\/www.kktavastia.fi\/media\/sites\/2\/img-20201020-wa0000.jpg 828w\" sizes=\"auto, (max-width: 242px) 100vw, 242px\" \/><\/a><figcaption id=\"caption-attachment-12432\" class=\"wp-caption-text\">Iida Hakulinen opiskelee l\u00e4hihoitajaksi.<\/figcaption><\/figure>\n<p><strong>Iida Hakulinen<\/strong> opiskelee Ammattiopisto Tavastiassa kolmatta vuotta l\u00e4hihoitajaksi. Erinomaiset ty\u00f6llisyysn\u00e4kym\u00e4t ratkaisivat alavalinnan, vaikka kiinnostuksen kohteita oli muitakin.<\/p>\n<p>&#8211; Mietin viimeiseen asti mille alalle haluan. P\u00e4\u00e4tin aikanaan vasta yhteishaun viimeisen\u00e4 p\u00e4iv\u00e4n\u00e4 hakea sosiaali- ja terveysalalle. Hain kuitenkin opintojen jo alettua viel\u00e4 Riihim\u00e4elle kosmetologiksi ja p\u00e4\u00e4sin sinne, mutta halusin kuitenkin j\u00e4\u00e4d\u00e4 sotelle, koska minulle perusteltiin j\u00e4\u00e4minen hyvill\u00e4 ty\u00f6llistymismahdollisuuksilla, Hakulinen muistelee.<\/p>\n<p>Ensi vuoden maaliskuussa valmistuva Hakulinen on nyt tyytyv\u00e4inen valintaansa.<\/p>\n<p>&#8211; T\u00f6it\u00e4 on paljon ja opiskeltavat asiat ovat mielenkiintoisia, ainakin sahun (sairaanhoito ja huolenpito) osaamisalalla. Keikkat\u00f6it\u00e4 tehdess\u00e4 saa my\u00f6s itse p\u00e4\u00e4tt\u00e4\u00e4, minne menee t\u00f6ihin, h\u00e4n sanoo.<\/p>\n<p><strong>Oppisopimuksella opintoja eteenp\u00e4in<\/strong><\/p>\n<p>Iida Hakulinen on hy\u00f6dynt\u00e4nyt opinnoissaan my\u00f6s oppisopimuksella opiskelua ja suorittanut yhden tutkinnon osan vanhusten palvelukodissa.<\/p>\n<p>&#8211; Suoritin viiden viikon kotihoidon opintojakson oppisopimuksella, ja oppisopimuksen j\u00e4lkeen jatkoin kes\u00e4t\u00f6it\u00e4 samassa paikassa. Nyt teen sinne keikkat\u00f6it\u00e4 aina silloin t\u00e4ll\u00f6in, Hakulinen valottaa.<\/p>\n<p>Hakulisen mukaan oppisopimus on eritt\u00e4in kannattava muoto suorittaa opintoja.<\/p>\n<p>&#8211; Samasta ty\u00f6st\u00e4 mit\u00e4 tekee koulutussopimuksella, saa oppisopimuksessa palkkaa. Saa my\u00f6s tehd\u00e4 paljon vapaammin t\u00f6it\u00e4, vaikka onkin oma ohjaaja, jonka vastuulla opiskelija on oppisopimusajan, h\u00e4n toteaa.<\/p>\n<p>Kotihoidon lis\u00e4ksi Hakulinen on ollut TJK-jaksoilla (ty\u00f6paikalla j\u00e4rjestett\u00e4v\u00e4 koulutus) p\u00e4iv\u00e4kodissa ja vanhusten palvelukodissa sek\u00e4 kes\u00e4t\u00f6iss\u00e4 vammaisten palveluyksik\u00f6ss\u00e4. Seuraavaksi h\u00e4n menee harjoitteluun Kanta-H\u00e4meen keskussairaalaan. Sairaala siint\u00e4\u00e4 my\u00f6s tulevaisuuden ty\u00f6llistymishaaveissa.<\/p>\n<p>&#8211; Haluaisin ty\u00f6llisty\u00e4 sairaalaan tai kouluttautua ensihoitajaksi, Hakulinen kaavailee ja kertoo aikovansa jatkaa opiskeluja armeijan j\u00e4lkeen. Intti odottaa hein\u00e4kuussa 2021.<\/p>\n<p><strong>K\u00e4yt\u00e4nn\u00f6n harjoitukset parhaita<\/strong><\/p>\n<p>Hakulisen mielest\u00e4 kiinnostavinta l\u00e4hihoitajan opinnoissa ovat olleet k\u00e4yt\u00e4nn\u00f6n harjoitukset.<\/p>\n<p>&#8211; Labratunnit on parhaita, koska siell\u00e4 saa itse konkreettisesti harjoitella asioita, esimerkiksi pist\u00e4mist\u00e4, h\u00e4n arvioi.<\/p>\n<p>Aktiivinen opiskelija on ehtinyt osallistua my\u00f6s muuhun koulun toimintaan.<\/p>\n<p>&#8211; Olin mukana SAKUstars-tanssiryhm\u00e4ss\u00e4, mutta koska korona, emme p\u00e4\u00e4sseet ikin\u00e4 kisoihin, Hakulinen harmittelee.<\/p>\n<p>Korona on my\u00f6s aiheuttanut opintojen tylsimm\u00e4n ja vaikeimman osuuden.<\/p>\n<p>&#8211; Et\u00e4opiskelu on ik\u00e4v\u00e4\u00e4, Hakulinen tiivist\u00e4\u00e4.<\/p>\n<p>Tuleva l\u00e4hihoitaja voikin lohduttautua sill\u00e4, ett\u00e4 valmistumisen j\u00e4lkeen p\u00e4\u00e4see ty\u00f6skentelem\u00e4\u00e4n ihmisten pariin.<\/p>\n<p>&nbsp;<\/p>\n<p><em>Hae opiskelemaan l\u00e4hihoitajaksi Ammattiopisto Tavastiaan! Lue lis\u00e4\u00e4 <a href=\"https:\/\/www.kktavastia.fi\/ammattiopisto-tavastia\/perustutkinnot\/lahihoitaja\/\">t\u00e4\u00e4lt\u00e4<\/a>.<br \/>\n<\/em><em>Voit hakea my\u00f6s oppisopimuskoulutukseen, jos sinulla on sovittuna oppisopimusty\u00f6paikka.<\/em><\/p>\n","protected":false},"excerpt":{"rendered":"<p>Iida Hakulinen opiskelee Ammattiopisto Tavastiassa kolmatta vuotta l\u00e4hihoitajaksi. Erinomaiset ty\u00f6llisyysn\u00e4kym\u00e4t ratkaisivat alavalinnan, vaikka kiinnostuksen kohteita oli muitakin. &#8211; Mietin viimeiseen [&hellip;]<\/p>\n","protected":false},"author":6,"featured_media":12432,"comment_status":"closed","ping_status":"closed","sticky":false,"template":"","format":"standard","meta":{"_acf_changed":false,"_relevanssi_hide_post":"","_relevanssi_hide_content":"","_relevanssi_pin_for_all":"","_relevanssi_pin_keywords":"","_relevanssi_unpin_keywords":"","_relevanssi_related_keywords":"","_relevanssi_related_include_ids":"","_relevanssi_related_exclude_ids":"","_relevanssi_related_no_append":"","_relevanssi_related_not_related":"","_relevanssi_related_posts":"","_relevanssi_noindex_reason":"","footnotes":""},"categories":[1],"tags":[],"class_list":["post-12431","post","type-post","status-publish","format-standard","has-post-thumbnail","hentry","category-yleinen"],"acf":[],"yoast_head":"<title>L\u00e4hihoitajalla riitt\u00e4\u00e4 t\u00f6it\u00e4 - Ammattiopisto Tavastia<\/title>\n<meta name=\"robots\" content=\"index, follow, max-snippet:-1, max-image-preview:large, max-video-preview:-1\" \/>\n<link rel=\"canonical\" href=\"https:\/\/www.kktavastia.fi\/ammattiopisto\/2020\/11\/02\/lahihoitajalla-riittaa-toita\/\" \/>\n<meta property=\"og:locale\" content=\"fi_FI\" \/>\n<meta property=\"og:type\" content=\"article\" \/>\n<meta property=\"og:title\" content=\"L\u00e4hihoitajalla riitt\u00e4\u00e4 t\u00f6it\u00e4 - Ammattiopisto Tavastia\" \/>\n<meta property=\"og:description\" content=\"Iida Hakulinen opiskelee Ammattiopisto Tavastiassa kolmatta vuotta l\u00e4hihoitajaksi. Erinomaiset ty\u00f6llisyysn\u00e4kym\u00e4t ratkaisivat alavalinnan, vaikka kiinnostuksen kohteita oli muitakin. &#8211; Mietin viimeiseen [&hellip;]\" \/>\n<meta property=\"og:url\" content=\"https:\/\/www.kktavastia.fi\/ammattiopisto\/2020\/11\/02\/lahihoitajalla-riittaa-toita\/\" \/>\n<meta property=\"og:site_name\" content=\"Ammattiopisto Tavastia\" \/>\n<meta property=\"article:published_time\" content=\"2020-11-02T07:48:53+00:00\" \/>\n<meta property=\"og:image\" content=\"https:\/\/www.kktavastia.fi\/media\/sites\/2\/img-20201020-wa0000.jpg\" \/>\n\t<meta property=\"og:image:width\" content=\"828\" \/>\n\t<meta property=\"og:image:height\" content=\"1028\" \/>\n\t<meta property=\"og:image:type\" content=\"image\/jpeg\" \/>\n<meta name=\"author\" content=\"saraseppala\" \/>\n<meta name=\"twitter:card\" content=\"summary_large_image\" \/>\n<script type=\"application\/ld+json\" class=\"yoast-schema-graph\">{\"@context\":\"https:\\\/\\\/schema.org\",\"@graph\":[{\"@type\":\"Article\",\"@id\":\"https:\\\/\\\/www.kktavastia.fi\\\/ammattiopisto\\\/2020\\\/11\\\/02\\\/lahihoitajalla-riittaa-toita\\\/#article\",\"isPartOf\":{\"@id\":\"https:\\\/\\\/www.kktavastia.fi\\\/ammattiopisto\\\/2020\\\/11\\\/02\\\/lahihoitajalla-riittaa-toita\\\/\"},\"author\":{\"name\":\"saraseppala\",\"@id\":\"https:\\\/\\\/www.kktavastia.fi\\\/ammattiopisto\\\/#\\\/schema\\\/person\\\/817cce3016d2f14b9a7ed273534dcf4d\"},\"headline\":\"L\u00e4hihoitajalla riitt\u00e4\u00e4 t\u00f6it\u00e4\",\"datePublished\":\"2020-11-02T07:48:53+00:00\",\"mainEntityOfPage\":{\"@id\":\"https:\\\/\\\/www.kktavastia.fi\\\/ammattiopisto\\\/2020\\\/11\\\/02\\\/lahihoitajalla-riittaa-toita\\\/\"},\"wordCount\":402,\"image\":{\"@id\":\"https:\\\/\\\/www.kktavastia.fi\\\/ammattiopisto\\\/2020\\\/11\\\/02\\\/lahihoitajalla-riittaa-toita\\\/#primaryimage\"},\"thumbnailUrl\":\"https:\\\/\\\/www.kktavastia.fi\\\/media\\\/sites\\\/2\\\/img-20201020-wa0000.jpg\",\"inLanguage\":\"fi\"},{\"@type\":\"WebPage\",\"@id\":\"https:\\\/\\\/www.kktavastia.fi\\\/ammattiopisto\\\/2020\\\/11\\\/02\\\/lahihoitajalla-riittaa-toita\\\/\",\"url\":\"https:\\\/\\\/www.kktavastia.fi\\\/ammattiopisto\\\/2020\\\/11\\\/02\\\/lahihoitajalla-riittaa-toita\\\/\",\"name\":\"L\u00e4hihoitajalla riitt\u00e4\u00e4 t\u00f6it\u00e4 - Ammattiopisto Tavastia\",\"isPartOf\":{\"@id\":\"https:\\\/\\\/www.kktavastia.fi\\\/ammattiopisto\\\/#website\"},\"primaryImageOfPage\":{\"@id\":\"https:\\\/\\\/www.kktavastia.fi\\\/ammattiopisto\\\/2020\\\/11\\\/02\\\/lahihoitajalla-riittaa-toita\\\/#primaryimage\"},\"image\":{\"@id\":\"https:\\\/\\\/www.kktavastia.fi\\\/ammattiopisto\\\/2020\\\/11\\\/02\\\/lahihoitajalla-riittaa-toita\\\/#primaryimage\"},\"thumbnailUrl\":\"https:\\\/\\\/www.kktavastia.fi\\\/media\\\/sites\\\/2\\\/img-20201020-wa0000.jpg\",\"datePublished\":\"2020-11-02T07:48:53+00:00\",\"author\":{\"@id\":\"https:\\\/\\\/www.kktavastia.fi\\\/ammattiopisto\\\/#\\\/schema\\\/person\\\/817cce3016d2f14b9a7ed273534dcf4d\"},\"breadcrumb\":{\"@id\":\"https:\\\/\\\/www.kktavastia.fi\\\/ammattiopisto\\\/2020\\\/11\\\/02\\\/lahihoitajalla-riittaa-toita\\\/#breadcrumb\"},\"inLanguage\":\"fi\",\"potentialAction\":[{\"@type\":\"ReadAction\",\"target\":[\"https:\\\/\\\/www.kktavastia.fi\\\/ammattiopisto\\\/2020\\\/11\\\/02\\\/lahihoitajalla-riittaa-toita\\\/\"]}]},{\"@type\":\"ImageObject\",\"inLanguage\":\"fi\",\"@id\":\"https:\\\/\\\/www.kktavastia.fi\\\/ammattiopisto\\\/2020\\\/11\\\/02\\\/lahihoitajalla-riittaa-toita\\\/#primaryimage\",\"url\":\"https:\\\/\\\/www.kktavastia.fi\\\/media\\\/sites\\\/2\\\/img-20201020-wa0000.jpg\",\"contentUrl\":\"https:\\\/\\\/www.kktavastia.fi\\\/media\\\/sites\\\/2\\\/img-20201020-wa0000.jpg\",\"width\":828,\"height\":1028,\"caption\":\"Iida Hakulinen opiskelee l\u00e4hihoitajaksi.\"},{\"@type\":\"BreadcrumbList\",\"@id\":\"https:\\\/\\\/www.kktavastia.fi\\\/ammattiopisto\\\/2020\\\/11\\\/02\\\/lahihoitajalla-riittaa-toita\\\/#breadcrumb\",\"itemListElement\":[{\"@type\":\"ListItem\",\"position\":1,\"name\":\"Home\",\"item\":\"https:\\\/\\\/www.kktavastia.fi\\\/ammattiopisto\\\/\"},{\"@type\":\"ListItem\",\"position\":2,\"name\":\"L\u00e4hihoitajalla riitt\u00e4\u00e4 t\u00f6it\u00e4\"}]},{\"@type\":\"WebSite\",\"@id\":\"https:\\\/\\\/www.kktavastia.fi\\\/ammattiopisto\\\/#website\",\"url\":\"https:\\\/\\\/www.kktavastia.fi\\\/ammattiopisto\\\/\",\"name\":\"Ammattiopisto Tavastia\",\"description\":\"\",\"potentialAction\":[{\"@type\":\"SearchAction\",\"target\":{\"@type\":\"EntryPoint\",\"urlTemplate\":\"https:\\\/\\\/www.kktavastia.fi\\\/ammattiopisto\\\/?s={search_term_string}\"},\"query-input\":{\"@type\":\"PropertyValueSpecification\",\"valueRequired\":true,\"valueName\":\"search_term_string\"}}],\"inLanguage\":\"fi\"},{\"@type\":\"Person\",\"@id\":\"https:\\\/\\\/www.kktavastia.fi\\\/ammattiopisto\\\/#\\\/schema\\\/person\\\/817cce3016d2f14b9a7ed273534dcf4d\",\"name\":\"saraseppala\",\"image\":{\"@type\":\"ImageObject\",\"inLanguage\":\"fi\",\"@id\":\"https:\\\/\\\/secure.gravatar.com\\\/avatar\\\/478c9f0d13d5df0e5e3d2ec80a1d93afb10baa5bf0f981b9874b9ad1ff76cafc?s=96&d=mm&r=g\",\"url\":\"https:\\\/\\\/secure.gravatar.com\\\/avatar\\\/478c9f0d13d5df0e5e3d2ec80a1d93afb10baa5bf0f981b9874b9ad1ff76cafc?s=96&d=mm&r=g\",\"contentUrl\":\"https:\\\/\\\/secure.gravatar.com\\\/avatar\\\/478c9f0d13d5df0e5e3d2ec80a1d93afb10baa5bf0f981b9874b9ad1ff76cafc?s=96&d=mm&r=g\",\"caption\":\"saraseppala\"},\"url\":\"https:\\\/\\\/www.kktavastia.fi\\\/ammattiopisto\\\/author\\\/saraseppala\\\/\"}]}<\/script>","yoast_head_json":{"title":"L\u00e4hihoitajalla riitt\u00e4\u00e4 t\u00f6it\u00e4 - Ammattiopisto Tavastia","robots":{"index":"index","follow":"follow","max-snippet":"max-snippet:-1","max-image-preview":"max-image-preview:large","max-video-preview":"max-video-preview:-1"},"canonical":"https:\/\/www.kktavastia.fi\/ammattiopisto\/2020\/11\/02\/lahihoitajalla-riittaa-toita\/","og_locale":"fi_FI","og_type":"article","og_title":"L\u00e4hihoitajalla riitt\u00e4\u00e4 t\u00f6it\u00e4 - Ammattiopisto Tavastia","og_description":"Iida Hakulinen opiskelee Ammattiopisto Tavastiassa kolmatta vuotta l\u00e4hihoitajaksi. Erinomaiset ty\u00f6llisyysn\u00e4kym\u00e4t ratkaisivat alavalinnan, vaikka kiinnostuksen kohteita oli muitakin. &#8211; Mietin viimeiseen [&hellip;]","og_url":"https:\/\/www.kktavastia.fi\/ammattiopisto\/2020\/11\/02\/lahihoitajalla-riittaa-toita\/","og_site_name":"Ammattiopisto Tavastia","article_published_time":"2020-11-02T07:48:53+00:00","og_image":[{"width":828,"height":1028,"url":"https:\/\/www.kktavastia.fi\/media\/sites\/2\/img-20201020-wa0000.jpg","type":"image\/jpeg"}],"author":"saraseppala","twitter_card":"summary_large_image","schema":{"@context":"https:\/\/schema.org","@graph":[{"@type":"Article","@id":"https:\/\/www.kktavastia.fi\/ammattiopisto\/2020\/11\/02\/lahihoitajalla-riittaa-toita\/#article","isPartOf":{"@id":"https:\/\/www.kktavastia.fi\/ammattiopisto\/2020\/11\/02\/lahihoitajalla-riittaa-toita\/"},"author":{"name":"saraseppala","@id":"https:\/\/www.kktavastia.fi\/ammattiopisto\/#\/schema\/person\/817cce3016d2f14b9a7ed273534dcf4d"},"headline":"L\u00e4hihoitajalla riitt\u00e4\u00e4 t\u00f6it\u00e4","datePublished":"2020-11-02T07:48:53+00:00","mainEntityOfPage":{"@id":"https:\/\/www.kktavastia.fi\/ammattiopisto\/2020\/11\/02\/lahihoitajalla-riittaa-toita\/"},"wordCount":402,"image":{"@id":"https:\/\/www.kktavastia.fi\/ammattiopisto\/2020\/11\/02\/lahihoitajalla-riittaa-toita\/#primaryimage"},"thumbnailUrl":"https:\/\/www.kktavastia.fi\/media\/sites\/2\/img-20201020-wa0000.jpg","inLanguage":"fi"},{"@type":"WebPage","@id":"https:\/\/www.kktavastia.fi\/ammattiopisto\/2020\/11\/02\/lahihoitajalla-riittaa-toita\/","url":"https:\/\/www.kktavastia.fi\/ammattiopisto\/2020\/11\/02\/lahihoitajalla-riittaa-toita\/","name":"L\u00e4hihoitajalla riitt\u00e4\u00e4 t\u00f6it\u00e4 - Ammattiopisto Tavastia","isPartOf":{"@id":"https:\/\/www.kktavastia.fi\/ammattiopisto\/#website"},"primaryImageOfPage":{"@id":"https:\/\/www.kktavastia.fi\/ammattiopisto\/2020\/11\/02\/lahihoitajalla-riittaa-toita\/#primaryimage"},"image":{"@id":"https:\/\/www.kktavastia.fi\/ammattiopisto\/2020\/11\/02\/lahihoitajalla-riittaa-toita\/#primaryimage"},"thumbnailUrl":"https:\/\/www.kktavastia.fi\/media\/sites\/2\/img-20201020-wa0000.jpg","datePublished":"2020-11-02T07:48:53+00:00","author":{"@id":"https:\/\/www.kktavastia.fi\/ammattiopisto\/#\/schema\/person\/817cce3016d2f14b9a7ed273534dcf4d"},"breadcrumb":{"@id":"https:\/\/www.kktavastia.fi\/ammattiopisto\/2020\/11\/02\/lahihoitajalla-riittaa-toita\/#breadcrumb"},"inLanguage":"fi","potentialAction":[{"@type":"ReadAction","target":["https:\/\/www.kktavastia.fi\/ammattiopisto\/2020\/11\/02\/lahihoitajalla-riittaa-toita\/"]}]},{"@type":"ImageObject","inLanguage":"fi","@id":"https:\/\/www.kktavastia.fi\/ammattiopisto\/2020\/11\/02\/lahihoitajalla-riittaa-toita\/#primaryimage","url":"https:\/\/www.kktavastia.fi\/media\/sites\/2\/img-20201020-wa0000.jpg","contentUrl":"https:\/\/www.kktavastia.fi\/media\/sites\/2\/img-20201020-wa0000.jpg","width":828,"height":1028,"caption":"Iida Hakulinen opiskelee l\u00e4hihoitajaksi."},{"@type":"BreadcrumbList","@id":"https:\/\/www.kktavastia.fi\/ammattiopisto\/2020\/11\/02\/lahihoitajalla-riittaa-toita\/#breadcrumb","itemListElement":[{"@type":"ListItem","position":1,"name":"Home","item":"https:\/\/www.kktavastia.fi\/ammattiopisto\/"},{"@type":"ListItem","position":2,"name":"L\u00e4hihoitajalla riitt\u00e4\u00e4 t\u00f6it\u00e4"}]},{"@type":"WebSite","@id":"https:\/\/www.kktavastia.fi\/ammattiopisto\/#website","url":"https:\/\/www.kktavastia.fi\/ammattiopisto\/","name":"Ammattiopisto Tavastia","description":"","potentialAction":[{"@type":"SearchAction","target":{"@type":"EntryPoint","urlTemplate":"https:\/\/www.kktavastia.fi\/ammattiopisto\/?s={search_term_string}"},"query-input":{"@type":"PropertyValueSpecification","valueRequired":true,"valueName":"search_term_string"}}],"inLanguage":"fi"},{"@type":"Person","@id":"https:\/\/www.kktavastia.fi\/ammattiopisto\/#\/schema\/person\/817cce3016d2f14b9a7ed273534dcf4d","name":"saraseppala","image":{"@type":"ImageObject","inLanguage":"fi","@id":"https:\/\/secure.gravatar.com\/avatar\/478c9f0d13d5df0e5e3d2ec80a1d93afb10baa5bf0f981b9874b9ad1ff76cafc?s=96&d=mm&r=g","url":"https:\/\/secure.gravatar.com\/avatar\/478c9f0d13d5df0e5e3d2ec80a1d93afb10baa5bf0f981b9874b9ad1ff76cafc?s=96&d=mm&r=g","contentUrl":"https:\/\/secure.gravatar.com\/avatar\/478c9f0d13d5df0e5e3d2ec80a1d93afb10baa5bf0f981b9874b9ad1ff76cafc?s=96&d=mm&r=g","caption":"saraseppala"},"url":"https:\/\/www.kktavastia.fi\/ammattiopisto\/author\/saraseppala\/"}]}},"_links":{"self":[{"href":"https:\/\/www.kktavastia.fi\/ammattiopisto\/wp-json\/wp\/v2\/posts\/12431","targetHints":{"allow":["GET"]}}],"collection":[{"href":"https:\/\/www.kktavastia.fi\/ammattiopisto\/wp-json\/wp\/v2\/posts"}],"about":[{"href":"https:\/\/www.kktavastia.fi\/ammattiopisto\/wp-json\/wp\/v2\/types\/post"}],"author":[{"embeddable":true,"href":"https:\/\/www.kktavastia.fi\/ammattiopisto\/wp-json\/wp\/v2\/users\/6"}],"replies":[{"embeddable":true,"href":"https:\/\/www.kktavastia.fi\/ammattiopisto\/wp-json\/wp\/v2\/comments?post=12431"}],"version-history":[{"count":0,"href":"https:\/\/www.kktavastia.fi\/ammattiopisto\/wp-json\/wp\/v2\/posts\/12431\/revisions"}],"wp:featuredmedia":[{"embeddable":true,"href":"https:\/\/www.kktavastia.fi\/ammattiopisto\/wp-json\/wp\/v2\/media\/12432"}],"wp:attachment":[{"href":"https:\/\/www.kktavastia.fi\/ammattiopisto\/wp-json\/wp\/v2\/media?parent=12431"}],"wp:term":[{"taxonomy":"category","embeddable":true,"href":"https:\/\/www.kktavastia.fi\/ammattiopisto\/wp-json\/wp\/v2\/categories?post=12431"},{"taxonomy":"post_tag","embeddable":true,"href":"https:\/\/www.kktavastia.fi\/ammattiopisto\/wp-json\/wp\/v2\/tags?post=12431"}],"curies":[{"name":"wp","href":"https:\/\/api.w.org\/{rel}","templated":true}]}}