{"id":10129,"date":"2019-11-04T11:03:53","date_gmt":"2019-11-04T09:03:53","guid":{"rendered":"https:\/\/www.kktavastia.fi\/ammattiopisto-tavastia\/?p=10129"},"modified":"2019-11-04T11:03:53","modified_gmt":"2019-11-04T09:03:53","slug":"tyovoimakoulutuksen-kautta-haalarit-niskaan-ja-hommiin","status":"publish","type":"post","link":"https:\/\/www.kktavastia.fi\/ammattiopisto\/2019\/11\/04\/tyovoimakoulutuksen-kautta-haalarit-niskaan-ja-hommiin\/","title":{"rendered":"Ty\u00f6voimakoulutuksen kautta haalarit niskaan ja hommiin"},"content":{"rendered":"<div id='gallery-1' class='gallery galleryid-10129 gallery-columns-3 gallery-size-thumbnail'><figure class='gallery-item'>\n\t\t\t<div class='gallery-icon landscape'>\n\t\t\t\t<a href='https:\/\/www.kktavastia.fi\/ammattiopisto\/2019\/11\/04\/tyovoimakoulutuksen-kautta-haalarit-niskaan-ja-hommiin\/kuva1_img_7325\/'><img loading=\"lazy\" decoding=\"async\" width=\"150\" height=\"150\" src=\"https:\/\/www.kktavastia.fi\/media\/sites\/2\/kuva1_img_7325-150x150.jpg\" class=\"attachment-thumbnail size-thumbnail\" alt=\"\" aria-describedby=\"gallery-1-10130\" \/><\/a>\n\t\t\t<\/div>\n\t\t\t\t<figcaption class='wp-caption-text gallery-caption' id='gallery-1-10130'>\n\t\t\t\tTero Jalava vaihtoi lastensuojeluty\u00f6n hitsaushommiin.\n\t\t\t\t<\/figcaption><\/figure><figure class='gallery-item'>\n\t\t\t<div class='gallery-icon landscape'>\n\t\t\t\t<a href='https:\/\/www.kktavastia.fi\/ammattiopisto\/2019\/11\/04\/tyovoimakoulutuksen-kautta-haalarit-niskaan-ja-hommiin\/kuva2_img_7334\/'><img loading=\"lazy\" decoding=\"async\" width=\"150\" height=\"150\" src=\"https:\/\/www.kktavastia.fi\/media\/sites\/2\/kuva2_img_7334-150x150.jpg\" class=\"attachment-thumbnail size-thumbnail\" alt=\"\" aria-describedby=\"gallery-1-10131\" \/><\/a>\n\t\t\t<\/div>\n\t\t\t\t<figcaption class='wp-caption-text gallery-caption' id='gallery-1-10131'>\n\t\t\t\tJTR-Rakennus Oy:n ty\u00f6p\u00e4\u00e4llikk\u00f6 Samuli S\u00f6derman (vas.) ja Tero Jalava suunnittelemassa p\u00e4iv\u00e4n ty\u00f6teht\u00e4vi\u00e4.\n\t\t\t\t<\/figcaption><\/figure><figure class='gallery-item'>\n\t\t\t<div class='gallery-icon landscape'>\n\t\t\t\t<a href='https:\/\/www.kktavastia.fi\/ammattiopisto\/2019\/11\/04\/tyovoimakoulutuksen-kautta-haalarit-niskaan-ja-hommiin\/kuva3_img_7348\/'><img loading=\"lazy\" decoding=\"async\" width=\"150\" height=\"150\" src=\"https:\/\/www.kktavastia.fi\/media\/sites\/2\/kuva3_img_7348-150x150.jpg\" class=\"attachment-thumbnail size-thumbnail\" alt=\"\" aria-describedby=\"gallery-1-10132\" \/><\/a>\n\t\t\t<\/div>\n\t\t\t\t<figcaption class='wp-caption-text gallery-caption' id='gallery-1-10132'>\n\t\t\t\tSamuli S\u00f6derman kaipaa rakennus- ja metallialalle motivoituneita ty\u00f6ntekij\u00f6it\u00e4. Tero Jalavasta yritys sai juuri sellaisen.\n\t\t\t\t<\/figcaption><\/figure>\n\t\t<\/div>\n\n<p><strong>Tero Jalava<\/strong>, 45, on tyytyv\u00e4inen mies. H\u00e4n ty\u00f6skentelee JTR-Rakennus Oy:lla hitsarina ja kuvailee ty\u00f6t\u00e4\u00e4n monipuoliseksi ja innostavaksi. JTR-Rakennus Oy on rakennusliike, jonka toimintaa tukemassa on ollut jo l\u00e4hes kymmenen vuotta my\u00f6s konepaja. Jalava n\u00e4keekin ty\u00f6ss\u00e4\u00e4n raudan koko elinkaaren.<\/p>\n<p>&#8211; Kun ty\u00f6st\u00e4\u00e4 raudasta hitsaamalla jotakin, n\u00e4kee valmiin tuotteen ja lis\u00e4ksi p\u00e4\u00e4see my\u00f6s asentamaan sen ty\u00f6maalla paikalleen, niin tuntuuhan se hienolta, Jalava kuvailee.<\/p>\n<p>&#8211; Koko ajan oppii uutta ja ty\u00f6skennelless\u00e4 t\u00e4ytyy olla tarkkana, ettei itse vaikeuta tuotteen asennusta.<\/p>\n<p><strong>T\u00e4ysk\u00e4\u00e4nn\u00f6s ty\u00f6el\u00e4m\u00e4ss\u00e4<\/strong><\/p>\n<p>Tero Jalava on ty\u00f6skennellyt hitsaajana nyt reilut puoli vuotta. Levysepp\u00e4hitsaajaksi h\u00e4n valmistui toukokuun lopulla Ammattiopisto Tavastiasta k\u00e4yty\u00e4\u00e4n ty\u00f6voimakoulutuksen ja p\u00e4\u00e4si saman tien t\u00f6ihin JTR-Rakennukselle. Ennen hitsausuraa Jalava ty\u00f6skenteli parikymment\u00e4 vuotta lastensuojelussa ja perhety\u00f6ntekij\u00e4n\u00e4. Aiemmalta koulutukseltaan h\u00e4n on l\u00e4hihoitaja ja rakennusmaalari.<\/p>\n<p>&#8211; Lastensuojeluty\u00f6ss\u00e4 tuli tunne, ett\u00e4 takki on tyhj\u00e4, ja kaipasin muutosta. Suunnittelin, ett\u00e4 haluaisin kouluttautua joko s\u00e4hk\u00f6- tai hitsausalalle. En heti l\u00f6yt\u00e4nyt TE-toimiston kautta sopivaa koulutusta, joten k\u00e4velin helmikuussa 2018 Ammattiopisto Tavastiaan opinto-ohjaajan luo ja sanoin, ett\u00e4 haluan opiskelemaan, kertoo Tero Jalava.<\/p>\n<p>Ty\u00f6voimakoulutuksen hyv\u00e4 puoli on, ett\u00e4 sit\u00e4 voidaan r\u00e4\u00e4t\u00e4l\u00f6id\u00e4 sek\u00e4 ty\u00f6nhakijan ett\u00e4 ty\u00f6nantajien tarpeisiin. Jalavalle koulutuspaikka j\u00e4rjestyikin vauhdilla muutamassa p\u00e4iv\u00e4ss\u00e4.<\/p>\n<p>Ty\u00f6voimakoulutus koostuu yleens\u00e4 kouluttajan j\u00e4rjest\u00e4m\u00e4st\u00e4 l\u00e4hiopetuksesta sek\u00e4 ty\u00f6ss\u00e4oppimisjaksoista. Koulussa opettaja huomasi nopeasti Jalavan potentiaalin ja otti viime talvena yhteytt\u00e4 JTR-Rakennuksen ty\u00f6p\u00e4\u00e4llikk\u00f6 <strong>Samuli S\u00f6dermaniin<\/strong>.<\/p>\n<p>Koska Jalavalla oli viel\u00e4 suorittamatta joitakin pakollisia verkkokursseja, JTR-Rakennus teki h\u00e4nen kanssaan oppisopimuksen. Sen j\u00e4lkeen hyvin pian todettiin, ett\u00e4 haalarit niskaan ja hommiin. Huhtikuussa 2019 Jalava solmi vakituisen ty\u00f6sopimuksen JTR-Rakennuksen kanssa.<\/p>\n<p>Samuli S\u00f6derman on tyytyv\u00e4inen uuteen ty\u00f6ntekij\u00e4\u00e4ns\u00e4.<\/p>\n<p>&#8211; Teron kanssa yhteisty\u00f6 on sujunut hienosti ja avoimesti. T\u00e4ll\u00e4 alalla on jatkuva pula hyvist\u00e4 ja motivoituneista ty\u00f6ntekij\u00f6ist\u00e4 ja heit\u00e4 tarvitaan nyt ja jatkossa. Kaikki l\u00e4htee mielest\u00e4ni ihmisen omasta halusta oppia, ammatillista osaamista ja ammattitaitoa voi aina t\u00e4ydent\u00e4\u00e4, S\u00f6derman sanoo.<\/p>\n<p>Ty\u00f6voimakoulutuksen tavoitteena on parantaa osallistujien mahdollisuuksia ty\u00f6llisty\u00e4 avoimille ty\u00f6markkinoille ja turvata alueen ty\u00f6nantajille osaavan ty\u00f6voiman saatavuus.<\/p>\n<p>Tero Jalava kiittelee ty\u00f6paikkansa hyv\u00e4\u00e4 henke\u00e4 ja kulttuuria, joka on auttanut paljon hitsausuran alkutaipaleella.<\/p>\n<p>&#8211; Ty\u00f6kaverit neuvovat tarvittaessa ja antavat vinkkej\u00e4, ett\u00e4 jokin asia kannattaa tehd\u00e4 ehk\u00e4 toisin. Nyt jos ajattelee, niin kouluaikana olisi ehk\u00e4 kannattanut kokeilla ja k\u00e4ytt\u00e4\u00e4 viel\u00e4 monipuolisemmin eri laitteita.<\/p>\n<p>Ty\u00f6voimakoulutus on oiva v\u00e4yl\u00e4 ty\u00f6llisty\u00e4 alaa vaihtaessa tai vaikka pidemm\u00e4n ty\u00f6tt\u00f6myysjaksonkin j\u00e4lkeen. Jalava painottaa ty\u00f6n merkityst\u00e4 ihmisen el\u00e4m\u00e4ss\u00e4.<\/p>\n<p>&#8211; Ty\u00f6 tuo el\u00e4m\u00e4\u00e4n rytmin ja varmuuden. T\u00e4rke\u00e4\u00e4 on rohkeus kokea ja oppia uutta, vaihtoehtoja on olemassa paljon, jos vain haluaa.<\/p>\n<p>Ty\u00f6voimakoulutuksen positiivisena puolena Jalava n\u00e4kee ehdottomasti harjoittelujaksot, joissa p\u00e4\u00e4see tutustumaan erilaisiin ty\u00f6paikkoihin ja niiden kulttuureihin. Ty\u00f6ss\u00e4oppimisen avulla opiskelija saakin arvokasta kokemusta ja h\u00e4nell\u00e4 on hyv\u00e4t mahdollisuudet ty\u00f6llisty\u00e4 suoraan yritykseen.<\/p>\n<p><strong>Kiinnostaako ty\u00f6voimakoulutus?<\/strong><\/p>\n<p>Ty\u00f6voimakoulutus on tarkoitettu v\u00e4hint\u00e4\u00e4n 20-vuotiaille ty\u00f6tt\u00f6mille tai ty\u00f6tt\u00f6myysuhan alaisille TE-toimiston asiakkaille. H\u00e4meen ELY-keskus suunnittelee ja toteuttaa ty\u00f6voimakoulutusten hankinnat yhteisty\u00f6ss\u00e4 TE-toimiston kanssa.<\/p>\n<p>Ty\u00f6voimakoulutuksena on mahdollista opiskella tutkintoja tai tutkinnon osia. Lis\u00e4ksi monilla ammattialoilla j\u00e4rjestet\u00e4\u00e4n jatko- ja t\u00e4ydennyskoulutusta. Haussa on my\u00f6s korkeakoulutetuille suunnattua koulutusta.<\/p>\n<p>Voit tutustua alkaviin ty\u00f6voimakoulutuksiin ja laajaan koulutustarjontaan TE-toimiston nettisivuilla. Koulutuksiin haetaan t\u00e4ytt\u00e4m\u00e4ll\u00e4 s\u00e4hk\u00f6inen hakemus sivulla <a href=\"http:\/\/www.te-palvelut.fi\/te\/fi\/\"><strong>www.te-palvelut.fi<\/strong><\/a> (&#8211;&gt; Haussa oleva ty\u00f6voimakoulutus). Ty\u00f6voimakoulutus on opiskelijalle maksutonta ja sen aikana saa samaa etuutta kuin ty\u00f6tt\u00f6m\u00e4n\u00e4 ollessa sek\u00e4 lis\u00e4ksi kulukorvauksen.<\/p>\n<p>Kysy lis\u00e4\u00e4 alkavista ty\u00f6voimakoulutuksista Ammattiopisto Tavastian Ohjauspisteest\u00e4:<br \/>\nHattelmalantie 8 A-rakennus, 2. krs, H\u00e4meenlinna<br \/>\nPuh. 03 6581 500<br \/>\n<a href=\"mailto:ohjauspiste@kktavastia.fi\">ohjauspiste@kktavastia.fi<\/a><\/p>\n<p>Lis\u00e4tietoja antaa my\u00f6s H\u00e4meen TE-toimisto.<br \/>\nKoulutusneuvonta: p.0295 020\u00a0702 tai koulutusneuvonta@te-toimisto.fi<\/p>\n","protected":false},"excerpt":{"rendered":"<p>Tero Jalava, 45, on tyytyv\u00e4inen mies. H\u00e4n ty\u00f6skentelee JTR-Rakennus Oy:lla hitsarina ja kuvailee ty\u00f6t\u00e4\u00e4n monipuoliseksi ja innostavaksi. JTR-Rakennus Oy on [&hellip;]<\/p>\n","protected":false},"author":6,"featured_media":10131,"comment_status":"closed","ping_status":"closed","sticky":false,"template":"","format":"standard","meta":{"_acf_changed":false,"_relevanssi_hide_post":"","_relevanssi_hide_content":"","_relevanssi_pin_for_all":"","_relevanssi_pin_keywords":"","_relevanssi_unpin_keywords":"","_relevanssi_related_keywords":"","_relevanssi_related_include_ids":"","_relevanssi_related_exclude_ids":"","_relevanssi_related_no_append":"","_relevanssi_related_not_related":"","_relevanssi_related_posts":"","_relevanssi_noindex_reason":"","footnotes":""},"categories":[1],"tags":[],"class_list":["post-10129","post","type-post","status-publish","format-standard","has-post-thumbnail","hentry","category-yleinen"],"acf":[],"yoast_head":"<title>Ty\u00f6voimakoulutuksen kautta haalarit niskaan ja hommiin - Ammattiopisto Tavastia<\/title>\n<meta name=\"robots\" content=\"index, follow, max-snippet:-1, max-image-preview:large, max-video-preview:-1\" \/>\n<link rel=\"canonical\" href=\"https:\/\/www.kktavastia.fi\/ammattiopisto\/2019\/11\/04\/tyovoimakoulutuksen-kautta-haalarit-niskaan-ja-hommiin\/\" \/>\n<meta property=\"og:locale\" content=\"fi_FI\" \/>\n<meta property=\"og:type\" content=\"article\" \/>\n<meta property=\"og:title\" content=\"Ty\u00f6voimakoulutuksen kautta haalarit niskaan ja hommiin - Ammattiopisto Tavastia\" \/>\n<meta property=\"og:description\" content=\"Tero Jalava, 45, on tyytyv\u00e4inen mies. H\u00e4n ty\u00f6skentelee JTR-Rakennus Oy:lla hitsarina ja kuvailee ty\u00f6t\u00e4\u00e4n monipuoliseksi ja innostavaksi. JTR-Rakennus Oy on [&hellip;]\" \/>\n<meta property=\"og:url\" content=\"https:\/\/www.kktavastia.fi\/ammattiopisto\/2019\/11\/04\/tyovoimakoulutuksen-kautta-haalarit-niskaan-ja-hommiin\/\" \/>\n<meta property=\"og:site_name\" content=\"Ammattiopisto Tavastia\" \/>\n<meta property=\"article:published_time\" content=\"2019-11-04T09:03:53+00:00\" \/>\n<meta property=\"og:image\" content=\"https:\/\/www.kktavastia.fi\/media\/sites\/2\/kuva2_img_7334.jpg\" \/>\n\t<meta property=\"og:image:width\" content=\"2000\" \/>\n\t<meta property=\"og:image:height\" content=\"1333\" \/>\n\t<meta property=\"og:image:type\" content=\"image\/jpeg\" \/>\n<meta name=\"author\" content=\"saraseppala\" \/>\n<meta name=\"twitter:card\" content=\"summary_large_image\" \/>\n<script type=\"application\/ld+json\" class=\"yoast-schema-graph\">{\"@context\":\"https:\\\/\\\/schema.org\",\"@graph\":[{\"@type\":\"Article\",\"@id\":\"https:\\\/\\\/www.kktavastia.fi\\\/ammattiopisto\\\/2019\\\/11\\\/04\\\/tyovoimakoulutuksen-kautta-haalarit-niskaan-ja-hommiin\\\/#article\",\"isPartOf\":{\"@id\":\"https:\\\/\\\/www.kktavastia.fi\\\/ammattiopisto\\\/2019\\\/11\\\/04\\\/tyovoimakoulutuksen-kautta-haalarit-niskaan-ja-hommiin\\\/\"},\"author\":{\"name\":\"saraseppala\",\"@id\":\"https:\\\/\\\/www.kktavastia.fi\\\/ammattiopisto\\\/#\\\/schema\\\/person\\\/817cce3016d2f14b9a7ed273534dcf4d\"},\"headline\":\"Ty\u00f6voimakoulutuksen kautta haalarit niskaan ja hommiin\",\"datePublished\":\"2019-11-04T09:03:53+00:00\",\"mainEntityOfPage\":{\"@id\":\"https:\\\/\\\/www.kktavastia.fi\\\/ammattiopisto\\\/2019\\\/11\\\/04\\\/tyovoimakoulutuksen-kautta-haalarit-niskaan-ja-hommiin\\\/\"},\"wordCount\":662,\"image\":{\"@id\":\"https:\\\/\\\/www.kktavastia.fi\\\/ammattiopisto\\\/2019\\\/11\\\/04\\\/tyovoimakoulutuksen-kautta-haalarit-niskaan-ja-hommiin\\\/#primaryimage\"},\"thumbnailUrl\":\"https:\\\/\\\/www.kktavastia.fi\\\/media\\\/sites\\\/2\\\/kuva2_img_7334.jpg\",\"inLanguage\":\"fi\"},{\"@type\":\"WebPage\",\"@id\":\"https:\\\/\\\/www.kktavastia.fi\\\/ammattiopisto\\\/2019\\\/11\\\/04\\\/tyovoimakoulutuksen-kautta-haalarit-niskaan-ja-hommiin\\\/\",\"url\":\"https:\\\/\\\/www.kktavastia.fi\\\/ammattiopisto\\\/2019\\\/11\\\/04\\\/tyovoimakoulutuksen-kautta-haalarit-niskaan-ja-hommiin\\\/\",\"name\":\"Ty\u00f6voimakoulutuksen kautta haalarit niskaan ja hommiin - Ammattiopisto Tavastia\",\"isPartOf\":{\"@id\":\"https:\\\/\\\/www.kktavastia.fi\\\/ammattiopisto\\\/#website\"},\"primaryImageOfPage\":{\"@id\":\"https:\\\/\\\/www.kktavastia.fi\\\/ammattiopisto\\\/2019\\\/11\\\/04\\\/tyovoimakoulutuksen-kautta-haalarit-niskaan-ja-hommiin\\\/#primaryimage\"},\"image\":{\"@id\":\"https:\\\/\\\/www.kktavastia.fi\\\/ammattiopisto\\\/2019\\\/11\\\/04\\\/tyovoimakoulutuksen-kautta-haalarit-niskaan-ja-hommiin\\\/#primaryimage\"},\"thumbnailUrl\":\"https:\\\/\\\/www.kktavastia.fi\\\/media\\\/sites\\\/2\\\/kuva2_img_7334.jpg\",\"datePublished\":\"2019-11-04T09:03:53+00:00\",\"author\":{\"@id\":\"https:\\\/\\\/www.kktavastia.fi\\\/ammattiopisto\\\/#\\\/schema\\\/person\\\/817cce3016d2f14b9a7ed273534dcf4d\"},\"breadcrumb\":{\"@id\":\"https:\\\/\\\/www.kktavastia.fi\\\/ammattiopisto\\\/2019\\\/11\\\/04\\\/tyovoimakoulutuksen-kautta-haalarit-niskaan-ja-hommiin\\\/#breadcrumb\"},\"inLanguage\":\"fi\",\"potentialAction\":[{\"@type\":\"ReadAction\",\"target\":[\"https:\\\/\\\/www.kktavastia.fi\\\/ammattiopisto\\\/2019\\\/11\\\/04\\\/tyovoimakoulutuksen-kautta-haalarit-niskaan-ja-hommiin\\\/\"]}]},{\"@type\":\"ImageObject\",\"inLanguage\":\"fi\",\"@id\":\"https:\\\/\\\/www.kktavastia.fi\\\/ammattiopisto\\\/2019\\\/11\\\/04\\\/tyovoimakoulutuksen-kautta-haalarit-niskaan-ja-hommiin\\\/#primaryimage\",\"url\":\"https:\\\/\\\/www.kktavastia.fi\\\/media\\\/sites\\\/2\\\/kuva2_img_7334.jpg\",\"contentUrl\":\"https:\\\/\\\/www.kktavastia.fi\\\/media\\\/sites\\\/2\\\/kuva2_img_7334.jpg\",\"width\":2000,\"height\":1333,\"caption\":\"JTR-Rakennus Oy:n ty\u00f6p\u00e4\u00e4llikk\u00f6 Samuli S\u00f6derman (vas.) ja Tero Jalava suunnittelemassa p\u00e4iv\u00e4n ty\u00f6teht\u00e4vi\u00e4.\"},{\"@type\":\"BreadcrumbList\",\"@id\":\"https:\\\/\\\/www.kktavastia.fi\\\/ammattiopisto\\\/2019\\\/11\\\/04\\\/tyovoimakoulutuksen-kautta-haalarit-niskaan-ja-hommiin\\\/#breadcrumb\",\"itemListElement\":[{\"@type\":\"ListItem\",\"position\":1,\"name\":\"Home\",\"item\":\"https:\\\/\\\/www.kktavastia.fi\\\/ammattiopisto\\\/\"},{\"@type\":\"ListItem\",\"position\":2,\"name\":\"Ty\u00f6voimakoulutuksen kautta haalarit niskaan ja hommiin\"}]},{\"@type\":\"WebSite\",\"@id\":\"https:\\\/\\\/www.kktavastia.fi\\\/ammattiopisto\\\/#website\",\"url\":\"https:\\\/\\\/www.kktavastia.fi\\\/ammattiopisto\\\/\",\"name\":\"Ammattiopisto Tavastia\",\"description\":\"\",\"potentialAction\":[{\"@type\":\"SearchAction\",\"target\":{\"@type\":\"EntryPoint\",\"urlTemplate\":\"https:\\\/\\\/www.kktavastia.fi\\\/ammattiopisto\\\/?s={search_term_string}\"},\"query-input\":{\"@type\":\"PropertyValueSpecification\",\"valueRequired\":true,\"valueName\":\"search_term_string\"}}],\"inLanguage\":\"fi\"},{\"@type\":\"Person\",\"@id\":\"https:\\\/\\\/www.kktavastia.fi\\\/ammattiopisto\\\/#\\\/schema\\\/person\\\/817cce3016d2f14b9a7ed273534dcf4d\",\"name\":\"saraseppala\",\"image\":{\"@type\":\"ImageObject\",\"inLanguage\":\"fi\",\"@id\":\"https:\\\/\\\/secure.gravatar.com\\\/avatar\\\/478c9f0d13d5df0e5e3d2ec80a1d93afb10baa5bf0f981b9874b9ad1ff76cafc?s=96&d=mm&r=g\",\"url\":\"https:\\\/\\\/secure.gravatar.com\\\/avatar\\\/478c9f0d13d5df0e5e3d2ec80a1d93afb10baa5bf0f981b9874b9ad1ff76cafc?s=96&d=mm&r=g\",\"contentUrl\":\"https:\\\/\\\/secure.gravatar.com\\\/avatar\\\/478c9f0d13d5df0e5e3d2ec80a1d93afb10baa5bf0f981b9874b9ad1ff76cafc?s=96&d=mm&r=g\",\"caption\":\"saraseppala\"},\"url\":\"https:\\\/\\\/www.kktavastia.fi\\\/ammattiopisto\\\/author\\\/saraseppala\\\/\"}]}<\/script>","yoast_head_json":{"title":"Ty\u00f6voimakoulutuksen kautta haalarit niskaan ja hommiin - Ammattiopisto Tavastia","robots":{"index":"index","follow":"follow","max-snippet":"max-snippet:-1","max-image-preview":"max-image-preview:large","max-video-preview":"max-video-preview:-1"},"canonical":"https:\/\/www.kktavastia.fi\/ammattiopisto\/2019\/11\/04\/tyovoimakoulutuksen-kautta-haalarit-niskaan-ja-hommiin\/","og_locale":"fi_FI","og_type":"article","og_title":"Ty\u00f6voimakoulutuksen kautta haalarit niskaan ja hommiin - Ammattiopisto Tavastia","og_description":"Tero Jalava, 45, on tyytyv\u00e4inen mies. H\u00e4n ty\u00f6skentelee JTR-Rakennus Oy:lla hitsarina ja kuvailee ty\u00f6t\u00e4\u00e4n monipuoliseksi ja innostavaksi. JTR-Rakennus Oy on [&hellip;]","og_url":"https:\/\/www.kktavastia.fi\/ammattiopisto\/2019\/11\/04\/tyovoimakoulutuksen-kautta-haalarit-niskaan-ja-hommiin\/","og_site_name":"Ammattiopisto Tavastia","article_published_time":"2019-11-04T09:03:53+00:00","og_image":[{"width":2000,"height":1333,"url":"https:\/\/www.kktavastia.fi\/media\/sites\/2\/kuva2_img_7334.jpg","type":"image\/jpeg"}],"author":"saraseppala","twitter_card":"summary_large_image","schema":{"@context":"https:\/\/schema.org","@graph":[{"@type":"Article","@id":"https:\/\/www.kktavastia.fi\/ammattiopisto\/2019\/11\/04\/tyovoimakoulutuksen-kautta-haalarit-niskaan-ja-hommiin\/#article","isPartOf":{"@id":"https:\/\/www.kktavastia.fi\/ammattiopisto\/2019\/11\/04\/tyovoimakoulutuksen-kautta-haalarit-niskaan-ja-hommiin\/"},"author":{"name":"saraseppala","@id":"https:\/\/www.kktavastia.fi\/ammattiopisto\/#\/schema\/person\/817cce3016d2f14b9a7ed273534dcf4d"},"headline":"Ty\u00f6voimakoulutuksen kautta haalarit niskaan ja hommiin","datePublished":"2019-11-04T09:03:53+00:00","mainEntityOfPage":{"@id":"https:\/\/www.kktavastia.fi\/ammattiopisto\/2019\/11\/04\/tyovoimakoulutuksen-kautta-haalarit-niskaan-ja-hommiin\/"},"wordCount":662,"image":{"@id":"https:\/\/www.kktavastia.fi\/ammattiopisto\/2019\/11\/04\/tyovoimakoulutuksen-kautta-haalarit-niskaan-ja-hommiin\/#primaryimage"},"thumbnailUrl":"https:\/\/www.kktavastia.fi\/media\/sites\/2\/kuva2_img_7334.jpg","inLanguage":"fi"},{"@type":"WebPage","@id":"https:\/\/www.kktavastia.fi\/ammattiopisto\/2019\/11\/04\/tyovoimakoulutuksen-kautta-haalarit-niskaan-ja-hommiin\/","url":"https:\/\/www.kktavastia.fi\/ammattiopisto\/2019\/11\/04\/tyovoimakoulutuksen-kautta-haalarit-niskaan-ja-hommiin\/","name":"Ty\u00f6voimakoulutuksen kautta haalarit niskaan ja hommiin - Ammattiopisto Tavastia","isPartOf":{"@id":"https:\/\/www.kktavastia.fi\/ammattiopisto\/#website"},"primaryImageOfPage":{"@id":"https:\/\/www.kktavastia.fi\/ammattiopisto\/2019\/11\/04\/tyovoimakoulutuksen-kautta-haalarit-niskaan-ja-hommiin\/#primaryimage"},"image":{"@id":"https:\/\/www.kktavastia.fi\/ammattiopisto\/2019\/11\/04\/tyovoimakoulutuksen-kautta-haalarit-niskaan-ja-hommiin\/#primaryimage"},"thumbnailUrl":"https:\/\/www.kktavastia.fi\/media\/sites\/2\/kuva2_img_7334.jpg","datePublished":"2019-11-04T09:03:53+00:00","author":{"@id":"https:\/\/www.kktavastia.fi\/ammattiopisto\/#\/schema\/person\/817cce3016d2f14b9a7ed273534dcf4d"},"breadcrumb":{"@id":"https:\/\/www.kktavastia.fi\/ammattiopisto\/2019\/11\/04\/tyovoimakoulutuksen-kautta-haalarit-niskaan-ja-hommiin\/#breadcrumb"},"inLanguage":"fi","potentialAction":[{"@type":"ReadAction","target":["https:\/\/www.kktavastia.fi\/ammattiopisto\/2019\/11\/04\/tyovoimakoulutuksen-kautta-haalarit-niskaan-ja-hommiin\/"]}]},{"@type":"ImageObject","inLanguage":"fi","@id":"https:\/\/www.kktavastia.fi\/ammattiopisto\/2019\/11\/04\/tyovoimakoulutuksen-kautta-haalarit-niskaan-ja-hommiin\/#primaryimage","url":"https:\/\/www.kktavastia.fi\/media\/sites\/2\/kuva2_img_7334.jpg","contentUrl":"https:\/\/www.kktavastia.fi\/media\/sites\/2\/kuva2_img_7334.jpg","width":2000,"height":1333,"caption":"JTR-Rakennus Oy:n ty\u00f6p\u00e4\u00e4llikk\u00f6 Samuli S\u00f6derman (vas.) ja Tero Jalava suunnittelemassa p\u00e4iv\u00e4n ty\u00f6teht\u00e4vi\u00e4."},{"@type":"BreadcrumbList","@id":"https:\/\/www.kktavastia.fi\/ammattiopisto\/2019\/11\/04\/tyovoimakoulutuksen-kautta-haalarit-niskaan-ja-hommiin\/#breadcrumb","itemListElement":[{"@type":"ListItem","position":1,"name":"Home","item":"https:\/\/www.kktavastia.fi\/ammattiopisto\/"},{"@type":"ListItem","position":2,"name":"Ty\u00f6voimakoulutuksen kautta haalarit niskaan ja hommiin"}]},{"@type":"WebSite","@id":"https:\/\/www.kktavastia.fi\/ammattiopisto\/#website","url":"https:\/\/www.kktavastia.fi\/ammattiopisto\/","name":"Ammattiopisto Tavastia","description":"","potentialAction":[{"@type":"SearchAction","target":{"@type":"EntryPoint","urlTemplate":"https:\/\/www.kktavastia.fi\/ammattiopisto\/?s={search_term_string}"},"query-input":{"@type":"PropertyValueSpecification","valueRequired":true,"valueName":"search_term_string"}}],"inLanguage":"fi"},{"@type":"Person","@id":"https:\/\/www.kktavastia.fi\/ammattiopisto\/#\/schema\/person\/817cce3016d2f14b9a7ed273534dcf4d","name":"saraseppala","image":{"@type":"ImageObject","inLanguage":"fi","@id":"https:\/\/secure.gravatar.com\/avatar\/478c9f0d13d5df0e5e3d2ec80a1d93afb10baa5bf0f981b9874b9ad1ff76cafc?s=96&d=mm&r=g","url":"https:\/\/secure.gravatar.com\/avatar\/478c9f0d13d5df0e5e3d2ec80a1d93afb10baa5bf0f981b9874b9ad1ff76cafc?s=96&d=mm&r=g","contentUrl":"https:\/\/secure.gravatar.com\/avatar\/478c9f0d13d5df0e5e3d2ec80a1d93afb10baa5bf0f981b9874b9ad1ff76cafc?s=96&d=mm&r=g","caption":"saraseppala"},"url":"https:\/\/www.kktavastia.fi\/ammattiopisto\/author\/saraseppala\/"}]}},"_links":{"self":[{"href":"https:\/\/www.kktavastia.fi\/ammattiopisto\/wp-json\/wp\/v2\/posts\/10129","targetHints":{"allow":["GET"]}}],"collection":[{"href":"https:\/\/www.kktavastia.fi\/ammattiopisto\/wp-json\/wp\/v2\/posts"}],"about":[{"href":"https:\/\/www.kktavastia.fi\/ammattiopisto\/wp-json\/wp\/v2\/types\/post"}],"author":[{"embeddable":true,"href":"https:\/\/www.kktavastia.fi\/ammattiopisto\/wp-json\/wp\/v2\/users\/6"}],"replies":[{"embeddable":true,"href":"https:\/\/www.kktavastia.fi\/ammattiopisto\/wp-json\/wp\/v2\/comments?post=10129"}],"version-history":[{"count":0,"href":"https:\/\/www.kktavastia.fi\/ammattiopisto\/wp-json\/wp\/v2\/posts\/10129\/revisions"}],"wp:featuredmedia":[{"embeddable":true,"href":"https:\/\/www.kktavastia.fi\/ammattiopisto\/wp-json\/wp\/v2\/media\/10131"}],"wp:attachment":[{"href":"https:\/\/www.kktavastia.fi\/ammattiopisto\/wp-json\/wp\/v2\/media?parent=10129"}],"wp:term":[{"taxonomy":"category","embeddable":true,"href":"https:\/\/www.kktavastia.fi\/ammattiopisto\/wp-json\/wp\/v2\/categories?post=10129"},{"taxonomy":"post_tag","embeddable":true,"href":"https:\/\/www.kktavastia.fi\/ammattiopisto\/wp-json\/wp\/v2\/tags?post=10129"}],"curies":[{"name":"wp","href":"https:\/\/api.w.org\/{rel}","templated":true}]}}