{"id":101269,"date":"2025-06-12T08:00:00","date_gmt":"2025-06-12T05:00:00","guid":{"rendered":"https:\/\/www.kktavastia.fi\/ammattiopisto\/?p=101269"},"modified":"2025-08-01T15:02:22","modified_gmt":"2025-08-01T12:02:22","slug":"jaitko-vaille-opiskelupaikkaa-yhteishaussa-toimi-nain","status":"publish","type":"post","link":"https:\/\/www.kktavastia.fi\/ammattiopisto\/2025\/06\/12\/jaitko-vaille-opiskelupaikkaa-yhteishaussa-toimi-nain\/","title":{"rendered":"J\u00e4itk\u00f6 vaille opiskelupaikkaa yhteishaussa? Toimi n\u00e4in!"},"content":{"rendered":"\n<p class=\"is-style-ingress\">Jos j\u00e4it yhteishaussa ilman opiskelupaikkaa, voit viel\u00e4 hakea Ammattiopisto Tavastiaan jatkuvassa haussa. <\/p>\n\n\n\n<p>Jos olet oppivelvollinen (alle 18-vuotias) tai sinulla ei ole viel\u00e4 toisen asteen tutkintoa, t\u00e4m\u00e4 haku on tarkoitettu juuri sinulle. <\/p>\n\n\n\n<p>Lis\u00e4hakuaika kest\u00e4\u00e4 17.8.2025 asti. Koulutukset alkavat elokuussa.<\/p>\n\n\n\n<p>Yhteishaun varasijapaikat ovat voimassa 15.8.2025 asti. T\u00e4ss\u00e4 haussa valitaan opiskelijoita yhteishaussa vapaiksi j\u00e4\u00e4neille tai mahdollisesti vapautuville paikoille.<\/p>\n\n\n\n<h4 class=\"wp-block-heading\"><strong>&nbsp;Mihin koulutuksiin voi hakea?<\/strong><\/h4>\n\n\n\n<ul class=\"wp-block-list\">\n<li><a href=\"https:\/\/opintopolku.fi\/hakemus\/hakukohde\/1.2.246.562.20.00000000000000075594?lang=fi\">Pintak\u00e4sittelyalan perustutkinto<\/a><\/li>\n\n\n\n<li><a href=\"https:\/\/opintopolku.fi\/hakemus\/hakukohde\/1.2.246.562.20.00000000000000075595?lang=fi\">Ravintola- ja catering-alan pt<\/a><\/li>\n\n\n\n<li><a href=\"https:\/\/opintopolku.fi\/hakemus\/hakukohde\/1.2.246.562.20.00000000000000075597?lang=fi\">Sosiaali- ja terveysalan pt<\/a> (p\u00e4\u00e4sykoe 20.8.)<\/li>\n<\/ul>\n\n\n\n<h3 class=\"wp-block-heading\">Ohjauspiste auttaa!<\/h3>\n\n\n\n<p>Jos tarvitset mit\u00e4 tahansa apua opintoihin hakeutumisessa, Tavastian Ohjauspiste auttaa! <a href=\"https:\/\/www.kktavastia.fi\/ammattiopisto\/hakijalle\/ohjauspiste\/\">Katso yhteystiedot t\u00e4\u00e4lt\u00e4<\/a>.<\/p>\n","protected":false},"excerpt":{"rendered":"<p>Jos j\u00e4it yhteishaussa ilman opiskelupaikkaa, voit viel\u00e4 hakea Ammattiopisto Tavastiaan jatkuvassa haussa. Jos olet oppivelvollinen (alle 18-vuotias) tai sinulla ei [&hellip;]<\/p>\n","protected":false},"author":6,"featured_media":101263,"comment_status":"closed","ping_status":"closed","sticky":false,"template":"","format":"standard","meta":{"_acf_changed":false,"_relevanssi_hide_post":"","_relevanssi_hide_content":"","_relevanssi_pin_for_all":"","_relevanssi_pin_keywords":"","_relevanssi_unpin_keywords":"","_relevanssi_related_keywords":"","_relevanssi_related_include_ids":"","_relevanssi_related_exclude_ids":"","_relevanssi_related_no_append":"","_relevanssi_related_not_related":"","_relevanssi_related_posts":"","_relevanssi_noindex_reason":"","footnotes":""},"categories":[1],"tags":[321,58],"class_list":["post-101269","post","type-post","status-publish","format-standard","has-post-thumbnail","hentry","category-yleinen","tag-lisapaikat","tag-yhteishaku"],"acf":[],"yoast_head":"<title>J\u00e4itk\u00f6 vaille opiskelupaikkaa yhteishaussa? Toimi n\u00e4in! - Ammattiopisto Tavastia<\/title>\n<meta name=\"robots\" content=\"index, follow, max-snippet:-1, max-image-preview:large, max-video-preview:-1\" \/>\n<link rel=\"canonical\" href=\"https:\/\/www.kktavastia.fi\/ammattiopisto\/2025\/06\/12\/jaitko-vaille-opiskelupaikkaa-yhteishaussa-toimi-nain\/\" \/>\n<meta property=\"og:locale\" content=\"fi_FI\" \/>\n<meta property=\"og:type\" content=\"article\" \/>\n<meta property=\"og:title\" content=\"J\u00e4itk\u00f6 vaille opiskelupaikkaa yhteishaussa? Toimi n\u00e4in! - Ammattiopisto Tavastia\" \/>\n<meta property=\"og:description\" content=\"Jos j\u00e4it yhteishaussa ilman opiskelupaikkaa, voit viel\u00e4 hakea Ammattiopisto Tavastiaan jatkuvassa haussa. Jos olet oppivelvollinen (alle 18-vuotias) tai sinulla ei [&hellip;]\" \/>\n<meta property=\"og:url\" content=\"https:\/\/www.kktavastia.fi\/ammattiopisto\/2025\/06\/12\/jaitko-vaille-opiskelupaikkaa-yhteishaussa-toimi-nain\/\" \/>\n<meta property=\"og:site_name\" content=\"Ammattiopisto Tavastia\" \/>\n<meta property=\"article:published_time\" content=\"2025-06-12T05:00:00+00:00\" \/>\n<meta property=\"article:modified_time\" content=\"2025-08-01T12:02:22+00:00\" \/>\n<meta property=\"og:image\" content=\"https:\/\/www.kktavastia.fi\/media\/sites\/2\/yhteishaku-2-1.jpg\" \/>\n\t<meta property=\"og:image:width\" content=\"1748\" \/>\n\t<meta property=\"og:image:height\" content=\"945\" \/>\n\t<meta property=\"og:image:type\" content=\"image\/jpeg\" \/>\n<meta name=\"author\" content=\"saraseppala\" \/>\n<meta name=\"twitter:card\" content=\"summary_large_image\" \/>\n<script type=\"application\/ld+json\" class=\"yoast-schema-graph\">{\"@context\":\"https:\\\/\\\/schema.org\",\"@graph\":[{\"@type\":\"Article\",\"@id\":\"https:\\\/\\\/www.kktavastia.fi\\\/ammattiopisto\\\/2025\\\/06\\\/12\\\/jaitko-vaille-opiskelupaikkaa-yhteishaussa-toimi-nain\\\/#article\",\"isPartOf\":{\"@id\":\"https:\\\/\\\/www.kktavastia.fi\\\/ammattiopisto\\\/2025\\\/06\\\/12\\\/jaitko-vaille-opiskelupaikkaa-yhteishaussa-toimi-nain\\\/\"},\"author\":{\"name\":\"saraseppala\",\"@id\":\"https:\\\/\\\/www.kktavastia.fi\\\/ammattiopisto\\\/#\\\/schema\\\/person\\\/817cce3016d2f14b9a7ed273534dcf4d\"},\"headline\":\"J\u00e4itk\u00f6 vaille opiskelupaikkaa yhteishaussa? Toimi n\u00e4in!\",\"datePublished\":\"2025-06-12T05:00:00+00:00\",\"dateModified\":\"2025-08-01T12:02:22+00:00\",\"mainEntityOfPage\":{\"@id\":\"https:\\\/\\\/www.kktavastia.fi\\\/ammattiopisto\\\/2025\\\/06\\\/12\\\/jaitko-vaille-opiskelupaikkaa-yhteishaussa-toimi-nain\\\/\"},\"wordCount\":100,\"image\":{\"@id\":\"https:\\\/\\\/www.kktavastia.fi\\\/ammattiopisto\\\/2025\\\/06\\\/12\\\/jaitko-vaille-opiskelupaikkaa-yhteishaussa-toimi-nain\\\/#primaryimage\"},\"thumbnailUrl\":\"https:\\\/\\\/www.kktavastia.fi\\\/media\\\/sites\\\/2\\\/yhteishaku-2-1.jpg\",\"keywords\":[\"lis\u00e4paikat\",\"yhteishaku\"],\"inLanguage\":\"fi\"},{\"@type\":\"WebPage\",\"@id\":\"https:\\\/\\\/www.kktavastia.fi\\\/ammattiopisto\\\/2025\\\/06\\\/12\\\/jaitko-vaille-opiskelupaikkaa-yhteishaussa-toimi-nain\\\/\",\"url\":\"https:\\\/\\\/www.kktavastia.fi\\\/ammattiopisto\\\/2025\\\/06\\\/12\\\/jaitko-vaille-opiskelupaikkaa-yhteishaussa-toimi-nain\\\/\",\"name\":\"J\u00e4itk\u00f6 vaille opiskelupaikkaa yhteishaussa? Toimi n\u00e4in! - Ammattiopisto Tavastia\",\"isPartOf\":{\"@id\":\"https:\\\/\\\/www.kktavastia.fi\\\/ammattiopisto\\\/#website\"},\"primaryImageOfPage\":{\"@id\":\"https:\\\/\\\/www.kktavastia.fi\\\/ammattiopisto\\\/2025\\\/06\\\/12\\\/jaitko-vaille-opiskelupaikkaa-yhteishaussa-toimi-nain\\\/#primaryimage\"},\"image\":{\"@id\":\"https:\\\/\\\/www.kktavastia.fi\\\/ammattiopisto\\\/2025\\\/06\\\/12\\\/jaitko-vaille-opiskelupaikkaa-yhteishaussa-toimi-nain\\\/#primaryimage\"},\"thumbnailUrl\":\"https:\\\/\\\/www.kktavastia.fi\\\/media\\\/sites\\\/2\\\/yhteishaku-2-1.jpg\",\"datePublished\":\"2025-06-12T05:00:00+00:00\",\"dateModified\":\"2025-08-01T12:02:22+00:00\",\"author\":{\"@id\":\"https:\\\/\\\/www.kktavastia.fi\\\/ammattiopisto\\\/#\\\/schema\\\/person\\\/817cce3016d2f14b9a7ed273534dcf4d\"},\"breadcrumb\":{\"@id\":\"https:\\\/\\\/www.kktavastia.fi\\\/ammattiopisto\\\/2025\\\/06\\\/12\\\/jaitko-vaille-opiskelupaikkaa-yhteishaussa-toimi-nain\\\/#breadcrumb\"},\"inLanguage\":\"fi\",\"potentialAction\":[{\"@type\":\"ReadAction\",\"target\":[\"https:\\\/\\\/www.kktavastia.fi\\\/ammattiopisto\\\/2025\\\/06\\\/12\\\/jaitko-vaille-opiskelupaikkaa-yhteishaussa-toimi-nain\\\/\"]}]},{\"@type\":\"ImageObject\",\"inLanguage\":\"fi\",\"@id\":\"https:\\\/\\\/www.kktavastia.fi\\\/ammattiopisto\\\/2025\\\/06\\\/12\\\/jaitko-vaille-opiskelupaikkaa-yhteishaussa-toimi-nain\\\/#primaryimage\",\"url\":\"https:\\\/\\\/www.kktavastia.fi\\\/media\\\/sites\\\/2\\\/yhteishaku-2-1.jpg\",\"contentUrl\":\"https:\\\/\\\/www.kktavastia.fi\\\/media\\\/sites\\\/2\\\/yhteishaku-2-1.jpg\",\"width\":1748,\"height\":945},{\"@type\":\"BreadcrumbList\",\"@id\":\"https:\\\/\\\/www.kktavastia.fi\\\/ammattiopisto\\\/2025\\\/06\\\/12\\\/jaitko-vaille-opiskelupaikkaa-yhteishaussa-toimi-nain\\\/#breadcrumb\",\"itemListElement\":[{\"@type\":\"ListItem\",\"position\":1,\"name\":\"Home\",\"item\":\"https:\\\/\\\/www.kktavastia.fi\\\/ammattiopisto\\\/\"},{\"@type\":\"ListItem\",\"position\":2,\"name\":\"J\u00e4itk\u00f6 vaille opiskelupaikkaa yhteishaussa? Toimi n\u00e4in!\"}]},{\"@type\":\"WebSite\",\"@id\":\"https:\\\/\\\/www.kktavastia.fi\\\/ammattiopisto\\\/#website\",\"url\":\"https:\\\/\\\/www.kktavastia.fi\\\/ammattiopisto\\\/\",\"name\":\"Ammattiopisto Tavastia\",\"description\":\"\",\"potentialAction\":[{\"@type\":\"SearchAction\",\"target\":{\"@type\":\"EntryPoint\",\"urlTemplate\":\"https:\\\/\\\/www.kktavastia.fi\\\/ammattiopisto\\\/?s={search_term_string}\"},\"query-input\":{\"@type\":\"PropertyValueSpecification\",\"valueRequired\":true,\"valueName\":\"search_term_string\"}}],\"inLanguage\":\"fi\"},{\"@type\":\"Person\",\"@id\":\"https:\\\/\\\/www.kktavastia.fi\\\/ammattiopisto\\\/#\\\/schema\\\/person\\\/817cce3016d2f14b9a7ed273534dcf4d\",\"name\":\"saraseppala\",\"image\":{\"@type\":\"ImageObject\",\"inLanguage\":\"fi\",\"@id\":\"https:\\\/\\\/secure.gravatar.com\\\/avatar\\\/478c9f0d13d5df0e5e3d2ec80a1d93afb10baa5bf0f981b9874b9ad1ff76cafc?s=96&d=mm&r=g\",\"url\":\"https:\\\/\\\/secure.gravatar.com\\\/avatar\\\/478c9f0d13d5df0e5e3d2ec80a1d93afb10baa5bf0f981b9874b9ad1ff76cafc?s=96&d=mm&r=g\",\"contentUrl\":\"https:\\\/\\\/secure.gravatar.com\\\/avatar\\\/478c9f0d13d5df0e5e3d2ec80a1d93afb10baa5bf0f981b9874b9ad1ff76cafc?s=96&d=mm&r=g\",\"caption\":\"saraseppala\"},\"url\":\"https:\\\/\\\/www.kktavastia.fi\\\/ammattiopisto\\\/author\\\/saraseppala\\\/\"}]}<\/script>","yoast_head_json":{"title":"J\u00e4itk\u00f6 vaille opiskelupaikkaa yhteishaussa? Toimi n\u00e4in! - Ammattiopisto Tavastia","robots":{"index":"index","follow":"follow","max-snippet":"max-snippet:-1","max-image-preview":"max-image-preview:large","max-video-preview":"max-video-preview:-1"},"canonical":"https:\/\/www.kktavastia.fi\/ammattiopisto\/2025\/06\/12\/jaitko-vaille-opiskelupaikkaa-yhteishaussa-toimi-nain\/","og_locale":"fi_FI","og_type":"article","og_title":"J\u00e4itk\u00f6 vaille opiskelupaikkaa yhteishaussa? Toimi n\u00e4in! - Ammattiopisto Tavastia","og_description":"Jos j\u00e4it yhteishaussa ilman opiskelupaikkaa, voit viel\u00e4 hakea Ammattiopisto Tavastiaan jatkuvassa haussa. Jos olet oppivelvollinen (alle 18-vuotias) tai sinulla ei [&hellip;]","og_url":"https:\/\/www.kktavastia.fi\/ammattiopisto\/2025\/06\/12\/jaitko-vaille-opiskelupaikkaa-yhteishaussa-toimi-nain\/","og_site_name":"Ammattiopisto Tavastia","article_published_time":"2025-06-12T05:00:00+00:00","article_modified_time":"2025-08-01T12:02:22+00:00","og_image":[{"width":1748,"height":945,"url":"https:\/\/www.kktavastia.fi\/media\/sites\/2\/yhteishaku-2-1.jpg","type":"image\/jpeg"}],"author":"saraseppala","twitter_card":"summary_large_image","schema":{"@context":"https:\/\/schema.org","@graph":[{"@type":"Article","@id":"https:\/\/www.kktavastia.fi\/ammattiopisto\/2025\/06\/12\/jaitko-vaille-opiskelupaikkaa-yhteishaussa-toimi-nain\/#article","isPartOf":{"@id":"https:\/\/www.kktavastia.fi\/ammattiopisto\/2025\/06\/12\/jaitko-vaille-opiskelupaikkaa-yhteishaussa-toimi-nain\/"},"author":{"name":"saraseppala","@id":"https:\/\/www.kktavastia.fi\/ammattiopisto\/#\/schema\/person\/817cce3016d2f14b9a7ed273534dcf4d"},"headline":"J\u00e4itk\u00f6 vaille opiskelupaikkaa yhteishaussa? Toimi n\u00e4in!","datePublished":"2025-06-12T05:00:00+00:00","dateModified":"2025-08-01T12:02:22+00:00","mainEntityOfPage":{"@id":"https:\/\/www.kktavastia.fi\/ammattiopisto\/2025\/06\/12\/jaitko-vaille-opiskelupaikkaa-yhteishaussa-toimi-nain\/"},"wordCount":100,"image":{"@id":"https:\/\/www.kktavastia.fi\/ammattiopisto\/2025\/06\/12\/jaitko-vaille-opiskelupaikkaa-yhteishaussa-toimi-nain\/#primaryimage"},"thumbnailUrl":"https:\/\/www.kktavastia.fi\/media\/sites\/2\/yhteishaku-2-1.jpg","keywords":["lis\u00e4paikat","yhteishaku"],"inLanguage":"fi"},{"@type":"WebPage","@id":"https:\/\/www.kktavastia.fi\/ammattiopisto\/2025\/06\/12\/jaitko-vaille-opiskelupaikkaa-yhteishaussa-toimi-nain\/","url":"https:\/\/www.kktavastia.fi\/ammattiopisto\/2025\/06\/12\/jaitko-vaille-opiskelupaikkaa-yhteishaussa-toimi-nain\/","name":"J\u00e4itk\u00f6 vaille opiskelupaikkaa yhteishaussa? Toimi n\u00e4in! - Ammattiopisto Tavastia","isPartOf":{"@id":"https:\/\/www.kktavastia.fi\/ammattiopisto\/#website"},"primaryImageOfPage":{"@id":"https:\/\/www.kktavastia.fi\/ammattiopisto\/2025\/06\/12\/jaitko-vaille-opiskelupaikkaa-yhteishaussa-toimi-nain\/#primaryimage"},"image":{"@id":"https:\/\/www.kktavastia.fi\/ammattiopisto\/2025\/06\/12\/jaitko-vaille-opiskelupaikkaa-yhteishaussa-toimi-nain\/#primaryimage"},"thumbnailUrl":"https:\/\/www.kktavastia.fi\/media\/sites\/2\/yhteishaku-2-1.jpg","datePublished":"2025-06-12T05:00:00+00:00","dateModified":"2025-08-01T12:02:22+00:00","author":{"@id":"https:\/\/www.kktavastia.fi\/ammattiopisto\/#\/schema\/person\/817cce3016d2f14b9a7ed273534dcf4d"},"breadcrumb":{"@id":"https:\/\/www.kktavastia.fi\/ammattiopisto\/2025\/06\/12\/jaitko-vaille-opiskelupaikkaa-yhteishaussa-toimi-nain\/#breadcrumb"},"inLanguage":"fi","potentialAction":[{"@type":"ReadAction","target":["https:\/\/www.kktavastia.fi\/ammattiopisto\/2025\/06\/12\/jaitko-vaille-opiskelupaikkaa-yhteishaussa-toimi-nain\/"]}]},{"@type":"ImageObject","inLanguage":"fi","@id":"https:\/\/www.kktavastia.fi\/ammattiopisto\/2025\/06\/12\/jaitko-vaille-opiskelupaikkaa-yhteishaussa-toimi-nain\/#primaryimage","url":"https:\/\/www.kktavastia.fi\/media\/sites\/2\/yhteishaku-2-1.jpg","contentUrl":"https:\/\/www.kktavastia.fi\/media\/sites\/2\/yhteishaku-2-1.jpg","width":1748,"height":945},{"@type":"BreadcrumbList","@id":"https:\/\/www.kktavastia.fi\/ammattiopisto\/2025\/06\/12\/jaitko-vaille-opiskelupaikkaa-yhteishaussa-toimi-nain\/#breadcrumb","itemListElement":[{"@type":"ListItem","position":1,"name":"Home","item":"https:\/\/www.kktavastia.fi\/ammattiopisto\/"},{"@type":"ListItem","position":2,"name":"J\u00e4itk\u00f6 vaille opiskelupaikkaa yhteishaussa? Toimi n\u00e4in!"}]},{"@type":"WebSite","@id":"https:\/\/www.kktavastia.fi\/ammattiopisto\/#website","url":"https:\/\/www.kktavastia.fi\/ammattiopisto\/","name":"Ammattiopisto Tavastia","description":"","potentialAction":[{"@type":"SearchAction","target":{"@type":"EntryPoint","urlTemplate":"https:\/\/www.kktavastia.fi\/ammattiopisto\/?s={search_term_string}"},"query-input":{"@type":"PropertyValueSpecification","valueRequired":true,"valueName":"search_term_string"}}],"inLanguage":"fi"},{"@type":"Person","@id":"https:\/\/www.kktavastia.fi\/ammattiopisto\/#\/schema\/person\/817cce3016d2f14b9a7ed273534dcf4d","name":"saraseppala","image":{"@type":"ImageObject","inLanguage":"fi","@id":"https:\/\/secure.gravatar.com\/avatar\/478c9f0d13d5df0e5e3d2ec80a1d93afb10baa5bf0f981b9874b9ad1ff76cafc?s=96&d=mm&r=g","url":"https:\/\/secure.gravatar.com\/avatar\/478c9f0d13d5df0e5e3d2ec80a1d93afb10baa5bf0f981b9874b9ad1ff76cafc?s=96&d=mm&r=g","contentUrl":"https:\/\/secure.gravatar.com\/avatar\/478c9f0d13d5df0e5e3d2ec80a1d93afb10baa5bf0f981b9874b9ad1ff76cafc?s=96&d=mm&r=g","caption":"saraseppala"},"url":"https:\/\/www.kktavastia.fi\/ammattiopisto\/author\/saraseppala\/"}]}},"_links":{"self":[{"href":"https:\/\/www.kktavastia.fi\/ammattiopisto\/wp-json\/wp\/v2\/posts\/101269","targetHints":{"allow":["GET"]}}],"collection":[{"href":"https:\/\/www.kktavastia.fi\/ammattiopisto\/wp-json\/wp\/v2\/posts"}],"about":[{"href":"https:\/\/www.kktavastia.fi\/ammattiopisto\/wp-json\/wp\/v2\/types\/post"}],"author":[{"embeddable":true,"href":"https:\/\/www.kktavastia.fi\/ammattiopisto\/wp-json\/wp\/v2\/users\/6"}],"replies":[{"embeddable":true,"href":"https:\/\/www.kktavastia.fi\/ammattiopisto\/wp-json\/wp\/v2\/comments?post=101269"}],"version-history":[{"count":14,"href":"https:\/\/www.kktavastia.fi\/ammattiopisto\/wp-json\/wp\/v2\/posts\/101269\/revisions"}],"predecessor-version":[{"id":111013,"href":"https:\/\/www.kktavastia.fi\/ammattiopisto\/wp-json\/wp\/v2\/posts\/101269\/revisions\/111013"}],"wp:featuredmedia":[{"embeddable":true,"href":"https:\/\/www.kktavastia.fi\/ammattiopisto\/wp-json\/wp\/v2\/media\/101263"}],"wp:attachment":[{"href":"https:\/\/www.kktavastia.fi\/ammattiopisto\/wp-json\/wp\/v2\/media?parent=101269"}],"wp:term":[{"taxonomy":"category","embeddable":true,"href":"https:\/\/www.kktavastia.fi\/ammattiopisto\/wp-json\/wp\/v2\/categories?post=101269"},{"taxonomy":"post_tag","embeddable":true,"href":"https:\/\/www.kktavastia.fi\/ammattiopisto\/wp-json\/wp\/v2\/tags?post=101269"}],"curies":[{"name":"wp","href":"https:\/\/api.w.org\/{rel}","templated":true}]}}