{"id":100182,"date":"2025-06-05T10:56:58","date_gmt":"2025-06-05T07:56:58","guid":{"rendered":"https:\/\/www.kktavastia.fi\/ammattiopisto\/?p=100182"},"modified":"2025-06-05T10:57:00","modified_gmt":"2025-06-05T07:57:00","slug":"yhdessa-kohti-tulevaa-verkostoa-kuullen","status":"publish","type":"post","link":"https:\/\/www.kktavastia.fi\/ammattiopisto\/2025\/06\/05\/yhdessa-kohti-tulevaa-verkostoa-kuullen\/","title":{"rendered":"Yhdess\u00e4 kohti tulevaa verkostoa kuullen"},"content":{"rendered":"\n<p class=\"is-style-ingress\">Ammattiopisto Tavastian monikulttuurisuusasiantuntijaryhm\u00e4 kokoontui 2.6.2025. Mukana oli yli 20 monikulttuurisuusverkoston yhteisty\u00f6kumppania ja tavastialaista. <\/p>\n\n\n\n<p class=\"is-style-default\">Mukana oli maahanmuutto- ja monikulttuurisuusty\u00f6n asiantuntijoita mm. Ty\u00f6H\u00e4meest\u00e4, Oma H\u00e4meest\u00e4, SPR:st\u00e4, Linnan Kehityksest\u00e4 ja Kotokunta Oy:n vastaanottokeskuksesta. Asiantuntijaryhmien p\u00e4\u00e4teht\u00e4vi\u00e4 ovat ennakointi ja koulutuksen laadun kehitt\u00e4minen.<\/p>\n\n\n\n<p>Olimme yhteisen kehitt\u00e4misen ytimess\u00e4, kun valmistelimme ja kokosimme ajatuksia Koulutuskuntayhtym\u00e4 Tavastian strategiaty\u00f6h\u00f6n ja monikulttuurisuusohjelmaan sek\u00e4 tulevaan vieraskielisten koulutustarjontaan pienryhmiss\u00e4.&nbsp;<\/p>\n\n\n\n<h3 class=\"wp-block-heading\">Paljon uutta tapahtuu<\/h3>\n\n\n\n<p>K\u00e4vimme ensin l\u00e4pi kehityssuuntia ammatillisessa koulutuksessa rehtori <strong>Mikko Siiril\u00e4n<\/strong> johdolla. Esiin nousivat mm. meneill\u00e4\u00e4n oleva kokeilulupaprosessi sek\u00e4 siihen liittyv\u00e4 mahdollisuus englanninkielisin tutkintoihin, mahdollisen HAMI-fuusion valmisteluty\u00f6, Tavastian strategiaty\u00f6 ja tiimiorganisaation tuomat mahdollisuudet.\u00a0<\/p>\n\n\n\n<p>Monikulttuurisuuskoordinaattori <strong>Tiina Alhainen<\/strong> kertoi Tavastian monikulttuurisuuden ajankohtaisia kuulumisia. Vieraskielisten opiskelijoiden osuus on taas saavuttanut enn\u00e4tyksen, 22 prosenttia opiskelijoista puhuu \u00e4idinkielen\u00e4\u00e4n muuta kuin suomea, ruotsia tai saamea. <\/p>\n\n\n<div class=\"wp-block-image\">\n<figure class=\"alignleft size-large is-resized\"><img loading=\"lazy\" decoding=\"async\" width=\"768\" height=\"1024\" src=\"https:\/\/www.kktavastia.fi\/media\/sites\/2\/3d39616e-5807-431a-a238-25cd9764827e-768x1024.jpeg\" alt=\"\" class=\"wp-image-100186\" style=\"width:400px\" srcset=\"https:\/\/www.kktavastia.fi\/media\/sites\/2\/3d39616e-5807-431a-a238-25cd9764827e-768x1024.jpeg 768w, https:\/\/www.kktavastia.fi\/media\/sites\/2\/3d39616e-5807-431a-a238-25cd9764827e-225x300.jpeg 225w, https:\/\/www.kktavastia.fi\/media\/sites\/2\/3d39616e-5807-431a-a238-25cd9764827e-1152x1536.jpeg 1152w, https:\/\/www.kktavastia.fi\/media\/sites\/2\/3d39616e-5807-431a-a238-25cd9764827e-345x460.jpeg 345w, https:\/\/www.kktavastia.fi\/media\/sites\/2\/3d39616e-5807-431a-a238-25cd9764827e-15x20.jpeg 15w, https:\/\/www.kktavastia.fi\/media\/sites\/2\/3d39616e-5807-431a-a238-25cd9764827e.jpeg 1200w\" sizes=\"auto, (max-width: 768px) 100vw, 768px\" \/><\/figure>\n<\/div>\n\n\n<p>Syksyn vieraskielisille suunnattu koulutustarjonta on enn\u00e4tyksellisen laaja, uutta on mm. hius- ja kauneudenhoitoalalla toimimisen perusteet maahanmuuttaneille, monipalveluosaaja p\u00e4iv\u00e4koteihin ja kouluihin \u2013koulutus maahanmuuttaneille ja pintak\u00e4sittelyalan koulutus maahanmuuttaneille. Valikoimassa jatkavat edelleen mm. suositut TUVA-koulutus, aikuisten maahanmuuttajien perusopetus ja hoiva-avustajakoulutus maahanmuuttaneille. Voit tutustua koulutuksiin <a href=\"https:\/\/www.kktavastia.fi\/media\/sites\/2\/koulutuksia-vieraskielisille_1-2025-2.pdf\">t\u00e4\u00e4ll\u00e4<\/a>.<\/p>\n\n\n\n<p>Vieraskielisten opiskelijoiden osalta el\u00e4mme muutosprosessissa. Alueen vastaanottokeskuksen toiminnan p\u00e4\u00e4ttymisen my\u00f6t\u00e4 ennakoimme tilap\u00e4ist\u00e4 suojelua saavien ja turvapaikanhakijoiden m\u00e4\u00e4r\u00e4n laskevan ja vastaavasti HAMK:iin opiskelemaan tulevien kansainv\u00e4listen opiskelijoiden perheenj\u00e4senten m\u00e4\u00e4r\u00e4n kasvavan. On t\u00e4rke\u00e4\u00e4 l\u00f6yt\u00e4\u00e4 keinot kiinnitt\u00e4\u00e4 heid\u00e4t seutukunnalle ja vahvistaa pitovoimaa koulutuksen keinoin. Koulutustarpeet muuttuvat. Mietimme my\u00f6s tilastoissa n\u00e4kyv\u00e4\u00e4 vieraskielisten ty\u00f6tt\u00f6mien ty\u00f6nhakijoiden vahvaa ammatillisen koulutuksen tarvetta ja toisaalta v\u00e4hentynytt\u00e4 aktivointiastetta koulutuspalveluissa H\u00e4meen Ely-keskuksen alueella.\u00a0<\/p>\n\n\n\n<h3 class=\"wp-block-heading\">Suuntia ja toiveita tulevaan verkostolta<\/h3>\n\n\n\n<p>Pienryhm\u00e4ty\u00f6skentelyss\u00e4 nousi esiin strategisia tavoitteita liittyen osallisuuden ja yhteis\u00f6\u00f6n kiinnittymisen vahvistamiseen, ty\u00f6yhteis\u00f6jen ja opetushenkil\u00f6st\u00f6n osaamisen ja asenneilmapiirin kehitt\u00e4miseen sek\u00e4 koulutustarjonnan moduloimiseen yhdess\u00e4 yritysten kanssa vastaamaan yh\u00e4 moninaisempien opiskelijoiden ja alueen ty\u00f6el\u00e4m\u00e4n tarpeita. Ty\u00f6llistymisen tuki on keskeist\u00e4, samoin oppimisen tuen saatavuus tulee varmistaa. Suomen kielen opetuksen tulee palvella yh\u00e4 erilaisemmalla osaamisella opiskelemaan tulevia lukutaidottomista korkeakoulututkinnon suorittaneisiin. <\/p>\n\n\n<div class=\"wp-block-image\">\n<figure class=\"alignleft size-large is-resized\"><img loading=\"lazy\" decoding=\"async\" width=\"1024\" height=\"768\" src=\"https:\/\/www.kktavastia.fi\/media\/sites\/2\/img_6462-1024x768.jpeg\" alt=\"\" class=\"wp-image-100187\" style=\"width:400px\" srcset=\"https:\/\/www.kktavastia.fi\/media\/sites\/2\/img_6462-1024x768.jpeg 1024w, https:\/\/www.kktavastia.fi\/media\/sites\/2\/img_6462-300x225.jpeg 300w, https:\/\/www.kktavastia.fi\/media\/sites\/2\/img_6462-768x576.jpeg 768w, https:\/\/www.kktavastia.fi\/media\/sites\/2\/img_6462-1536x1152.jpeg 1536w, https:\/\/www.kktavastia.fi\/media\/sites\/2\/img_6462-2048x1536.jpeg 2048w, https:\/\/www.kktavastia.fi\/media\/sites\/2\/img_6462-460x345.jpeg 460w, https:\/\/www.kktavastia.fi\/media\/sites\/2\/img_6462-20x15.jpeg 20w\" sizes=\"auto, (max-width: 1024px) 100vw, 1024px\" \/><\/figure>\n<\/div>\n\n\n<p>Koulutustarjontaan toivottiin mm. yritt\u00e4jyysosaamista, kauneudenhoitoalaa sek\u00e4 kokonaisuuksia, joissa yhdistyy eri tutkintojen sis\u00e4lt\u00f6j\u00e4 ja jotka ovat tutkinnon osan laajuisia tai sit\u00e4 lyhyempi\u00e4. Ketteryytt\u00e4 ja ty\u00f6el\u00e4m\u00e4l\u00e4ht\u00f6isyytt\u00e4 sek\u00e4 n\u00e4pp\u00e4ri\u00e4 ratkaisuja nopeaan ty\u00f6llistymiseen tarvitaan hyv\u00e4ll\u00e4 koulutustaustalla tuleville ja vastaavasti oppimisen ja muuta vahvaa tukea mm. lukutaitoa opiskeleville. Keskusteluissa korostui yritysten kanssa teht\u00e4v\u00e4n yhteisty\u00f6n merkitys niin koulutustarjonnan suunnittelussa, ty\u00f6llistymisen tukemisessa kuin ty\u00f6yhteis\u00f6jen monikulttuurisuusvalmiuksien vahvistamisessakin.<\/p>\n\n\n\n<h3 class=\"wp-block-heading\">Osaamista ja verkostoyhteisty\u00f6t\u00e4 opetusty\u00f6n tukena<\/h3>\n\n\n\n<p>Kuulimme kiinnostavan puheenvuoron, kun kotoutumisen erityisasiantuntija <strong>Tiina Hofstr\u00f6m<\/strong> kertoi Oma H\u00e4meen palveluista sosiaality\u00f6n erityiskysymyksiss\u00e4 mm. kunniav\u00e4kivaltaan, ihmiskauppaan, v\u00e4kivaltaiseen jihadismiin ja muuhun radikalisoitumiseen sek\u00e4 alaik\u00e4isten yksin tulleiden turvapaikanhakijoiden palveluihin liittyen. Teemojen k\u00e4sittely\u00e4 jatketaan Tavastiassa syksyll\u00e4.<\/p>\n\n\n\n<p>Projektip\u00e4\u00e4llik\u00f6t <strong>Tiina Tervaniemi <\/strong>(Oppien osallisuuteen ESR), Tiina Alhainen (KAI &#8211; kielitietoinen teko\u00e4lyosaaminen vieraskielisten ammatillisessa koulutuksessa ESR) ja <strong>Mirva Viitam\u00e4ki<\/strong> (Kansainv\u00e4lisyys voimavaraksi ESR) kertoivat hankkeidensa etenemisest\u00e4, tekiv\u00e4t nostoja toiminnasta ja kokemuksista sek\u00e4 toivottivat verkoston j\u00e4seni\u00e4 tuleviin hankkeiden tapahtumiin.<\/p>\n","protected":false},"excerpt":{"rendered":"<p>Ammattiopisto Tavastian monikulttuurisuusasiantuntijaryhm\u00e4 kokoontui 2.6.2025. Mukana oli yli 20 monikulttuurisuusverkoston yhteisty\u00f6kumppania ja tavastialaista. Mukana oli maahanmuutto- ja monikulttuurisuusty\u00f6n asiantuntijoita mm. [&hellip;]<\/p>\n","protected":false},"author":6,"featured_media":100185,"comment_status":"closed","ping_status":"closed","sticky":false,"template":"","format":"standard","meta":{"_acf_changed":false,"_relevanssi_hide_post":"","_relevanssi_hide_content":"","_relevanssi_pin_for_all":"","_relevanssi_pin_keywords":"","_relevanssi_unpin_keywords":"","_relevanssi_related_keywords":"","_relevanssi_related_include_ids":"","_relevanssi_related_exclude_ids":"","_relevanssi_related_no_append":"","_relevanssi_related_not_related":"","_relevanssi_related_posts":"7208,86225,15323,20744,1849,10498","_relevanssi_noindex_reason":"","footnotes":""},"categories":[1],"tags":[],"class_list":["post-100182","post","type-post","status-publish","format-standard","has-post-thumbnail","hentry","category-yleinen"],"acf":[],"yoast_head":"<title>Yhdess\u00e4 kohti tulevaa verkostoa kuullen - Ammattiopisto Tavastia<\/title>\n<meta name=\"robots\" content=\"index, follow, max-snippet:-1, max-image-preview:large, max-video-preview:-1\" \/>\n<link rel=\"canonical\" href=\"https:\/\/www.kktavastia.fi\/ammattiopisto\/2025\/06\/05\/yhdessa-kohti-tulevaa-verkostoa-kuullen\/\" \/>\n<meta property=\"og:locale\" content=\"fi_FI\" \/>\n<meta property=\"og:type\" content=\"article\" \/>\n<meta property=\"og:title\" content=\"Yhdess\u00e4 kohti tulevaa verkostoa kuullen - Ammattiopisto Tavastia\" \/>\n<meta property=\"og:description\" content=\"Ammattiopisto Tavastian monikulttuurisuusasiantuntijaryhm\u00e4 kokoontui 2.6.2025. Mukana oli yli 20 monikulttuurisuusverkoston yhteisty\u00f6kumppania ja tavastialaista. Mukana oli maahanmuutto- ja monikulttuurisuusty\u00f6n asiantuntijoita mm. [&hellip;]\" \/>\n<meta property=\"og:url\" content=\"https:\/\/www.kktavastia.fi\/ammattiopisto\/2025\/06\/05\/yhdessa-kohti-tulevaa-verkostoa-kuullen\/\" \/>\n<meta property=\"og:site_name\" content=\"Ammattiopisto Tavastia\" \/>\n<meta property=\"article:published_time\" content=\"2025-06-05T07:56:58+00:00\" \/>\n<meta property=\"article:modified_time\" content=\"2025-06-05T07:57:00+00:00\" \/>\n<meta property=\"og:image\" content=\"https:\/\/www.kktavastia.fi\/media\/sites\/2\/img_6463-scaled.jpeg\" \/>\n\t<meta property=\"og:image:width\" content=\"2560\" \/>\n\t<meta property=\"og:image:height\" content=\"1920\" \/>\n\t<meta property=\"og:image:type\" content=\"image\/jpeg\" \/>\n<meta name=\"author\" content=\"saraseppala\" \/>\n<meta name=\"twitter:card\" content=\"summary_large_image\" \/>\n<script type=\"application\/ld+json\" class=\"yoast-schema-graph\">{\"@context\":\"https:\\\/\\\/schema.org\",\"@graph\":[{\"@type\":\"Article\",\"@id\":\"https:\\\/\\\/www.kktavastia.fi\\\/ammattiopisto\\\/2025\\\/06\\\/05\\\/yhdessa-kohti-tulevaa-verkostoa-kuullen\\\/#article\",\"isPartOf\":{\"@id\":\"https:\\\/\\\/www.kktavastia.fi\\\/ammattiopisto\\\/2025\\\/06\\\/05\\\/yhdessa-kohti-tulevaa-verkostoa-kuullen\\\/\"},\"author\":{\"name\":\"saraseppala\",\"@id\":\"https:\\\/\\\/www.kktavastia.fi\\\/ammattiopisto\\\/#\\\/schema\\\/person\\\/817cce3016d2f14b9a7ed273534dcf4d\"},\"headline\":\"Yhdess\u00e4 kohti tulevaa verkostoa kuullen\",\"datePublished\":\"2025-06-05T07:56:58+00:00\",\"dateModified\":\"2025-06-05T07:57:00+00:00\",\"mainEntityOfPage\":{\"@id\":\"https:\\\/\\\/www.kktavastia.fi\\\/ammattiopisto\\\/2025\\\/06\\\/05\\\/yhdessa-kohti-tulevaa-verkostoa-kuullen\\\/\"},\"wordCount\":509,\"image\":{\"@id\":\"https:\\\/\\\/www.kktavastia.fi\\\/ammattiopisto\\\/2025\\\/06\\\/05\\\/yhdessa-kohti-tulevaa-verkostoa-kuullen\\\/#primaryimage\"},\"thumbnailUrl\":\"https:\\\/\\\/www.kktavastia.fi\\\/media\\\/sites\\\/2\\\/img_6463-scaled.jpeg\",\"inLanguage\":\"fi\"},{\"@type\":\"WebPage\",\"@id\":\"https:\\\/\\\/www.kktavastia.fi\\\/ammattiopisto\\\/2025\\\/06\\\/05\\\/yhdessa-kohti-tulevaa-verkostoa-kuullen\\\/\",\"url\":\"https:\\\/\\\/www.kktavastia.fi\\\/ammattiopisto\\\/2025\\\/06\\\/05\\\/yhdessa-kohti-tulevaa-verkostoa-kuullen\\\/\",\"name\":\"Yhdess\u00e4 kohti tulevaa verkostoa kuullen - Ammattiopisto Tavastia\",\"isPartOf\":{\"@id\":\"https:\\\/\\\/www.kktavastia.fi\\\/ammattiopisto\\\/#website\"},\"primaryImageOfPage\":{\"@id\":\"https:\\\/\\\/www.kktavastia.fi\\\/ammattiopisto\\\/2025\\\/06\\\/05\\\/yhdessa-kohti-tulevaa-verkostoa-kuullen\\\/#primaryimage\"},\"image\":{\"@id\":\"https:\\\/\\\/www.kktavastia.fi\\\/ammattiopisto\\\/2025\\\/06\\\/05\\\/yhdessa-kohti-tulevaa-verkostoa-kuullen\\\/#primaryimage\"},\"thumbnailUrl\":\"https:\\\/\\\/www.kktavastia.fi\\\/media\\\/sites\\\/2\\\/img_6463-scaled.jpeg\",\"datePublished\":\"2025-06-05T07:56:58+00:00\",\"dateModified\":\"2025-06-05T07:57:00+00:00\",\"author\":{\"@id\":\"https:\\\/\\\/www.kktavastia.fi\\\/ammattiopisto\\\/#\\\/schema\\\/person\\\/817cce3016d2f14b9a7ed273534dcf4d\"},\"breadcrumb\":{\"@id\":\"https:\\\/\\\/www.kktavastia.fi\\\/ammattiopisto\\\/2025\\\/06\\\/05\\\/yhdessa-kohti-tulevaa-verkostoa-kuullen\\\/#breadcrumb\"},\"inLanguage\":\"fi\",\"potentialAction\":[{\"@type\":\"ReadAction\",\"target\":[\"https:\\\/\\\/www.kktavastia.fi\\\/ammattiopisto\\\/2025\\\/06\\\/05\\\/yhdessa-kohti-tulevaa-verkostoa-kuullen\\\/\"]}]},{\"@type\":\"ImageObject\",\"inLanguage\":\"fi\",\"@id\":\"https:\\\/\\\/www.kktavastia.fi\\\/ammattiopisto\\\/2025\\\/06\\\/05\\\/yhdessa-kohti-tulevaa-verkostoa-kuullen\\\/#primaryimage\",\"url\":\"https:\\\/\\\/www.kktavastia.fi\\\/media\\\/sites\\\/2\\\/img_6463-scaled.jpeg\",\"contentUrl\":\"https:\\\/\\\/www.kktavastia.fi\\\/media\\\/sites\\\/2\\\/img_6463-scaled.jpeg\",\"width\":2560,\"height\":1920},{\"@type\":\"BreadcrumbList\",\"@id\":\"https:\\\/\\\/www.kktavastia.fi\\\/ammattiopisto\\\/2025\\\/06\\\/05\\\/yhdessa-kohti-tulevaa-verkostoa-kuullen\\\/#breadcrumb\",\"itemListElement\":[{\"@type\":\"ListItem\",\"position\":1,\"name\":\"Home\",\"item\":\"https:\\\/\\\/www.kktavastia.fi\\\/ammattiopisto\\\/\"},{\"@type\":\"ListItem\",\"position\":2,\"name\":\"Yhdess\u00e4 kohti tulevaa verkostoa kuullen\"}]},{\"@type\":\"WebSite\",\"@id\":\"https:\\\/\\\/www.kktavastia.fi\\\/ammattiopisto\\\/#website\",\"url\":\"https:\\\/\\\/www.kktavastia.fi\\\/ammattiopisto\\\/\",\"name\":\"Ammattiopisto Tavastia\",\"description\":\"\",\"potentialAction\":[{\"@type\":\"SearchAction\",\"target\":{\"@type\":\"EntryPoint\",\"urlTemplate\":\"https:\\\/\\\/www.kktavastia.fi\\\/ammattiopisto\\\/?s={search_term_string}\"},\"query-input\":{\"@type\":\"PropertyValueSpecification\",\"valueRequired\":true,\"valueName\":\"search_term_string\"}}],\"inLanguage\":\"fi\"},{\"@type\":\"Person\",\"@id\":\"https:\\\/\\\/www.kktavastia.fi\\\/ammattiopisto\\\/#\\\/schema\\\/person\\\/817cce3016d2f14b9a7ed273534dcf4d\",\"name\":\"saraseppala\",\"image\":{\"@type\":\"ImageObject\",\"inLanguage\":\"fi\",\"@id\":\"https:\\\/\\\/secure.gravatar.com\\\/avatar\\\/478c9f0d13d5df0e5e3d2ec80a1d93afb10baa5bf0f981b9874b9ad1ff76cafc?s=96&d=mm&r=g\",\"url\":\"https:\\\/\\\/secure.gravatar.com\\\/avatar\\\/478c9f0d13d5df0e5e3d2ec80a1d93afb10baa5bf0f981b9874b9ad1ff76cafc?s=96&d=mm&r=g\",\"contentUrl\":\"https:\\\/\\\/secure.gravatar.com\\\/avatar\\\/478c9f0d13d5df0e5e3d2ec80a1d93afb10baa5bf0f981b9874b9ad1ff76cafc?s=96&d=mm&r=g\",\"caption\":\"saraseppala\"},\"url\":\"https:\\\/\\\/www.kktavastia.fi\\\/ammattiopisto\\\/author\\\/saraseppala\\\/\"}]}<\/script>","yoast_head_json":{"title":"Yhdess\u00e4 kohti tulevaa verkostoa kuullen - Ammattiopisto Tavastia","robots":{"index":"index","follow":"follow","max-snippet":"max-snippet:-1","max-image-preview":"max-image-preview:large","max-video-preview":"max-video-preview:-1"},"canonical":"https:\/\/www.kktavastia.fi\/ammattiopisto\/2025\/06\/05\/yhdessa-kohti-tulevaa-verkostoa-kuullen\/","og_locale":"fi_FI","og_type":"article","og_title":"Yhdess\u00e4 kohti tulevaa verkostoa kuullen - Ammattiopisto Tavastia","og_description":"Ammattiopisto Tavastian monikulttuurisuusasiantuntijaryhm\u00e4 kokoontui 2.6.2025. Mukana oli yli 20 monikulttuurisuusverkoston yhteisty\u00f6kumppania ja tavastialaista. Mukana oli maahanmuutto- ja monikulttuurisuusty\u00f6n asiantuntijoita mm. [&hellip;]","og_url":"https:\/\/www.kktavastia.fi\/ammattiopisto\/2025\/06\/05\/yhdessa-kohti-tulevaa-verkostoa-kuullen\/","og_site_name":"Ammattiopisto Tavastia","article_published_time":"2025-06-05T07:56:58+00:00","article_modified_time":"2025-06-05T07:57:00+00:00","og_image":[{"width":2560,"height":1920,"url":"https:\/\/www.kktavastia.fi\/media\/sites\/2\/img_6463-scaled.jpeg","type":"image\/jpeg"}],"author":"saraseppala","twitter_card":"summary_large_image","schema":{"@context":"https:\/\/schema.org","@graph":[{"@type":"Article","@id":"https:\/\/www.kktavastia.fi\/ammattiopisto\/2025\/06\/05\/yhdessa-kohti-tulevaa-verkostoa-kuullen\/#article","isPartOf":{"@id":"https:\/\/www.kktavastia.fi\/ammattiopisto\/2025\/06\/05\/yhdessa-kohti-tulevaa-verkostoa-kuullen\/"},"author":{"name":"saraseppala","@id":"https:\/\/www.kktavastia.fi\/ammattiopisto\/#\/schema\/person\/817cce3016d2f14b9a7ed273534dcf4d"},"headline":"Yhdess\u00e4 kohti tulevaa verkostoa kuullen","datePublished":"2025-06-05T07:56:58+00:00","dateModified":"2025-06-05T07:57:00+00:00","mainEntityOfPage":{"@id":"https:\/\/www.kktavastia.fi\/ammattiopisto\/2025\/06\/05\/yhdessa-kohti-tulevaa-verkostoa-kuullen\/"},"wordCount":509,"image":{"@id":"https:\/\/www.kktavastia.fi\/ammattiopisto\/2025\/06\/05\/yhdessa-kohti-tulevaa-verkostoa-kuullen\/#primaryimage"},"thumbnailUrl":"https:\/\/www.kktavastia.fi\/media\/sites\/2\/img_6463-scaled.jpeg","inLanguage":"fi"},{"@type":"WebPage","@id":"https:\/\/www.kktavastia.fi\/ammattiopisto\/2025\/06\/05\/yhdessa-kohti-tulevaa-verkostoa-kuullen\/","url":"https:\/\/www.kktavastia.fi\/ammattiopisto\/2025\/06\/05\/yhdessa-kohti-tulevaa-verkostoa-kuullen\/","name":"Yhdess\u00e4 kohti tulevaa verkostoa kuullen - Ammattiopisto Tavastia","isPartOf":{"@id":"https:\/\/www.kktavastia.fi\/ammattiopisto\/#website"},"primaryImageOfPage":{"@id":"https:\/\/www.kktavastia.fi\/ammattiopisto\/2025\/06\/05\/yhdessa-kohti-tulevaa-verkostoa-kuullen\/#primaryimage"},"image":{"@id":"https:\/\/www.kktavastia.fi\/ammattiopisto\/2025\/06\/05\/yhdessa-kohti-tulevaa-verkostoa-kuullen\/#primaryimage"},"thumbnailUrl":"https:\/\/www.kktavastia.fi\/media\/sites\/2\/img_6463-scaled.jpeg","datePublished":"2025-06-05T07:56:58+00:00","dateModified":"2025-06-05T07:57:00+00:00","author":{"@id":"https:\/\/www.kktavastia.fi\/ammattiopisto\/#\/schema\/person\/817cce3016d2f14b9a7ed273534dcf4d"},"breadcrumb":{"@id":"https:\/\/www.kktavastia.fi\/ammattiopisto\/2025\/06\/05\/yhdessa-kohti-tulevaa-verkostoa-kuullen\/#breadcrumb"},"inLanguage":"fi","potentialAction":[{"@type":"ReadAction","target":["https:\/\/www.kktavastia.fi\/ammattiopisto\/2025\/06\/05\/yhdessa-kohti-tulevaa-verkostoa-kuullen\/"]}]},{"@type":"ImageObject","inLanguage":"fi","@id":"https:\/\/www.kktavastia.fi\/ammattiopisto\/2025\/06\/05\/yhdessa-kohti-tulevaa-verkostoa-kuullen\/#primaryimage","url":"https:\/\/www.kktavastia.fi\/media\/sites\/2\/img_6463-scaled.jpeg","contentUrl":"https:\/\/www.kktavastia.fi\/media\/sites\/2\/img_6463-scaled.jpeg","width":2560,"height":1920},{"@type":"BreadcrumbList","@id":"https:\/\/www.kktavastia.fi\/ammattiopisto\/2025\/06\/05\/yhdessa-kohti-tulevaa-verkostoa-kuullen\/#breadcrumb","itemListElement":[{"@type":"ListItem","position":1,"name":"Home","item":"https:\/\/www.kktavastia.fi\/ammattiopisto\/"},{"@type":"ListItem","position":2,"name":"Yhdess\u00e4 kohti tulevaa verkostoa kuullen"}]},{"@type":"WebSite","@id":"https:\/\/www.kktavastia.fi\/ammattiopisto\/#website","url":"https:\/\/www.kktavastia.fi\/ammattiopisto\/","name":"Ammattiopisto Tavastia","description":"","potentialAction":[{"@type":"SearchAction","target":{"@type":"EntryPoint","urlTemplate":"https:\/\/www.kktavastia.fi\/ammattiopisto\/?s={search_term_string}"},"query-input":{"@type":"PropertyValueSpecification","valueRequired":true,"valueName":"search_term_string"}}],"inLanguage":"fi"},{"@type":"Person","@id":"https:\/\/www.kktavastia.fi\/ammattiopisto\/#\/schema\/person\/817cce3016d2f14b9a7ed273534dcf4d","name":"saraseppala","image":{"@type":"ImageObject","inLanguage":"fi","@id":"https:\/\/secure.gravatar.com\/avatar\/478c9f0d13d5df0e5e3d2ec80a1d93afb10baa5bf0f981b9874b9ad1ff76cafc?s=96&d=mm&r=g","url":"https:\/\/secure.gravatar.com\/avatar\/478c9f0d13d5df0e5e3d2ec80a1d93afb10baa5bf0f981b9874b9ad1ff76cafc?s=96&d=mm&r=g","contentUrl":"https:\/\/secure.gravatar.com\/avatar\/478c9f0d13d5df0e5e3d2ec80a1d93afb10baa5bf0f981b9874b9ad1ff76cafc?s=96&d=mm&r=g","caption":"saraseppala"},"url":"https:\/\/www.kktavastia.fi\/ammattiopisto\/author\/saraseppala\/"}]}},"_links":{"self":[{"href":"https:\/\/www.kktavastia.fi\/ammattiopisto\/wp-json\/wp\/v2\/posts\/100182","targetHints":{"allow":["GET"]}}],"collection":[{"href":"https:\/\/www.kktavastia.fi\/ammattiopisto\/wp-json\/wp\/v2\/posts"}],"about":[{"href":"https:\/\/www.kktavastia.fi\/ammattiopisto\/wp-json\/wp\/v2\/types\/post"}],"author":[{"embeddable":true,"href":"https:\/\/www.kktavastia.fi\/ammattiopisto\/wp-json\/wp\/v2\/users\/6"}],"replies":[{"embeddable":true,"href":"https:\/\/www.kktavastia.fi\/ammattiopisto\/wp-json\/wp\/v2\/comments?post=100182"}],"version-history":[{"count":2,"href":"https:\/\/www.kktavastia.fi\/ammattiopisto\/wp-json\/wp\/v2\/posts\/100182\/revisions"}],"predecessor-version":[{"id":100191,"href":"https:\/\/www.kktavastia.fi\/ammattiopisto\/wp-json\/wp\/v2\/posts\/100182\/revisions\/100191"}],"wp:featuredmedia":[{"embeddable":true,"href":"https:\/\/www.kktavastia.fi\/ammattiopisto\/wp-json\/wp\/v2\/media\/100185"}],"wp:attachment":[{"href":"https:\/\/www.kktavastia.fi\/ammattiopisto\/wp-json\/wp\/v2\/media?parent=100182"}],"wp:term":[{"taxonomy":"category","embeddable":true,"href":"https:\/\/www.kktavastia.fi\/ammattiopisto\/wp-json\/wp\/v2\/categories?post=100182"},{"taxonomy":"post_tag","embeddable":true,"href":"https:\/\/www.kktavastia.fi\/ammattiopisto\/wp-json\/wp\/v2\/tags?post=100182"}],"curies":[{"name":"wp","href":"https:\/\/api.w.org\/{rel}","templated":true}]}}