{"id":14872,"date":"2021-03-26T08:56:49","date_gmt":"2021-03-26T06:56:49","guid":{"rendered":"https:\/\/www.kktavastia.fi\/ammattiopisto\/?post_type=blogarticle&#038;p=14872"},"modified":"2021-03-26T08:56:50","modified_gmt":"2021-03-26T06:56:50","slug":"puolusta-luontoa-ja-ilmastoa-anna-valomerkki","status":"publish","type":"blogarticle","link":"https:\/\/www.kktavastia.fi\/ammattiopisto\/blogi\/puolusta-luontoa-ja-ilmastoa-anna-valomerkki\/","title":{"rendered":"Puolusta luontoa ja ilmastoa \u2013 anna valomerkki"},"content":{"rendered":"\n<p>Earth Hour on ymp\u00e4rist\u00f6j\u00e4rjest\u00f6 WWF:n j\u00e4rjest\u00e4m\u00e4 maailman laajuinen ymp\u00e4rist\u00f6tapahtuma, jota vietet\u00e4\u00e4n lauantaina 27.3.2021. Tapahtuman aikana, lauantaina klo 20.30\u201321.30, sammutetaan kaikki turhat valot. Symbolisella eleell\u00e4 annetaan valomerkki luonnon ja ilmaston puolesta.<\/p>\n\n\n\n<div class=\"wp-block-image\"><figure class=\"alignright size-large is-resized\"><img loading=\"lazy\" decoding=\"async\" src=\"https:\/\/www.kktavastia.fi\/media\/sites\/2\/earth-mask-isolated-world-globe-mask-depicting-h-n-swine-flu-pandemic-covid-coronavirus-concept-earth-mask-202839685-969x1024.jpg\" alt=\"\" class=\"wp-image-14874\" width=\"485\" height=\"512\" srcset=\"https:\/\/www.kktavastia.fi\/media\/sites\/2\/earth-mask-isolated-world-globe-mask-depicting-h-n-swine-flu-pandemic-covid-coronavirus-concept-earth-mask-202839685-969x1024.jpg 969w, https:\/\/www.kktavastia.fi\/media\/sites\/2\/earth-mask-isolated-world-globe-mask-depicting-h-n-swine-flu-pandemic-covid-coronavirus-concept-earth-mask-202839685-284x300.jpg 284w, https:\/\/www.kktavastia.fi\/media\/sites\/2\/earth-mask-isolated-world-globe-mask-depicting-h-n-swine-flu-pandemic-covid-coronavirus-concept-earth-mask-202839685-768x811.jpg 768w, https:\/\/www.kktavastia.fi\/media\/sites\/2\/earth-mask-isolated-world-globe-mask-depicting-h-n-swine-flu-pandemic-covid-coronavirus-concept-earth-mask-202839685-1454x1536.jpg 1454w, https:\/\/www.kktavastia.fi\/media\/sites\/2\/earth-mask-isolated-world-globe-mask-depicting-h-n-swine-flu-pandemic-covid-coronavirus-concept-earth-mask-202839685-20x20.jpg 20w, https:\/\/www.kktavastia.fi\/media\/sites\/2\/earth-mask-isolated-world-globe-mask-depicting-h-n-swine-flu-pandemic-covid-coronavirus-concept-earth-mask-202839685.jpg 1600w\" sizes=\"auto, (max-width: 485px) 100vw, 485px\" \/><\/figure><\/div>\n\n\n\n<p>Earth Hour -tapahtumaa on j\u00e4rjestetty vuodesta 2007 ja se sai alkunsa Australian Sydneyst\u00e4. Silloin tapahtumaan osallistui yli kaksi miljoonaa ihmist\u00e4. Suomessa tapahtuma j\u00e4rjestettiin ensimm\u00e4isen kerran vuonna 2009. Viime vuonna tapahtumassa oli mukana 190 maata ja tapahtuman p\u00e4\u00e4paino oli verkossa. Earth Hour -p\u00e4ivitykset ker\u00e4siv\u00e4t somessa 4,7 miljardia n\u00e4ytt\u00f6kertaa. Toivottavasti sin\u00e4 olet my\u00f6s mukana t\u00e4n\u00e4 vuonna omilla p\u00e4ivityksill\u00e4si.<\/p>\n\n\n\n<p>T\u00e4n\u00e4 vuonna ker\u00e4t\u00e4\u00e4n yksityisilt\u00e4 ihmisilt\u00e4 ja yrityksilt\u00e4 lupauksia luonnon ja ilmaston hyv\u00e4ksi. K\u00e4vin antamassa oman lupaukseni planeetalle. K\u00e4y sin\u00e4kin lupaamassa <a href=\"https:\/\/wwf.fi\/earthhour\/\">t\u00e4\u00e4ll\u00e4<\/a>.<\/p>\n\n\n\n<p>Tavastian ilmastopuu on ker\u00e4nnyt my\u00f6s useita ilmastotekoja. Jos et viel\u00e4 ole kirjannut sinne omaasi, niin tee se nyt. Ilmastopuuhun p\u00e4\u00e4set <a href=\"https:\/\/kktavastia.padlet.org\/merja_kytoaho3\/ilmastonviikko\">liittym\u00e4\u00e4n t\u00e4st\u00e4.<\/a><\/p>\n\n\n\n<p>#minuntekoni #ilmastonviikkoh\u00e4meenlinna #earthhour<\/p>\n\n\n\n<div class=\"wp-block-image\"><figure class=\"aligncenter size-large is-resized\"><img loading=\"lazy\" decoding=\"async\" src=\"https:\/\/www.kktavastia.fi\/media\/sites\/2\/earth-hour-lupaukset-26032021-1024x606.jpg\" alt=\"\" class=\"wp-image-14873\" width=\"768\" height=\"455\" srcset=\"https:\/\/www.kktavastia.fi\/media\/sites\/2\/earth-hour-lupaukset-26032021-1024x606.jpg 1024w, https:\/\/www.kktavastia.fi\/media\/sites\/2\/earth-hour-lupaukset-26032021-300x178.jpg 300w, https:\/\/www.kktavastia.fi\/media\/sites\/2\/earth-hour-lupaukset-26032021-768x455.jpg 768w, https:\/\/www.kktavastia.fi\/media\/sites\/2\/earth-hour-lupaukset-26032021-20x12.jpg 20w, https:\/\/www.kktavastia.fi\/media\/sites\/2\/earth-hour-lupaukset-26032021.jpg 1297w\" sizes=\"auto, (max-width: 768px) 100vw, 768px\" \/><\/figure><\/div>\n","protected":false},"excerpt":{"rendered":"<p>Earth Hour on ymp\u00e4rist\u00f6j\u00e4rjest\u00f6 WWF:n j\u00e4rjest\u00e4m\u00e4 maailman laajuinen ymp\u00e4rist\u00f6tapahtuma, jota vietet\u00e4\u00e4n lauantaina 27.3.2021. Tapahtuman aikana, lauantaina klo 20.30\u201321.30, sammutetaan kaikki [&hellip;]<\/p>\n","protected":false},"author":11,"featured_media":14874,"menu_order":0,"template":"","format":"standard","blogcategory":[14],"class_list":["post-14872","blogarticle","type-blogarticle","status-publish","format-standard","has-post-thumbnail","hentry","blogcategory-ymparistoblogi"],"acf":[],"yoast_head":"<title>Puolusta luontoa ja ilmastoa \u2013 anna valomerkki - Ammattiopisto Tavastia<\/title>\n<meta name=\"robots\" content=\"index, follow, max-snippet:-1, max-image-preview:large, max-video-preview:-1\" \/>\n<link rel=\"canonical\" href=\"https:\/\/www.kktavastia.fi\/ammattiopisto\/blogi\/puolusta-luontoa-ja-ilmastoa-anna-valomerkki\/\" \/>\n<meta property=\"og:locale\" content=\"fi_FI\" \/>\n<meta property=\"og:type\" content=\"article\" \/>\n<meta property=\"og:title\" content=\"Puolusta luontoa ja ilmastoa \u2013 anna valomerkki - Ammattiopisto Tavastia\" \/>\n<meta property=\"og:description\" content=\"Earth Hour on ymp\u00e4rist\u00f6j\u00e4rjest\u00f6 WWF:n j\u00e4rjest\u00e4m\u00e4 maailman laajuinen ymp\u00e4rist\u00f6tapahtuma, jota vietet\u00e4\u00e4n lauantaina 27.3.2021. Tapahtuman aikana, lauantaina klo 20.30\u201321.30, sammutetaan kaikki [&hellip;]\" \/>\n<meta property=\"og:url\" content=\"https:\/\/www.kktavastia.fi\/ammattiopisto\/blogi\/puolusta-luontoa-ja-ilmastoa-anna-valomerkki\/\" \/>\n<meta property=\"og:site_name\" content=\"Ammattiopisto Tavastia\" \/>\n<meta property=\"article:modified_time\" content=\"2021-03-26T06:56:50+00:00\" \/>\n<meta property=\"og:image\" content=\"https:\/\/www.kktavastia.fi\/media\/sites\/2\/earth-mask-isolated-world-globe-mask-depicting-h-n-swine-flu-pandemic-covid-coronavirus-concept-earth-mask-202839685.jpg\" \/>\n\t<meta property=\"og:image:width\" content=\"1600\" \/>\n\t<meta property=\"og:image:height\" content=\"1690\" \/>\n\t<meta property=\"og:image:type\" content=\"image\/jpeg\" \/>\n<meta name=\"twitter:card\" content=\"summary_large_image\" \/>\n<script type=\"application\/ld+json\" class=\"yoast-schema-graph\">{\"@context\":\"https:\\\/\\\/schema.org\",\"@graph\":[{\"@type\":\"WebPage\",\"@id\":\"https:\\\/\\\/www.kktavastia.fi\\\/ammattiopisto\\\/blogi\\\/puolusta-luontoa-ja-ilmastoa-anna-valomerkki\\\/\",\"url\":\"https:\\\/\\\/www.kktavastia.fi\\\/ammattiopisto\\\/blogi\\\/puolusta-luontoa-ja-ilmastoa-anna-valomerkki\\\/\",\"name\":\"Puolusta luontoa ja ilmastoa \u2013 anna valomerkki - Ammattiopisto Tavastia\",\"isPartOf\":{\"@id\":\"https:\\\/\\\/www.kktavastia.fi\\\/ammattiopisto\\\/#website\"},\"primaryImageOfPage\":{\"@id\":\"https:\\\/\\\/www.kktavastia.fi\\\/ammattiopisto\\\/blogi\\\/puolusta-luontoa-ja-ilmastoa-anna-valomerkki\\\/#primaryimage\"},\"image\":{\"@id\":\"https:\\\/\\\/www.kktavastia.fi\\\/ammattiopisto\\\/blogi\\\/puolusta-luontoa-ja-ilmastoa-anna-valomerkki\\\/#primaryimage\"},\"thumbnailUrl\":\"https:\\\/\\\/www.kktavastia.fi\\\/media\\\/sites\\\/2\\\/earth-mask-isolated-world-globe-mask-depicting-h-n-swine-flu-pandemic-covid-coronavirus-concept-earth-mask-202839685.jpg\",\"datePublished\":\"2021-03-26T06:56:49+00:00\",\"dateModified\":\"2021-03-26T06:56:50+00:00\",\"breadcrumb\":{\"@id\":\"https:\\\/\\\/www.kktavastia.fi\\\/ammattiopisto\\\/blogi\\\/puolusta-luontoa-ja-ilmastoa-anna-valomerkki\\\/#breadcrumb\"},\"inLanguage\":\"fi\",\"potentialAction\":[{\"@type\":\"ReadAction\",\"target\":[\"https:\\\/\\\/www.kktavastia.fi\\\/ammattiopisto\\\/blogi\\\/puolusta-luontoa-ja-ilmastoa-anna-valomerkki\\\/\"]}]},{\"@type\":\"ImageObject\",\"inLanguage\":\"fi\",\"@id\":\"https:\\\/\\\/www.kktavastia.fi\\\/ammattiopisto\\\/blogi\\\/puolusta-luontoa-ja-ilmastoa-anna-valomerkki\\\/#primaryimage\",\"url\":\"https:\\\/\\\/www.kktavastia.fi\\\/media\\\/sites\\\/2\\\/earth-mask-isolated-world-globe-mask-depicting-h-n-swine-flu-pandemic-covid-coronavirus-concept-earth-mask-202839685.jpg\",\"contentUrl\":\"https:\\\/\\\/www.kktavastia.fi\\\/media\\\/sites\\\/2\\\/earth-mask-isolated-world-globe-mask-depicting-h-n-swine-flu-pandemic-covid-coronavirus-concept-earth-mask-202839685.jpg\",\"width\":1600,\"height\":1690},{\"@type\":\"BreadcrumbList\",\"@id\":\"https:\\\/\\\/www.kktavastia.fi\\\/ammattiopisto\\\/blogi\\\/puolusta-luontoa-ja-ilmastoa-anna-valomerkki\\\/#breadcrumb\",\"itemListElement\":[{\"@type\":\"ListItem\",\"position\":1,\"name\":\"Home\",\"item\":\"https:\\\/\\\/www.kktavastia.fi\\\/ammattiopisto\\\/\"},{\"@type\":\"ListItem\",\"position\":2,\"name\":\"Blogi\",\"item\":\"https:\\\/\\\/www.kktavastia.fi\\\/ammattiopisto\\\/blogi\\\/\"},{\"@type\":\"ListItem\",\"position\":3,\"name\":\"Puolusta luontoa ja ilmastoa \u2013 anna valomerkki\"}]},{\"@type\":\"WebSite\",\"@id\":\"https:\\\/\\\/www.kktavastia.fi\\\/ammattiopisto\\\/#website\",\"url\":\"https:\\\/\\\/www.kktavastia.fi\\\/ammattiopisto\\\/\",\"name\":\"Ammattiopisto Tavastia\",\"description\":\"\",\"potentialAction\":[{\"@type\":\"SearchAction\",\"target\":{\"@type\":\"EntryPoint\",\"urlTemplate\":\"https:\\\/\\\/www.kktavastia.fi\\\/ammattiopisto\\\/?s={search_term_string}\"},\"query-input\":{\"@type\":\"PropertyValueSpecification\",\"valueRequired\":true,\"valueName\":\"search_term_string\"}}],\"inLanguage\":\"fi\"}]}<\/script>","yoast_head_json":{"title":"Puolusta luontoa ja ilmastoa \u2013 anna valomerkki - Ammattiopisto Tavastia","robots":{"index":"index","follow":"follow","max-snippet":"max-snippet:-1","max-image-preview":"max-image-preview:large","max-video-preview":"max-video-preview:-1"},"canonical":"https:\/\/www.kktavastia.fi\/ammattiopisto\/blogi\/puolusta-luontoa-ja-ilmastoa-anna-valomerkki\/","og_locale":"fi_FI","og_type":"article","og_title":"Puolusta luontoa ja ilmastoa \u2013 anna valomerkki - Ammattiopisto Tavastia","og_description":"Earth Hour on ymp\u00e4rist\u00f6j\u00e4rjest\u00f6 WWF:n j\u00e4rjest\u00e4m\u00e4 maailman laajuinen ymp\u00e4rist\u00f6tapahtuma, jota vietet\u00e4\u00e4n lauantaina 27.3.2021. Tapahtuman aikana, lauantaina klo 20.30\u201321.30, sammutetaan kaikki [&hellip;]","og_url":"https:\/\/www.kktavastia.fi\/ammattiopisto\/blogi\/puolusta-luontoa-ja-ilmastoa-anna-valomerkki\/","og_site_name":"Ammattiopisto Tavastia","article_modified_time":"2021-03-26T06:56:50+00:00","og_image":[{"width":1600,"height":1690,"url":"https:\/\/www.kktavastia.fi\/media\/sites\/2\/earth-mask-isolated-world-globe-mask-depicting-h-n-swine-flu-pandemic-covid-coronavirus-concept-earth-mask-202839685.jpg","type":"image\/jpeg"}],"twitter_card":"summary_large_image","schema":{"@context":"https:\/\/schema.org","@graph":[{"@type":"WebPage","@id":"https:\/\/www.kktavastia.fi\/ammattiopisto\/blogi\/puolusta-luontoa-ja-ilmastoa-anna-valomerkki\/","url":"https:\/\/www.kktavastia.fi\/ammattiopisto\/blogi\/puolusta-luontoa-ja-ilmastoa-anna-valomerkki\/","name":"Puolusta luontoa ja ilmastoa \u2013 anna valomerkki - Ammattiopisto Tavastia","isPartOf":{"@id":"https:\/\/www.kktavastia.fi\/ammattiopisto\/#website"},"primaryImageOfPage":{"@id":"https:\/\/www.kktavastia.fi\/ammattiopisto\/blogi\/puolusta-luontoa-ja-ilmastoa-anna-valomerkki\/#primaryimage"},"image":{"@id":"https:\/\/www.kktavastia.fi\/ammattiopisto\/blogi\/puolusta-luontoa-ja-ilmastoa-anna-valomerkki\/#primaryimage"},"thumbnailUrl":"https:\/\/www.kktavastia.fi\/media\/sites\/2\/earth-mask-isolated-world-globe-mask-depicting-h-n-swine-flu-pandemic-covid-coronavirus-concept-earth-mask-202839685.jpg","datePublished":"2021-03-26T06:56:49+00:00","dateModified":"2021-03-26T06:56:50+00:00","breadcrumb":{"@id":"https:\/\/www.kktavastia.fi\/ammattiopisto\/blogi\/puolusta-luontoa-ja-ilmastoa-anna-valomerkki\/#breadcrumb"},"inLanguage":"fi","potentialAction":[{"@type":"ReadAction","target":["https:\/\/www.kktavastia.fi\/ammattiopisto\/blogi\/puolusta-luontoa-ja-ilmastoa-anna-valomerkki\/"]}]},{"@type":"ImageObject","inLanguage":"fi","@id":"https:\/\/www.kktavastia.fi\/ammattiopisto\/blogi\/puolusta-luontoa-ja-ilmastoa-anna-valomerkki\/#primaryimage","url":"https:\/\/www.kktavastia.fi\/media\/sites\/2\/earth-mask-isolated-world-globe-mask-depicting-h-n-swine-flu-pandemic-covid-coronavirus-concept-earth-mask-202839685.jpg","contentUrl":"https:\/\/www.kktavastia.fi\/media\/sites\/2\/earth-mask-isolated-world-globe-mask-depicting-h-n-swine-flu-pandemic-covid-coronavirus-concept-earth-mask-202839685.jpg","width":1600,"height":1690},{"@type":"BreadcrumbList","@id":"https:\/\/www.kktavastia.fi\/ammattiopisto\/blogi\/puolusta-luontoa-ja-ilmastoa-anna-valomerkki\/#breadcrumb","itemListElement":[{"@type":"ListItem","position":1,"name":"Home","item":"https:\/\/www.kktavastia.fi\/ammattiopisto\/"},{"@type":"ListItem","position":2,"name":"Blogi","item":"https:\/\/www.kktavastia.fi\/ammattiopisto\/blogi\/"},{"@type":"ListItem","position":3,"name":"Puolusta luontoa ja ilmastoa \u2013 anna valomerkki"}]},{"@type":"WebSite","@id":"https:\/\/www.kktavastia.fi\/ammattiopisto\/#website","url":"https:\/\/www.kktavastia.fi\/ammattiopisto\/","name":"Ammattiopisto Tavastia","description":"","potentialAction":[{"@type":"SearchAction","target":{"@type":"EntryPoint","urlTemplate":"https:\/\/www.kktavastia.fi\/ammattiopisto\/?s={search_term_string}"},"query-input":{"@type":"PropertyValueSpecification","valueRequired":true,"valueName":"search_term_string"}}],"inLanguage":"fi"}]}},"_links":{"self":[{"href":"https:\/\/www.kktavastia.fi\/ammattiopisto\/wp-json\/wp\/v2\/blogarticle\/14872","targetHints":{"allow":["GET"]}}],"collection":[{"href":"https:\/\/www.kktavastia.fi\/ammattiopisto\/wp-json\/wp\/v2\/blogarticle"}],"about":[{"href":"https:\/\/www.kktavastia.fi\/ammattiopisto\/wp-json\/wp\/v2\/types\/blogarticle"}],"author":[{"embeddable":true,"href":"https:\/\/www.kktavastia.fi\/ammattiopisto\/wp-json\/wp\/v2\/users\/11"}],"version-history":[{"count":1,"href":"https:\/\/www.kktavastia.fi\/ammattiopisto\/wp-json\/wp\/v2\/blogarticle\/14872\/revisions"}],"predecessor-version":[{"id":14875,"href":"https:\/\/www.kktavastia.fi\/ammattiopisto\/wp-json\/wp\/v2\/blogarticle\/14872\/revisions\/14875"}],"wp:featuredmedia":[{"embeddable":true,"href":"https:\/\/www.kktavastia.fi\/ammattiopisto\/wp-json\/wp\/v2\/media\/14874"}],"wp:attachment":[{"href":"https:\/\/www.kktavastia.fi\/ammattiopisto\/wp-json\/wp\/v2\/media?parent=14872"}],"wp:term":[{"taxonomy":"blogcategory","embeddable":true,"href":"https:\/\/www.kktavastia.fi\/ammattiopisto\/wp-json\/wp\/v2\/blogcategory?post=14872"}],"curies":[{"name":"wp","href":"https:\/\/api.w.org\/{rel}","templated":true}]}}